{"id":19553,"date":"2025-03-20T11:33:24","date_gmt":"2025-03-20T14:33:24","guid":{"rendered":"https:\/\/aconteceemmacaeeregiao.com.br\/?p=19553"},"modified":"2025-03-20T11:33:24","modified_gmt":"2025-03-20T14:33:24","slug":"foresea-lanca-ciclo-2025-do-projeto-educacao-integral-para-capacitar-gestores-escolares-na-rede-municipal-de-macae","status":"publish","type":"post","link":"https:\/\/aconteceemmacaeeregiao.com.br\/index.php\/2025\/03\/20\/foresea-lanca-ciclo-2025-do-projeto-educacao-integral-para-capacitar-gestores-escolares-na-rede-municipal-de-macae\/","title":{"rendered":"Foresea lan\u00e7a ciclo 2025 do Projeto Educa\u00e7\u00e3o Integral, para capacitar gestores escolares na rede municipal de Maca\u00e9\u00a0"},"content":{"rendered":"\n<p><em><strong>Projeto \u00e9 um dos eixos do Programa Socioambiental da Foresea que, em 2024, investiu R$ 1 milh\u00e3o nas \u00e1reas de Educa\u00e7\u00e3o Integral e de Economia Verde no munic\u00edpio<\/strong><\/em><\/p>\n\n\n\n<p>Em evento realizado na tarde desta ter\u00e7a-feira (18\/03), no audit\u00f3rio da Universidade Federal do Rio de Janeiro (UFRJ) em Maca\u00e9, a <a href=\"https:\/\/aconteceemmacaeeregiao.com.br\/index.php\/2024\/07\/05\/foresea-promove-acao-solidaria-em-macae\/\" title=\"Foresea promove a\u00e7\u00e3o solid\u00e1ria em Maca\u00e9\">Foresea <\/a>\u2014 empresa refer\u00eancia no setor de perfura\u00e7\u00e3o offshore \u2014 anunciou o in\u00edcio do segundo ano de atividades do Projeto Educa\u00e7\u00e3o Integral, que visa capacitar gestores escolares para aumentar a qualidade do ensino na rede municipal. Desenvolvido em parceria com a Secretaria de Educa\u00e7\u00e3o de Maca\u00e9 e a consultoria Transforma.ai, o projeto tem como meta para 2025 atingir 100% da rede p\u00fablica municipal, com encontros formativos presenciais e virtuais, envolvendo os gestores escolares na cidade. O evento reuniu diretores escolares, professores, integrantes da Foresea e representantes da secretaria de Educa\u00e7\u00e3o de Maca\u00e9. Em 2004, no primeiro ciclo do Projeto, foram capacitados 185 gestores escolares, que representaram a totalidade da rede p\u00fablica do munic\u00edpio.<\/p>\n\n\n\n<p>&#8220;A <a href=\"https:\/\/aconteceemmacaeeregiao.com.br\/index.php\/category\/educacao\/\" title=\"Educa\u00e7\u00e3o\">Educa\u00e7\u00e3o <\/a>Integral \u00e9 um eixo do Programa de Responsabilidade Socioambiental da Foresea, que tamb\u00e9m atua com a\u00e7\u00f5es voltadas para a Economia Verde. O desenvolvimento socioambiental \u00e9 um valor fundamental para a companhia e estamos colocando toda nossa expertise em gest\u00e3o a servi\u00e7o desse programa. O que n\u00f3s desejamos com o Foresea Socioambiental, que agora chega ao seu segundo ano, \u00e9 criar um legado de impacto positivo com gera\u00e7\u00e3o de valor, de modo sustent\u00e1vel, nas comunidades onde atuamos&#8221;, ressalta o Vice-presidente de Sustentabilidade da Foresea, Marco Aur\u00e9lio Fonseca.<br><br>Al\u00e9m de apresentar os temas dos ciclos de forma\u00e7\u00e3o que ser\u00e3o realizados com os gestores escolares ao longo do ano, o evento contou tamb\u00e9m com um debate sobre o uso consciente da tecnologia e <a href=\"https:\/\/aconteceemmacaeeregiao.com.br\/index.php\/2023\/08\/30\/autismo-inteligencia-artificial-e-comunicacao-alternativa-aumentativa\/\" title=\"Autismo, Intelig\u00eancia Artificial e Comunica\u00e7\u00e3o Alternativa Aumentativa\">intelig\u00eancia artificial <\/a>na educa\u00e7\u00e3o. Participaram do debate os especialistas convidados Fernando Tsukumo (docente da USP, especialista em experi\u00eancias l\u00fadicas para o aprendizado e fundador da empresa Sua Vez, focada na cria\u00e7\u00e3o destas experi\u00eancias) e Juliane Cavalcante (especialista em educomunica\u00e7\u00e3o e aprendizagem digital, fundadora da Futurando Aprendizagem Corporativa e do projeto Tela Consciente).<\/p>\n\n\n<div class=\"wp-block-image\">\n<figure class=\"aligncenter size-full is-resized\"><img fetchpriority=\"high\" decoding=\"async\" width=\"400\" height=\"224\" src=\"https:\/\/aconteceemmacaeeregiao.com.br\/wp-content\/uploads\/2025\/03\/WhatsApp-Image-2025-03-19-at-19.20.03.jpeg\" alt=\"\" class=\"wp-image-19555\" style=\"width:622px;height:auto\" srcset=\"https:\/\/aconteceemmacaeeregiao.com.br\/wp-content\/uploads\/2025\/03\/WhatsApp-Image-2025-03-19-at-19.20.03.jpeg 400w, https:\/\/aconteceemmacaeeregiao.com.br\/wp-content\/uploads\/2025\/03\/WhatsApp-Image-2025-03-19-at-19.20.03-300x168.jpeg 300w\" sizes=\"(max-width: 400px) 100vw, 400px\" \/><figcaption class=\"wp-element-caption\">Gestores escolares participaram do evento de lan\u00e7amento do Projeto Educa\u00e7\u00e3o Integral, em Maca\u00e9<\/figcaption><\/figure>\n<\/div>\n\n\n<p><br>As oficinas com representantes da dire\u00e7\u00e3o das <a href=\"https:\/\/aconteceemmacaeeregiao.com.br\/index.php\/2024\/01\/24\/inovacao-tecnologica-reforca-prevencao-de-desastres-em-macae\/\" title=\"Inova\u00e7\u00e3o tecnol\u00f3gica refor\u00e7a preven\u00e7\u00e3o de desastres em Maca\u00e9\">escolas municipais de Maca\u00e9<\/a> est\u00e3o previstas para os meses de abril, junho, agosto e novembro e fazem parte da forma\u00e7\u00e3o continuada em compet\u00eancias de gest\u00e3o para gestoras e gestores escolares, iniciada pelo programa em 2024.<br><br>&#8220;O principal objetivo do Projeto Educa\u00e7\u00e3o Integral 2025 \u00e9 acompanhar o desenvolvimento dos gestores, incentivando a participa\u00e7\u00e3o ativa e a aplica\u00e7\u00e3o dos conhecimentos adquiridos nas unidades escolares do munic\u00edpio&#8221;, explicou a coordenadora do Programa Foresea Socioambiental, Jocelina Valle, durante o evento de lan\u00e7amento do ciclo 2025 do projeto.<\/p>\n","protected":false},"excerpt":{"rendered":"<p>Projeto \u00e9 um dos eixos do Programa Socioambiental da Foresea que, em 2024, investiu R$ 1 milh\u00e3o nas \u00e1reas de Educa\u00e7\u00e3o Integral e de Economia Verde no munic\u00edpio Em evento realizado na tarde desta ter\u00e7a-feira (18\/03), no audit\u00f3rio da Universidade Federal do Rio de Janeiro (UFRJ) em Maca\u00e9, a Foresea \u2014 empresa refer\u00eancia no setor [&hellip;]<\/p>\n","protected":false},"author":2,"featured_media":19554,"comment_status":"closed","ping_status":"closed","sticky":false,"template":"","format":"standard","meta":{"postBodyCss":"","postBodyMargin":[],"postBodyPadding":[],"postBodyBackground":{"backgroundType":"classic","gradient":""},"footnotes":""},"categories":[61,42],"tags":[175,455,1051,193],"class_list":["post-19553","post","type-post","status-publish","format-standard","has-post-thumbnail","hentry","category-educacao","category-macae","tag-desenvolvimento","tag-escola-publica","tag-foresea","tag-professores"],"aioseo_notices":[],"_links":{"self":[{"href":"https:\/\/aconteceemmacaeeregiao.com.br\/index.php\/wp-json\/wp\/v2\/posts\/19553","targetHints":{"allow":["GET"]}}],"collection":[{"href":"https:\/\/aconteceemmacaeeregiao.com.br\/index.php\/wp-json\/wp\/v2\/posts"}],"about":[{"href":"https:\/\/aconteceemmacaeeregiao.com.br\/index.php\/wp-json\/wp\/v2\/types\/post"}],"author":[{"embeddable":true,"href":"https:\/\/aconteceemmacaeeregiao.com.br\/index.php\/wp-json\/wp\/v2\/users\/2"}],"replies":[{"embeddable":true,"href":"https:\/\/aconteceemmacaeeregiao.com.br\/index.php\/wp-json\/wp\/v2\/comments?post=19553"}],"version-history":[{"count":0,"href":"https:\/\/aconteceemmacaeeregiao.com.br\/index.php\/wp-json\/wp\/v2\/posts\/19553\/revisions"}],"wp:featuredmedia":[{"embeddable":true,"href":"https:\/\/aconteceemmacaeeregiao.com.br\/index.php\/wp-json\/wp\/v2\/media\/19554"}],"wp:attachment":[{"href":"https:\/\/aconteceemmacaeeregiao.com.br\/index.php\/wp-json\/wp\/v2\/media?parent=19553"}],"wp:term":[{"taxonomy":"category","embeddable":true,"href":"https:\/\/aconteceemmacaeeregiao.com.br\/index.php\/wp-json\/wp\/v2\/categories?post=19553"},{"taxonomy":"post_tag","embeddable":true,"href":"https:\/\/aconteceemmacaeeregiao.com.br\/index.php\/wp-json\/wp\/v2\/tags?post=19553"}],"curies":[{"name":"wp","href":"https:\/\/api.w.org\/{rel}","templated":true}]}}