{"id":19589,"date":"2025-03-24T19:20:02","date_gmt":"2025-03-24T22:20:02","guid":{"rendered":"https:\/\/aconteceemmacaeeregiao.com.br\/?p=19589"},"modified":"2025-03-24T19:20:44","modified_gmt":"2025-03-24T22:20:44","slug":"rio-das-ostras-jazz-blues-festival-confirma-atracoes-internacionais-para-2025","status":"publish","type":"post","link":"https:\/\/aconteceemmacaeeregiao.com.br\/index.php\/2025\/03\/24\/rio-das-ostras-jazz-blues-festival-confirma-atracoes-internacionais-para-2025\/","title":{"rendered":"Rio das Ostras Jazz &#038; Blues Festival confirma atra\u00e7\u00f5es internacionais para 2025"},"content":{"rendered":"\n<p>O <strong>Rio das Ostras J<a href=\"https:\/\/aconteceemmacaeeregiao.com.br\/index.php\/2023\/05\/15\/festival-jazz-blues-macae-acontece-no-fim-do-mes\/\" title=\"Festival Jazz &amp; Blues Maca\u00e9 acontece no fim do m\u00eas\">azz &amp; Blues Festival<\/a><\/strong> anunciou os primeiros nomes confirmados para a edi\u00e7\u00e3o de 2025. Entre os destaques internacionais, estar\u00e3o o cantor <strong>Jos\u00e9 James<\/strong>, o pianista cubano <strong>Alfredo Rodriguez<\/strong> e o guitarrista <strong>Mike Stern<\/strong>. Representando o Brasil, o evento contar\u00e1 com o talento do pianista <strong>Amaro Freitas<\/strong> e da ic\u00f4nica banda <strong>Black Rio<\/strong>.<\/p>\n\n\n\n<h3 class=\"wp-block-heading\"><strong>Edi\u00e7\u00e3o 2025 promete programa\u00e7\u00e3o grandiosa<\/strong><\/h3>\n\n\n\n<p>O festival acontecer\u00e1 entre os dias <strong>19 e 22 de junho<\/strong>, durante o feriado de Corpus Christi, e manter\u00e1 seus <strong>cinco palcos tradicionais<\/strong>:<br><strong>Palco Concha<\/strong> \u2013 Pra\u00e7a S\u00e3o Pedro<br><strong>Palco Iriry<\/strong> \u2013 Anfiteatro da Lagoa do Iriry<br><strong>Palco Boca da Barra<\/strong><br><strong>Palco Arthur Maia<\/strong> \u2013 Casa do Jazz, com artistas regionais<br><strong>Cidade do Jazz<\/strong> \u2013 \u00c1rea de Eventos de Costazul<\/p>\n\n\n\n<p>Al\u00e9m dos shows, est\u00e3o programadas <strong>jam sessions e workshops<\/strong> para m\u00fasicos e entusiastas do jazz e blues.<\/p>\n\n\n\n<h3 class=\"wp-block-heading\"><strong>Impacto cultural e econ\u00f4mico<\/strong><\/h3>\n\n\n\n<p>O evento, que j\u00e1 atraiu mais de <strong>50 mil pessoas<\/strong> em edi\u00e7\u00f5es anteriores, movimenta o turismo e a economia local.<\/p>\n\n\n\n<p>\u201cO festival gera empregos, fortalece o com\u00e9rcio e impulsiona o setor de servi\u00e7os da cidade\u201d, destacou <strong>Marcelo Ayres<\/strong>, presidente do Sindicom\u00e9rcio.<\/p>\n\n\n\n<p>Segundo o produtor <strong>St\u00eanio Matos<\/strong>, o compromisso do festival \u00e9 oferecer uma experi\u00eancia musical de excel\u00eancia:<\/p>\n\n\n\n<blockquote class=\"wp-block-quote is-layout-flow wp-block-quote-is-layout-flow\">\n<p>\u201cAl\u00e9m dos artistas j\u00e1 confirmados, estamos fechando novas atra\u00e7\u00f5es internacionais que v\u00e3o surpreender o p\u00fablico e manter o festival no topo do cen\u00e1rio do jazz e blues no Brasil.\u201d<\/p>\n<\/blockquote>\n\n\n\n<p>Com grandes nomes j\u00e1 garantidos, a expectativa \u00e9 que a edi\u00e7\u00e3o de 2025 continue sendo um dos eventos mais importantes do g\u00eanero no pa\u00eds.<\/p>\n\n\n\n<p><em><a href=\"https:\/\/g1.globo.com\/rj\/regiao-dos-lagos\/noticia\/2025\/03\/14\/jazz-and-blues-de-rio-das-ostras-tem-nomes-internacionais-confirmados.ghtml\" title=\"\">Fonte: Portal G1<\/a><\/em><\/p>\n","protected":false},"excerpt":{"rendered":"<p>O Rio das Ostras Jazz &amp; Blues Festival anunciou os primeiros nomes confirmados para a edi\u00e7\u00e3o de 2025. Entre os destaques internacionais, estar\u00e3o o cantor Jos\u00e9 James, o pianista cubano Alfredo Rodriguez e o guitarrista Mike Stern. Representando o Brasil, o evento contar\u00e1 com o talento do pianista Amaro Freitas e da ic\u00f4nica banda Black [&hellip;]<\/p>\n","protected":false},"author":2,"featured_media":19591,"comment_status":"closed","ping_status":"closed","sticky":false,"template":"","format":"standard","meta":{"postBodyCss":"","postBodyMargin":[],"postBodyPadding":[],"postBodyBackground":{"backgroundType":"classic","gradient":""},"footnotes":""},"categories":[46,49],"tags":[461,521,90],"class_list":["post-19589","post","type-post","status-publish","format-standard","has-post-thumbnail","hentry","category-diversao","category-rio-das-ostras","tag-festival","tag-jazz-e-blues","tag-shows"],"aioseo_notices":[],"_links":{"self":[{"href":"https:\/\/aconteceemmacaeeregiao.com.br\/index.php\/wp-json\/wp\/v2\/posts\/19589","targetHints":{"allow":["GET"]}}],"collection":[{"href":"https:\/\/aconteceemmacaeeregiao.com.br\/index.php\/wp-json\/wp\/v2\/posts"}],"about":[{"href":"https:\/\/aconteceemmacaeeregiao.com.br\/index.php\/wp-json\/wp\/v2\/types\/post"}],"author":[{"embeddable":true,"href":"https:\/\/aconteceemmacaeeregiao.com.br\/index.php\/wp-json\/wp\/v2\/users\/2"}],"replies":[{"embeddable":true,"href":"https:\/\/aconteceemmacaeeregiao.com.br\/index.php\/wp-json\/wp\/v2\/comments?post=19589"}],"version-history":[{"count":0,"href":"https:\/\/aconteceemmacaeeregiao.com.br\/index.php\/wp-json\/wp\/v2\/posts\/19589\/revisions"}],"wp:featuredmedia":[{"embeddable":true,"href":"https:\/\/aconteceemmacaeeregiao.com.br\/index.php\/wp-json\/wp\/v2\/media\/19591"}],"wp:attachment":[{"href":"https:\/\/aconteceemmacaeeregiao.com.br\/index.php\/wp-json\/wp\/v2\/media?parent=19589"}],"wp:term":[{"taxonomy":"category","embeddable":true,"href":"https:\/\/aconteceemmacaeeregiao.com.br\/index.php\/wp-json\/wp\/v2\/categories?post=19589"},{"taxonomy":"post_tag","embeddable":true,"href":"https:\/\/aconteceemmacaeeregiao.com.br\/index.php\/wp-json\/wp\/v2\/tags?post=19589"}],"curies":[{"name":"wp","href":"https:\/\/api.w.org\/{rel}","templated":true}]}}