{"id":19599,"date":"2025-03-24T19:33:50","date_gmt":"2025-03-24T22:33:50","guid":{"rendered":"https:\/\/aconteceemmacaeeregiao.com.br\/?p=19599"},"modified":"2025-03-24T19:33:51","modified_gmt":"2025-03-24T22:33:51","slug":"familia-pede-revisao-da-demissao-de-medicos-apos-caso-de-falsa-gravidez-em-cabo-frio","status":"publish","type":"post","link":"https:\/\/aconteceemmacaeeregiao.com.br\/index.php\/2025\/03\/24\/familia-pede-revisao-da-demissao-de-medicos-apos-caso-de-falsa-gravidez-em-cabo-frio\/","title":{"rendered":"Fam\u00edlia pede revis\u00e3o da demiss\u00e3o de m\u00e9dicos ap\u00f3s caso de falsa gravidez em Cabo Frio"},"content":{"rendered":"\n<p class=\"wp-block-paragraph\">A fam\u00edlia da jovem que passou por uma <strong>ces\u00e1rea sem gesta\u00e7\u00e3o<\/strong> no Hospital da Mulher, em <a href=\"https:\/\/aconteceemmacaeeregiao.com.br\/index.php\/category\/regiao\/cabo-frio\/\" title=\"Cabo Frio\">Cabo Frio<\/a>, na \u00faltima sexta-feira (21), pediu que a Prefeitura <strong>revise a demiss\u00e3o dos m\u00e9dicos envolvidos<\/strong> no procedimento. A exonera\u00e7\u00e3o foi anunciada ap\u00f3s a equipe constatar, durante a cirurgia, que a paciente <strong>n\u00e3o estava gr\u00e1vida<\/strong>, apesar de afirmar esperar g\u00eameos.<\/p>\n\n\n\n<h3 class=\"wp-block-heading\"><strong>Fam\u00edlia se responsabiliza pela press\u00e3o para o parto<\/strong><\/h3>\n\n\n\n<p class=\"wp-block-paragraph\">O companheiro da jovem, <strong>Douglas Silva<\/strong>, afirmou estar confuso com a situa\u00e7\u00e3o, mas destacou que os profissionais sempre trataram a fam\u00edlia com respeito. Segundo ele, foram os pr\u00f3prios familiares que pressionaram para que a ces\u00e1rea fosse realizada.<\/p>\n\n\n\n<blockquote class=\"wp-block-quote is-layout-flow wp-block-quote-is-layout-flow\">\n<p class=\"wp-block-paragraph\">\u201cA gente insistiu para que o parto acontecesse logo porque ela tinha exames recentes\u201d, disse Douglas.<\/p>\n<\/blockquote>\n\n\n\n<p class=\"wp-block-paragraph\">A sogra da paciente, <strong>Cristiane Silva<\/strong>, refor\u00e7ou que pressionou a interna\u00e7\u00e3o e a realiza\u00e7\u00e3o do parto por acreditar que a jovem j\u00e1 estava com <strong>39 semanas de gesta\u00e7\u00e3o<\/strong>, um tempo avan\u00e7ado para uma gravidez de g\u00eameos.<\/p>\n\n\n\n<blockquote class=\"wp-block-quote is-layout-flow wp-block-quote-is-layout-flow\">\n<p class=\"wp-block-paragraph\">\u201cFui eu que insisti desde cedo, porque ela estava em jejum, com os exames todos recentes. Agora os m\u00e9dicos foram mandados embora e a culpa n\u00e3o \u00e9 deles\u201d, afirmou.<\/p>\n<\/blockquote>\n\n\n\n<h3 class=\"wp-block-heading\"><strong>Prefeitura ainda n\u00e3o se pronunciou<\/strong><\/h3>\n\n\n\n<p class=\"wp-block-paragraph\">A irm\u00e3 de Douglas, <strong>Thainara Silva<\/strong>, que tamb\u00e9m est\u00e1 gr\u00e1vida, destacou que os m\u00e9dicos sempre prestaram um bom atendimento e questionou a decis\u00e3o da demiss\u00e3o.<\/p>\n\n\n\n<p class=\"wp-block-paragraph\">At\u00e9 o momento, a <strong>Prefeitura de Cabo Frio n\u00e3o comentou oficialmente<\/strong> sobre o pedido da fam\u00edlia para rever a exonera\u00e7\u00e3o dos profissionais envolvidos no caso.<\/p>\n\n\n\n<p class=\"wp-block-paragraph\"><em><a href=\"https:\/\/odia.ig.com.br\/cabo-frio\/2025\/03\/7025482-familia-pede-que-prefeitura-reveja-demissao-de-medicos-em-cabo-frio.html\" title=\"\">Fonte. Portal O Dia<\/a><\/em><\/p>\n\n\n\n<p class=\"wp-block-paragraph\"><\/p>\n","protected":false},"excerpt":{"rendered":"<p>A fam\u00edlia da jovem que passou por uma ces\u00e1rea sem gesta\u00e7\u00e3o no Hospital da Mulher, em Cabo Frio, na \u00faltima sexta-feira (21), pediu que a Prefeitura revise a demiss\u00e3o dos m\u00e9dicos envolvidos no procedimento. A exonera\u00e7\u00e3o foi anunciada ap\u00f3s a equipe constatar, durante a cirurgia, que a paciente n\u00e3o estava gr\u00e1vida, apesar de afirmar esperar [&hellip;]<\/p>\n","protected":false},"author":2,"featured_media":19600,"comment_status":"closed","ping_status":"closed","sticky":false,"template":"","format":"standard","meta":{"postBodyCss":"","postBodyMargin":[],"postBodyPadding":[],"postBodyBackground":{"backgroundType":"classic","gradient":""},"_themeisle_gutenberg_block_has_review":false,"footnotes":""},"categories":[155,47],"tags":[390,681,875,89],"class_list":["post-19599","post","type-post","status-publish","format-standard","has-post-thumbnail","hentry","category-cabo-frio","category-ocorrencias","tag-gravidez","tag-hospital","tag-medicos","tag-prefeitura"],"aioseo_notices":[],"aioseo_head":"\n\t\t<!-- All in One SEO 4.9.10 - aioseo.com -->\n\t<meta name=\"description\" content=\"A fam\u00edlia da jovem que passou por uma ces\u00e1rea sem gesta\u00e7\u00e3o no Hospital da Mulher, em Cabo Frio, na \u00faltima sexta-feira (21), pediu que a Prefeitura revise a demiss\u00e3o dos m\u00e9dicos envolvidos no procedimento. A exonera\u00e7\u00e3o foi anunciada ap\u00f3s a equipe constatar, durante a cirurgia, que a paciente n\u00e3o estava gr\u00e1vida, apesar de afirmar esperar\" \/>\n\t<meta name=\"robots\" content=\"max-image-preview:large\" \/>\n\t<meta name=\"author\" content=\"Reda\u00e7\u00e3o\"\/>\n\t<link rel=\"canonical\" href=\"https:\/\/aconteceemmacaeeregiao.com.br\/index.php\/2025\/03\/24\/familia-pede-revisao-da-demissao-de-medicos-apos-caso-de-falsa-gravidez-em-cabo-frio\/\" \/>\n\t<meta name=\"generator\" content=\"All in One SEO (AIOSEO) 4.9.10\" \/>\n\t\t<meta property=\"og:locale\" content=\"pt_BR\" \/>\n\t\t<meta property=\"og:site_name\" content=\"Acontece em Macae e Regiao - Not\u00edcias e Colunas de Maca\u00e9 e Regi\u00e3o\" \/>\n\t\t<meta property=\"og:type\" content=\"article\" \/>\n\t\t<meta property=\"og:title\" content=\"Fam\u00edlia pede revis\u00e3o da demiss\u00e3o de m\u00e9dicos ap\u00f3s caso de falsa gravidez em Cabo Frio - Acontece em Macae e Regiao\" \/>\n\t\t<meta property=\"og:description\" content=\"A fam\u00edlia da jovem que passou por uma ces\u00e1rea sem gesta\u00e7\u00e3o no Hospital da Mulher, em Cabo Frio, na \u00faltima sexta-feira (21), pediu que a Prefeitura revise a demiss\u00e3o dos m\u00e9dicos envolvidos no procedimento. A exonera\u00e7\u00e3o foi anunciada ap\u00f3s a equipe constatar, durante a cirurgia, que a paciente n\u00e3o estava gr\u00e1vida, apesar de afirmar esperar\" \/>\n\t\t<meta property=\"og:url\" content=\"https:\/\/aconteceemmacaeeregiao.com.br\/index.php\/2025\/03\/24\/familia-pede-revisao-da-demissao-de-medicos-apos-caso-de-falsa-gravidez-em-cabo-frio\/\" \/>\n\t\t<meta property=\"article:published_time\" content=\"2025-03-24T22:33:50+00:00\" \/>\n\t\t<meta property=\"article:modified_time\" content=\"2025-03-24T22:33:51+00:00\" \/>\n\t\t<meta property=\"article:publisher\" content=\"https:\/\/www.facebook.com\/Acontecemacaeemmacaeeregiao\" \/>\n\t\t<script type=\"application\/ld+json\" class=\"aioseo-schema\">\n\t\t\t{\"@context\":\"https:\\\/\\\/schema.org\",\"@graph\":[{\"@type\":\"BlogPosting\",\"@id\":\"https:\\\/\\\/aconteceemmacaeeregiao.com.br\\\/index.php\\\/2025\\\/03\\\/24\\\/familia-pede-revisao-da-demissao-de-medicos-apos-caso-de-falsa-gravidez-em-cabo-frio\\\/#blogposting\",\"name\":\"Fam\\u00edlia pede revis\\u00e3o da demiss\\u00e3o de m\\u00e9dicos ap\\u00f3s caso de falsa gravidez em Cabo Frio - Acontece em Macae e Regiao\",\"headline\":\"Fam\\u00edlia pede revis\\u00e3o da demiss\\u00e3o de m\\u00e9dicos ap\\u00f3s caso de falsa gravidez em Cabo Frio\",\"author\":{\"@id\":\"https:\\\/\\\/aconteceemmacaeeregiao.com.br\\\/index.php\\\/author\\\/lena-fernandes\\\/#author\"},\"publisher\":{\"@id\":\"https:\\\/\\\/aconteceemmacaeeregiao.com.br\\\/#organization\"},\"image\":{\"@type\":\"ImageObject\",\"url\":\"https:\\\/\\\/aconteceemmacaeeregiao.com.br\\\/wp-content\\\/uploads\\\/2025\\\/03\\\/1_whatsapp_image_2025_03_22_at_16_08_14-35601066-e1742855544570.jpeg\",\"width\":1200,\"height\":980,\"caption\":\"M\\u00e3e consolando filho (pai dos g\\u00eameos que nunca existiram)\\nRenata Cristiane\"},\"datePublished\":\"2025-03-24T19:33:50-03:00\",\"dateModified\":\"2025-03-24T19:33:51-03:00\",\"inLanguage\":\"pt-BR\",\"mainEntityOfPage\":{\"@id\":\"https:\\\/\\\/aconteceemmacaeeregiao.com.br\\\/index.php\\\/2025\\\/03\\\/24\\\/familia-pede-revisao-da-demissao-de-medicos-apos-caso-de-falsa-gravidez-em-cabo-frio\\\/#webpage\"},\"isPartOf\":{\"@id\":\"https:\\\/\\\/aconteceemmacaeeregiao.com.br\\\/index.php\\\/2025\\\/03\\\/24\\\/familia-pede-revisao-da-demissao-de-medicos-apos-caso-de-falsa-gravidez-em-cabo-frio\\\/#webpage\"},\"articleSection\":\"Cabo Frio, Ocorr\\u00eancias, Gravidez, Hospital, m\\u00e9dicos, Prefeitura\"},{\"@type\":\"BreadcrumbList\",\"@id\":\"https:\\\/\\\/aconteceemmacaeeregiao.com.br\\\/index.php\\\/2025\\\/03\\\/24\\\/familia-pede-revisao-da-demissao-de-medicos-apos-caso-de-falsa-gravidez-em-cabo-frio\\\/#breadcrumblist\",\"itemListElement\":[{\"@type\":\"ListItem\",\"@id\":\"https:\\\/\\\/aconteceemmacaeeregiao.com.br#listItem\",\"position\":1,\"name\":\"Home\",\"item\":\"https:\\\/\\\/aconteceemmacaeeregiao.com.br\",\"nextItem\":{\"@type\":\"ListItem\",\"@id\":\"https:\\\/\\\/aconteceemmacaeeregiao.com.br\\\/index.php\\\/category\\\/regiao\\\/#listItem\",\"name\":\"Regi\\u00e3o\"}},{\"@type\":\"ListItem\",\"@id\":\"https:\\\/\\\/aconteceemmacaeeregiao.com.br\\\/index.php\\\/category\\\/regiao\\\/#listItem\",\"position\":2,\"name\":\"Regi\\u00e3o\",\"item\":\"https:\\\/\\\/aconteceemmacaeeregiao.com.br\\\/index.php\\\/category\\\/regiao\\\/\",\"nextItem\":{\"@type\":\"ListItem\",\"@id\":\"https:\\\/\\\/aconteceemmacaeeregiao.com.br\\\/index.php\\\/category\\\/regiao\\\/cabo-frio\\\/#listItem\",\"name\":\"Cabo Frio\"},\"previousItem\":{\"@type\":\"ListItem\",\"@id\":\"https:\\\/\\\/aconteceemmacaeeregiao.com.br#listItem\",\"name\":\"Home\"}},{\"@type\":\"ListItem\",\"@id\":\"https:\\\/\\\/aconteceemmacaeeregiao.com.br\\\/index.php\\\/category\\\/regiao\\\/cabo-frio\\\/#listItem\",\"position\":3,\"name\":\"Cabo Frio\",\"item\":\"https:\\\/\\\/aconteceemmacaeeregiao.com.br\\\/index.php\\\/category\\\/regiao\\\/cabo-frio\\\/\",\"nextItem\":{\"@type\":\"ListItem\",\"@id\":\"https:\\\/\\\/aconteceemmacaeeregiao.com.br\\\/index.php\\\/2025\\\/03\\\/24\\\/familia-pede-revisao-da-demissao-de-medicos-apos-caso-de-falsa-gravidez-em-cabo-frio\\\/#listItem\",\"name\":\"Fam\\u00edlia pede revis\\u00e3o da demiss\\u00e3o de m\\u00e9dicos ap\\u00f3s caso de falsa gravidez em Cabo Frio\"},\"previousItem\":{\"@type\":\"ListItem\",\"@id\":\"https:\\\/\\\/aconteceemmacaeeregiao.com.br\\\/index.php\\\/category\\\/regiao\\\/#listItem\",\"name\":\"Regi\\u00e3o\"}},{\"@type\":\"ListItem\",\"@id\":\"https:\\\/\\\/aconteceemmacaeeregiao.com.br\\\/index.php\\\/2025\\\/03\\\/24\\\/familia-pede-revisao-da-demissao-de-medicos-apos-caso-de-falsa-gravidez-em-cabo-frio\\\/#listItem\",\"position\":4,\"name\":\"Fam\\u00edlia pede revis\\u00e3o da demiss\\u00e3o de m\\u00e9dicos ap\\u00f3s caso de falsa gravidez em Cabo Frio\",\"previousItem\":{\"@type\":\"ListItem\",\"@id\":\"https:\\\/\\\/aconteceemmacaeeregiao.com.br\\\/index.php\\\/category\\\/regiao\\\/cabo-frio\\\/#listItem\",\"name\":\"Cabo Frio\"}}]},{\"@type\":\"Organization\",\"@id\":\"https:\\\/\\\/aconteceemmacaeeregiao.com.br\\\/#organization\",\"name\":\"Acontece em Macae e Regi\\u00e3o\",\"description\":\"Not\\u00edcias e Colunas de Maca\\u00e9 e Regi\\u00e3o\",\"url\":\"https:\\\/\\\/aconteceemmacaeeregiao.com.br\\\/\",\"telephone\":\"+5522988389134\",\"logo\":{\"@type\":\"ImageObject\",\"url\":\"https:\\\/\\\/aconteceemmacaeeregiao.com.br\\\/wp-content\\\/uploads\\\/2022\\\/06\\\/logo_acontece_em_macae_header.png\",\"@id\":\"https:\\\/\\\/aconteceemmacaeeregiao.com.br\\\/index.php\\\/2025\\\/03\\\/24\\\/familia-pede-revisao-da-demissao-de-medicos-apos-caso-de-falsa-gravidez-em-cabo-frio\\\/#organizationLogo\",\"width\":350,\"height\":100},\"image\":{\"@id\":\"https:\\\/\\\/aconteceemmacaeeregiao.com.br\\\/index.php\\\/2025\\\/03\\\/24\\\/familia-pede-revisao-da-demissao-de-medicos-apos-caso-de-falsa-gravidez-em-cabo-frio\\\/#organizationLogo\"},\"sameAs\":[\"https:\\\/\\\/www.instagram.com\\\/aconteceemmacae\\\/\"]},{\"@type\":\"Person\",\"@id\":\"https:\\\/\\\/aconteceemmacaeeregiao.com.br\\\/index.php\\\/author\\\/lena-fernandes\\\/#author\",\"url\":\"https:\\\/\\\/aconteceemmacaeeregiao.com.br\\\/index.php\\\/author\\\/lena-fernandes\\\/\",\"name\":\"Reda\\u00e7\\u00e3o\",\"image\":{\"@type\":\"ImageObject\",\"@id\":\"https:\\\/\\\/aconteceemmacaeeregiao.com.br\\\/index.php\\\/2025\\\/03\\\/24\\\/familia-pede-revisao-da-demissao-de-medicos-apos-caso-de-falsa-gravidez-em-cabo-frio\\\/#authorImage\",\"url\":\"https:\\\/\\\/secure.gravatar.com\\\/avatar\\\/2ec464c21c5544b6a22d3a22ff4a551fc746139156e38a8d3ab13521dc2d34bc?s=96&d=mm&r=g\",\"width\":96,\"height\":96,\"caption\":\"Reda\\u00e7\\u00e3o\"}},{\"@type\":\"WebPage\",\"@id\":\"https:\\\/\\\/aconteceemmacaeeregiao.com.br\\\/index.php\\\/2025\\\/03\\\/24\\\/familia-pede-revisao-da-demissao-de-medicos-apos-caso-de-falsa-gravidez-em-cabo-frio\\\/#webpage\",\"url\":\"https:\\\/\\\/aconteceemmacaeeregiao.com.br\\\/index.php\\\/2025\\\/03\\\/24\\\/familia-pede-revisao-da-demissao-de-medicos-apos-caso-de-falsa-gravidez-em-cabo-frio\\\/\",\"name\":\"Fam\\u00edlia pede revis\\u00e3o da demiss\\u00e3o de m\\u00e9dicos ap\\u00f3s caso de falsa gravidez em Cabo Frio - Acontece em Macae e Regiao\",\"description\":\"A fam\\u00edlia da jovem que passou por uma ces\\u00e1rea sem gesta\\u00e7\\u00e3o no Hospital da Mulher, em Cabo Frio, na \\u00faltima sexta-feira (21), pediu que a Prefeitura revise a demiss\\u00e3o dos m\\u00e9dicos envolvidos no procedimento. A exonera\\u00e7\\u00e3o foi anunciada ap\\u00f3s a equipe constatar, durante a cirurgia, que a paciente n\\u00e3o estava gr\\u00e1vida, apesar de afirmar esperar\",\"inLanguage\":\"pt-BR\",\"isPartOf\":{\"@id\":\"https:\\\/\\\/aconteceemmacaeeregiao.com.br\\\/#website\"},\"breadcrumb\":{\"@id\":\"https:\\\/\\\/aconteceemmacaeeregiao.com.br\\\/index.php\\\/2025\\\/03\\\/24\\\/familia-pede-revisao-da-demissao-de-medicos-apos-caso-de-falsa-gravidez-em-cabo-frio\\\/#breadcrumblist\"},\"author\":{\"@id\":\"https:\\\/\\\/aconteceemmacaeeregiao.com.br\\\/index.php\\\/author\\\/lena-fernandes\\\/#author\"},\"creator\":{\"@id\":\"https:\\\/\\\/aconteceemmacaeeregiao.com.br\\\/index.php\\\/author\\\/lena-fernandes\\\/#author\"},\"image\":{\"@type\":\"ImageObject\",\"url\":\"https:\\\/\\\/aconteceemmacaeeregiao.com.br\\\/wp-content\\\/uploads\\\/2025\\\/03\\\/1_whatsapp_image_2025_03_22_at_16_08_14-35601066-e1742855544570.jpeg\",\"@id\":\"https:\\\/\\\/aconteceemmacaeeregiao.com.br\\\/index.php\\\/2025\\\/03\\\/24\\\/familia-pede-revisao-da-demissao-de-medicos-apos-caso-de-falsa-gravidez-em-cabo-frio\\\/#mainImage\",\"width\":1200,\"height\":980,\"caption\":\"M\\u00e3e consolando filho (pai dos g\\u00eameos que nunca existiram)\\nRenata Cristiane\"},\"primaryImageOfPage\":{\"@id\":\"https:\\\/\\\/aconteceemmacaeeregiao.com.br\\\/index.php\\\/2025\\\/03\\\/24\\\/familia-pede-revisao-da-demissao-de-medicos-apos-caso-de-falsa-gravidez-em-cabo-frio\\\/#mainImage\"},\"datePublished\":\"2025-03-24T19:33:50-03:00\",\"dateModified\":\"2025-03-24T19:33:51-03:00\"},{\"@type\":\"WebSite\",\"@id\":\"https:\\\/\\\/aconteceemmacaeeregiao.com.br\\\/#website\",\"url\":\"https:\\\/\\\/aconteceemmacaeeregiao.com.br\\\/\",\"name\":\"Acontece em Macae e Regiao\",\"description\":\"Not\\u00edcias e Colunas de Maca\\u00e9 e Regi\\u00e3o\",\"inLanguage\":\"pt-BR\",\"publisher\":{\"@id\":\"https:\\\/\\\/aconteceemmacaeeregiao.com.br\\\/#organization\"}}]}\n\t\t<\/script>\n\t\t<!-- All in One SEO -->\n\n","aioseo_head_json":{"title":"Fam\u00edlia pede revis\u00e3o da demiss\u00e3o de m\u00e9dicos ap\u00f3s caso de falsa gravidez em Cabo Frio - Acontece em Macae e Regiao","description":"A fam\u00edlia da jovem que passou por uma ces\u00e1rea sem gesta\u00e7\u00e3o no Hospital da Mulher, em Cabo Frio, na \u00faltima sexta-feira (21), pediu que a Prefeitura revise a demiss\u00e3o dos m\u00e9dicos envolvidos no procedimento. A exonera\u00e7\u00e3o foi anunciada ap\u00f3s a equipe constatar, durante a cirurgia, que a paciente n\u00e3o estava gr\u00e1vida, apesar de afirmar esperar","canonical_url":"https:\/\/aconteceemmacaeeregiao.com.br\/index.php\/2025\/03\/24\/familia-pede-revisao-da-demissao-de-medicos-apos-caso-de-falsa-gravidez-em-cabo-frio\/","robots":"max-image-preview:large","keywords":"","webmasterTools":{"miscellaneous":""},"schema":{"@context":"https:\/\/schema.org","@graph":[{"@type":"BlogPosting","@id":"https:\/\/aconteceemmacaeeregiao.com.br\/index.php\/2025\/03\/24\/familia-pede-revisao-da-demissao-de-medicos-apos-caso-de-falsa-gravidez-em-cabo-frio\/#blogposting","name":"Fam\u00edlia pede revis\u00e3o da demiss\u00e3o de m\u00e9dicos ap\u00f3s caso de falsa gravidez em Cabo Frio - Acontece em Macae e Regiao","headline":"Fam\u00edlia pede revis\u00e3o da demiss\u00e3o de m\u00e9dicos ap\u00f3s caso de falsa gravidez em Cabo Frio","author":{"@id":"https:\/\/aconteceemmacaeeregiao.com.br\/index.php\/author\/lena-fernandes\/#author"},"publisher":{"@id":"https:\/\/aconteceemmacaeeregiao.com.br\/#organization"},"image":{"@type":"ImageObject","url":"https:\/\/aconteceemmacaeeregiao.com.br\/wp-content\/uploads\/2025\/03\/1_whatsapp_image_2025_03_22_at_16_08_14-35601066-e1742855544570.jpeg","width":1200,"height":980,"caption":"M\u00e3e consolando filho (pai dos g\u00eameos que nunca existiram)\nRenata Cristiane"},"datePublished":"2025-03-24T19:33:50-03:00","dateModified":"2025-03-24T19:33:51-03:00","inLanguage":"pt-BR","mainEntityOfPage":{"@id":"https:\/\/aconteceemmacaeeregiao.com.br\/index.php\/2025\/03\/24\/familia-pede-revisao-da-demissao-de-medicos-apos-caso-de-falsa-gravidez-em-cabo-frio\/#webpage"},"isPartOf":{"@id":"https:\/\/aconteceemmacaeeregiao.com.br\/index.php\/2025\/03\/24\/familia-pede-revisao-da-demissao-de-medicos-apos-caso-de-falsa-gravidez-em-cabo-frio\/#webpage"},"articleSection":"Cabo Frio, Ocorr\u00eancias, Gravidez, Hospital, m\u00e9dicos, Prefeitura"},{"@type":"BreadcrumbList","@id":"https:\/\/aconteceemmacaeeregiao.com.br\/index.php\/2025\/03\/24\/familia-pede-revisao-da-demissao-de-medicos-apos-caso-de-falsa-gravidez-em-cabo-frio\/#breadcrumblist","itemListElement":[{"@type":"ListItem","@id":"https:\/\/aconteceemmacaeeregiao.com.br#listItem","position":1,"name":"Home","item":"https:\/\/aconteceemmacaeeregiao.com.br","nextItem":{"@type":"ListItem","@id":"https:\/\/aconteceemmacaeeregiao.com.br\/index.php\/category\/regiao\/#listItem","name":"Regi\u00e3o"}},{"@type":"ListItem","@id":"https:\/\/aconteceemmacaeeregiao.com.br\/index.php\/category\/regiao\/#listItem","position":2,"name":"Regi\u00e3o","item":"https:\/\/aconteceemmacaeeregiao.com.br\/index.php\/category\/regiao\/","nextItem":{"@type":"ListItem","@id":"https:\/\/aconteceemmacaeeregiao.com.br\/index.php\/category\/regiao\/cabo-frio\/#listItem","name":"Cabo Frio"},"previousItem":{"@type":"ListItem","@id":"https:\/\/aconteceemmacaeeregiao.com.br#listItem","name":"Home"}},{"@type":"ListItem","@id":"https:\/\/aconteceemmacaeeregiao.com.br\/index.php\/category\/regiao\/cabo-frio\/#listItem","position":3,"name":"Cabo Frio","item":"https:\/\/aconteceemmacaeeregiao.com.br\/index.php\/category\/regiao\/cabo-frio\/","nextItem":{"@type":"ListItem","@id":"https:\/\/aconteceemmacaeeregiao.com.br\/index.php\/2025\/03\/24\/familia-pede-revisao-da-demissao-de-medicos-apos-caso-de-falsa-gravidez-em-cabo-frio\/#listItem","name":"Fam\u00edlia pede revis\u00e3o da demiss\u00e3o de m\u00e9dicos ap\u00f3s caso de falsa gravidez em Cabo Frio"},"previousItem":{"@type":"ListItem","@id":"https:\/\/aconteceemmacaeeregiao.com.br\/index.php\/category\/regiao\/#listItem","name":"Regi\u00e3o"}},{"@type":"ListItem","@id":"https:\/\/aconteceemmacaeeregiao.com.br\/index.php\/2025\/03\/24\/familia-pede-revisao-da-demissao-de-medicos-apos-caso-de-falsa-gravidez-em-cabo-frio\/#listItem","position":4,"name":"Fam\u00edlia pede revis\u00e3o da demiss\u00e3o de m\u00e9dicos ap\u00f3s caso de falsa gravidez em Cabo Frio","previousItem":{"@type":"ListItem","@id":"https:\/\/aconteceemmacaeeregiao.com.br\/index.php\/category\/regiao\/cabo-frio\/#listItem","name":"Cabo Frio"}}]},{"@type":"Organization","@id":"https:\/\/aconteceemmacaeeregiao.com.br\/#organization","name":"Acontece em Macae e Regi\u00e3o","description":"Not\u00edcias e Colunas de Maca\u00e9 e Regi\u00e3o","url":"https:\/\/aconteceemmacaeeregiao.com.br\/","telephone":"+5522988389134","logo":{"@type":"ImageObject","url":"https:\/\/aconteceemmacaeeregiao.com.br\/wp-content\/uploads\/2022\/06\/logo_acontece_em_macae_header.png","@id":"https:\/\/aconteceemmacaeeregiao.com.br\/index.php\/2025\/03\/24\/familia-pede-revisao-da-demissao-de-medicos-apos-caso-de-falsa-gravidez-em-cabo-frio\/#organizationLogo","width":350,"height":100},"image":{"@id":"https:\/\/aconteceemmacaeeregiao.com.br\/index.php\/2025\/03\/24\/familia-pede-revisao-da-demissao-de-medicos-apos-caso-de-falsa-gravidez-em-cabo-frio\/#organizationLogo"},"sameAs":["https:\/\/www.instagram.com\/aconteceemmacae\/"]},{"@type":"Person","@id":"https:\/\/aconteceemmacaeeregiao.com.br\/index.php\/author\/lena-fernandes\/#author","url":"https:\/\/aconteceemmacaeeregiao.com.br\/index.php\/author\/lena-fernandes\/","name":"Reda\u00e7\u00e3o","image":{"@type":"ImageObject","@id":"https:\/\/aconteceemmacaeeregiao.com.br\/index.php\/2025\/03\/24\/familia-pede-revisao-da-demissao-de-medicos-apos-caso-de-falsa-gravidez-em-cabo-frio\/#authorImage","url":"https:\/\/secure.gravatar.com\/avatar\/2ec464c21c5544b6a22d3a22ff4a551fc746139156e38a8d3ab13521dc2d34bc?s=96&d=mm&r=g","width":96,"height":96,"caption":"Reda\u00e7\u00e3o"}},{"@type":"WebPage","@id":"https:\/\/aconteceemmacaeeregiao.com.br\/index.php\/2025\/03\/24\/familia-pede-revisao-da-demissao-de-medicos-apos-caso-de-falsa-gravidez-em-cabo-frio\/#webpage","url":"https:\/\/aconteceemmacaeeregiao.com.br\/index.php\/2025\/03\/24\/familia-pede-revisao-da-demissao-de-medicos-apos-caso-de-falsa-gravidez-em-cabo-frio\/","name":"Fam\u00edlia pede revis\u00e3o da demiss\u00e3o de m\u00e9dicos ap\u00f3s caso de falsa gravidez em Cabo Frio - Acontece em Macae e Regiao","description":"A fam\u00edlia da jovem que passou por uma ces\u00e1rea sem gesta\u00e7\u00e3o no Hospital da Mulher, em Cabo Frio, na \u00faltima sexta-feira (21), pediu que a Prefeitura revise a demiss\u00e3o dos m\u00e9dicos envolvidos no procedimento. A exonera\u00e7\u00e3o foi anunciada ap\u00f3s a equipe constatar, durante a cirurgia, que a paciente n\u00e3o estava gr\u00e1vida, apesar de afirmar esperar","inLanguage":"pt-BR","isPartOf":{"@id":"https:\/\/aconteceemmacaeeregiao.com.br\/#website"},"breadcrumb":{"@id":"https:\/\/aconteceemmacaeeregiao.com.br\/index.php\/2025\/03\/24\/familia-pede-revisao-da-demissao-de-medicos-apos-caso-de-falsa-gravidez-em-cabo-frio\/#breadcrumblist"},"author":{"@id":"https:\/\/aconteceemmacaeeregiao.com.br\/index.php\/author\/lena-fernandes\/#author"},"creator":{"@id":"https:\/\/aconteceemmacaeeregiao.com.br\/index.php\/author\/lena-fernandes\/#author"},"image":{"@type":"ImageObject","url":"https:\/\/aconteceemmacaeeregiao.com.br\/wp-content\/uploads\/2025\/03\/1_whatsapp_image_2025_03_22_at_16_08_14-35601066-e1742855544570.jpeg","@id":"https:\/\/aconteceemmacaeeregiao.com.br\/index.php\/2025\/03\/24\/familia-pede-revisao-da-demissao-de-medicos-apos-caso-de-falsa-gravidez-em-cabo-frio\/#mainImage","width":1200,"height":980,"caption":"M\u00e3e consolando filho (pai dos g\u00eameos que nunca existiram)\nRenata Cristiane"},"primaryImageOfPage":{"@id":"https:\/\/aconteceemmacaeeregiao.com.br\/index.php\/2025\/03\/24\/familia-pede-revisao-da-demissao-de-medicos-apos-caso-de-falsa-gravidez-em-cabo-frio\/#mainImage"},"datePublished":"2025-03-24T19:33:50-03:00","dateModified":"2025-03-24T19:33:51-03:00"},{"@type":"WebSite","@id":"https:\/\/aconteceemmacaeeregiao.com.br\/#website","url":"https:\/\/aconteceemmacaeeregiao.com.br\/","name":"Acontece em Macae e Regiao","description":"Not\u00edcias e Colunas de Maca\u00e9 e Regi\u00e3o","inLanguage":"pt-BR","publisher":{"@id":"https:\/\/aconteceemmacaeeregiao.com.br\/#organization"}}]},"og:locale":"pt_BR","og:site_name":"Acontece em Macae e Regiao - Not\u00edcias e Colunas de Maca\u00e9 e Regi\u00e3o","og:type":"article","og:title":"Fam\u00edlia pede revis\u00e3o da demiss\u00e3o de m\u00e9dicos ap\u00f3s caso de falsa gravidez em Cabo Frio - Acontece em Macae e Regiao","og:description":"A fam\u00edlia da jovem que passou por uma ces\u00e1rea sem gesta\u00e7\u00e3o no Hospital da Mulher, em Cabo Frio, na \u00faltima sexta-feira (21), pediu que a Prefeitura revise a demiss\u00e3o dos m\u00e9dicos envolvidos no procedimento. A exonera\u00e7\u00e3o foi anunciada ap\u00f3s a equipe constatar, durante a cirurgia, que a paciente n\u00e3o estava gr\u00e1vida, apesar de afirmar esperar","og:url":"https:\/\/aconteceemmacaeeregiao.com.br\/index.php\/2025\/03\/24\/familia-pede-revisao-da-demissao-de-medicos-apos-caso-de-falsa-gravidez-em-cabo-frio\/","article:published_time":"2025-03-24T22:33:50+00:00","article:modified_time":"2025-03-24T22:33:51+00:00","article:publisher":"https:\/\/www.facebook.com\/Acontecemacaeemmacaeeregiao"},"aioseo_meta_data":{"post_id":"19599","title":null,"description":null,"keywords":null,"keyphrases":{"focus":{"keyphrase":"","score":0,"analysis":{"keyphraseInTitle":{"score":0,"maxScore":9,"error":1}}},"additional":[]},"primary_term":null,"canonical_url":null,"og_title":null,"og_description":null,"og_object_type":"default","og_image_type":"default","og_image_url":null,"og_image_width":null,"og_image_height":null,"og_image_custom_url":null,"og_image_custom_fields":null,"og_video":"","og_custom_url":null,"og_article_section":null,"og_article_tags":null,"twitter_use_og":false,"twitter_card":"default","twitter_image_type":"default","twitter_image_url":null,"twitter_image_custom_url":null,"twitter_image_custom_fields":null,"twitter_title":null,"twitter_description":null,"schema":{"blockGraphs":[],"customGraphs":[],"default":{"data":{"Article":[],"Course":[],"Dataset":[],"FAQPage":[],"Movie":[],"Person":[],"Product":[],"ProductReview":[],"Car":[],"Recipe":[],"Service":[],"SoftwareApplication":[],"WebPage":[]},"graphName":"BlogPosting","isEnabled":true},"graphs":[]},"schema_type":"default","schema_type_options":null,"pillar_content":false,"robots_default":true,"robots_noindex":false,"robots_noarchive":false,"robots_nosnippet":false,"robots_nofollow":false,"robots_noimageindex":false,"robots_noodp":false,"robots_notranslate":false,"robots_max_snippet":"-1","robots_max_videopreview":"-1","robots_max_imagepreview":"large","priority":null,"frequency":"default","local_seo":null,"breadcrumb_settings":null,"limit_modified_date":false,"ai":null,"created":"2025-03-24 22:33:51","updated":"2025-06-10 01:34:22","seo_analyzer_scan_date":null},"aioseo_breadcrumb":"<div class=\"aioseo-breadcrumbs\"><span class=\"aioseo-breadcrumb\">\n\t\t\t<a href=\"https:\/\/aconteceemmacaeeregiao.com.br\" title=\"Home\">Home<\/a>\n\t\t<\/span><span class=\"aioseo-breadcrumb-separator\">\u00bb<\/span><span class=\"aioseo-breadcrumb\">\n\t\t\t<a href=\"https:\/\/aconteceemmacaeeregiao.com.br\/index.php\/category\/regiao\/\" title=\"Regi\u00e3o\">Regi\u00e3o<\/a>\n\t\t<\/span><span class=\"aioseo-breadcrumb-separator\">\u00bb<\/span><span class=\"aioseo-breadcrumb\">\n\t\t\t<a href=\"https:\/\/aconteceemmacaeeregiao.com.br\/index.php\/category\/regiao\/cabo-frio\/\" title=\"Cabo Frio\">Cabo Frio<\/a>\n\t\t<\/span><span class=\"aioseo-breadcrumb-separator\">\u00bb<\/span><span class=\"aioseo-breadcrumb\">\n\t\t\tFam\u00edlia pede revis\u00e3o da demiss\u00e3o de m\u00e9dicos ap\u00f3s caso de falsa gravidez em Cabo Frio\n\t\t<\/span><\/div>","aioseo_breadcrumb_json":[{"label":"Home","link":"https:\/\/aconteceemmacaeeregiao.com.br"},{"label":"Regi\u00e3o","link":"https:\/\/aconteceemmacaeeregiao.com.br\/index.php\/category\/regiao\/"},{"label":"Cabo Frio","link":"https:\/\/aconteceemmacaeeregiao.com.br\/index.php\/category\/regiao\/cabo-frio\/"},{"label":"Fam\u00edlia pede revis\u00e3o da demiss\u00e3o de m\u00e9dicos ap\u00f3s caso de falsa gravidez em Cabo Frio","link":"https:\/\/aconteceemmacaeeregiao.com.br\/index.php\/2025\/03\/24\/familia-pede-revisao-da-demissao-de-medicos-apos-caso-de-falsa-gravidez-em-cabo-frio\/"}],"_links":{"self":[{"href":"https:\/\/aconteceemmacaeeregiao.com.br\/index.php\/wp-json\/wp\/v2\/posts\/19599","targetHints":{"allow":["GET"]}}],"collection":[{"href":"https:\/\/aconteceemmacaeeregiao.com.br\/index.php\/wp-json\/wp\/v2\/posts"}],"about":[{"href":"https:\/\/aconteceemmacaeeregiao.com.br\/index.php\/wp-json\/wp\/v2\/types\/post"}],"author":[{"embeddable":true,"href":"https:\/\/aconteceemmacaeeregiao.com.br\/index.php\/wp-json\/wp\/v2\/users\/2"}],"replies":[{"embeddable":true,"href":"https:\/\/aconteceemmacaeeregiao.com.br\/index.php\/wp-json\/wp\/v2\/comments?post=19599"}],"version-history":[{"count":0,"href":"https:\/\/aconteceemmacaeeregiao.com.br\/index.php\/wp-json\/wp\/v2\/posts\/19599\/revisions"}],"wp:featuredmedia":[{"embeddable":true,"href":"https:\/\/aconteceemmacaeeregiao.com.br\/index.php\/wp-json\/wp\/v2\/media\/19600"}],"wp:attachment":[{"href":"https:\/\/aconteceemmacaeeregiao.com.br\/index.php\/wp-json\/wp\/v2\/media?parent=19599"}],"wp:term":[{"taxonomy":"category","embeddable":true,"href":"https:\/\/aconteceemmacaeeregiao.com.br\/index.php\/wp-json\/wp\/v2\/categories?post=19599"},{"taxonomy":"post_tag","embeddable":true,"href":"https:\/\/aconteceemmacaeeregiao.com.br\/index.php\/wp-json\/wp\/v2\/tags?post=19599"}],"curies":[{"name":"wp","href":"https:\/\/api.w.org\/{rel}","templated":true}]}}