{"id":19622,"date":"2025-03-31T14:54:46","date_gmt":"2025-03-31T17:54:46","guid":{"rendered":"https:\/\/aconteceemmacaeeregiao.com.br\/?p=19622"},"modified":"2025-03-31T14:54:47","modified_gmt":"2025-03-31T17:54:47","slug":"calendario-de-vistoria-2025-transporte-escolar-taxis-e-fretamento-devem-se-regularizar","status":"publish","type":"post","link":"https:\/\/aconteceemmacaeeregiao.com.br\/index.php\/2025\/03\/31\/calendario-de-vistoria-2025-transporte-escolar-taxis-e-fretamento-devem-se-regularizar\/","title":{"rendered":"Calend\u00e1rio de Vistoria 2025: Transporte escolar, t\u00e1xis e fretamento devem se regularizar"},"content":{"rendered":"\n<p>A Secretaria de <a href=\"https:\/\/aconteceemmacaeeregiao.com.br\/index.php\/tag\/mobilidade-urbana\/\" title=\"Mobilidade Urbana\">Mobilidade Urbana<\/a> publicou o cronograma anual para a atualiza\u00e7\u00e3o cadastral e vistoria de ve\u00edculos de transporte escolar, fretamento, \u00f4nibus urbanos e t\u00e1xis. A medida \u00e9 obrigat\u00f3ria para garantir a legalidade e seguran\u00e7a dos servi\u00e7os.<\/p>\n\n\n\n<p>Os prazos estabelecidos s\u00e3o:<\/p>\n\n\n\n<ul class=\"wp-block-list\">\n<li>Transporte escolar e fretamento: 1\u00ba de abril a 30 de junho<\/li>\n\n\n\n<li>\u00d4nibus urbanos e t\u00e1xis: 1\u00ba de maio a 30 de julho<\/li>\n<\/ul>\n\n\n\n<p>A regulariza\u00e7\u00e3o pode ser feita de forma digital, no site da Secretaria, ou presencialmente no Setor de Cadastro e Vistoria de Transportes. A recomenda\u00e7\u00e3o para usu\u00e1rios \u00e9 sempre verificar se os ve\u00edculos possuem certifica\u00e7\u00e3o anual antes de contratar o servi\u00e7o.<\/p>\n\n\n\n<p><em><a href=\"https:\/\/macae.rj.gov.br\/noticias\/leitura\/noticia\/mobilidade-urbana-divulga-calendario-anual-para-cadastro-e-vistoria-de-veiculos\" title=\"\">Fonte: Secom Pref. Maca\u00e9<\/a><\/em><\/p>\n","protected":false},"excerpt":{"rendered":"<p>A Secretaria de Mobilidade Urbana publicou o cronograma anual para a atualiza\u00e7\u00e3o cadastral e vistoria de ve\u00edculos de transporte escolar, fretamento, \u00f4nibus urbanos e t\u00e1xis. A medida \u00e9 obrigat\u00f3ria para garantir a legalidade e seguran\u00e7a dos servi\u00e7os. Os prazos estabelecidos s\u00e3o: A regulariza\u00e7\u00e3o pode ser feita de forma digital, no site da Secretaria, ou presencialmente [&hellip;]<\/p>\n","protected":false},"author":2,"featured_media":19623,"comment_status":"closed","ping_status":"closed","sticky":false,"template":"","format":"standard","meta":{"postBodyCss":"","postBodyMargin":[],"postBodyPadding":[],"postBodyBackground":{"backgroundType":"classic","gradient":""},"footnotes":""},"categories":[42],"tags":[140,89,119,607],"class_list":["post-19622","post","type-post","status-publish","format-standard","has-post-thumbnail","hentry","category-macae","tag-mobilidade-urbana","tag-prefeitura","tag-seguranca-publica","tag-veiculos"],"aioseo_notices":[],"_links":{"self":[{"href":"https:\/\/aconteceemmacaeeregiao.com.br\/index.php\/wp-json\/wp\/v2\/posts\/19622","targetHints":{"allow":["GET"]}}],"collection":[{"href":"https:\/\/aconteceemmacaeeregiao.com.br\/index.php\/wp-json\/wp\/v2\/posts"}],"about":[{"href":"https:\/\/aconteceemmacaeeregiao.com.br\/index.php\/wp-json\/wp\/v2\/types\/post"}],"author":[{"embeddable":true,"href":"https:\/\/aconteceemmacaeeregiao.com.br\/index.php\/wp-json\/wp\/v2\/users\/2"}],"replies":[{"embeddable":true,"href":"https:\/\/aconteceemmacaeeregiao.com.br\/index.php\/wp-json\/wp\/v2\/comments?post=19622"}],"version-history":[{"count":0,"href":"https:\/\/aconteceemmacaeeregiao.com.br\/index.php\/wp-json\/wp\/v2\/posts\/19622\/revisions"}],"wp:featuredmedia":[{"embeddable":true,"href":"https:\/\/aconteceemmacaeeregiao.com.br\/index.php\/wp-json\/wp\/v2\/media\/19623"}],"wp:attachment":[{"href":"https:\/\/aconteceemmacaeeregiao.com.br\/index.php\/wp-json\/wp\/v2\/media?parent=19622"}],"wp:term":[{"taxonomy":"category","embeddable":true,"href":"https:\/\/aconteceemmacaeeregiao.com.br\/index.php\/wp-json\/wp\/v2\/categories?post=19622"},{"taxonomy":"post_tag","embeddable":true,"href":"https:\/\/aconteceemmacaeeregiao.com.br\/index.php\/wp-json\/wp\/v2\/tags?post=19622"}],"curies":[{"name":"wp","href":"https:\/\/api.w.org\/{rel}","templated":true}]}}