{"id":19625,"date":"2025-03-31T15:38:29","date_gmt":"2025-03-31T18:38:29","guid":{"rendered":"https:\/\/aconteceemmacaeeregiao.com.br\/?p=19625"},"modified":"2025-03-31T15:38:30","modified_gmt":"2025-03-31T18:38:30","slug":"semana-comeca-com-323-vagas-para-manicure-telemarketing-engenharia-e-mais","status":"publish","type":"post","link":"https:\/\/aconteceemmacaeeregiao.com.br\/index.php\/2025\/03\/31\/semana-comeca-com-323-vagas-para-manicure-telemarketing-engenharia-e-mais\/","title":{"rendered":"Semana come\u00e7a com 323 vagas para manicure, telemarketing, engenharia e mais"},"content":{"rendered":"\n<p>A Secretaria de Trabalho e Renda de <a href=\"https:\/\/aconteceemmacaeeregiao.com.br\/index.php\/category\/macae\/\" title=\"Maca\u00e9\">Maca\u00e9<\/a> anunciou 323 oportunidades de emprego em diversas \u00e1reas, incluindo offshore, com\u00e9rcio, servi\u00e7os e est\u00e1gios. H\u00e1 vagas para todos os n\u00edveis de escolaridade, al\u00e9m de oportunidades para pessoas com defici\u00eancia (PCDs) e candidatos sem experi\u00eancia.<\/p>\n\n\n\n<p>Entre as fun\u00e7\u00f5es dispon\u00edveis est\u00e3o: manicure, camareira, copeira, estagi\u00e1rio de arquitetura e urbanismo, motorista de ambul\u00e2ncia, operador de telemarketing, vendedor, engenheiro de manuten\u00e7\u00e3o, cozinheiro mar\u00edtimo, analista cont\u00e1bil e auxiliar de movimenta\u00e7\u00e3o de carga.<\/p>\n\n\n\n<p>Os interessados devem comparecer \u00e0 Central do Trabalhador, na Praia Campista, das 8h \u00e0s 17h, ou realizar o cadastro online no portal da prefeitura.<\/p>\n\n\n\n<p><strong><a href=\"https:\/\/sistemas.macae.rj.gov.br:84\/trabalhoerenda\/index\/mural\">Clique e confira a lista completa:<\/a><\/strong><\/p>\n\n\n\n<p>Seguem os links de acesso aos servi\u00e7os da Secretaria de Trabalho e Renda:<\/p>\n\n\n\n<p>Ao empres\u00e1rio:&nbsp;<a href=\"https:\/\/sistemas.macae.rj.gov.br:84\/trabalhoerenda\/\">cadastrar vagas de emprego.<\/a><\/p>\n\n\n\n<p>Ao trabalhador:&nbsp;<a href=\"https:\/\/sistemas.macae.rj.gov.br:84\/trabalhoerenda\/\">efetuar o cadastro para vagas de emprego.<\/a><\/p>\n\n\n\n<p><em>Fonte: Secom Pref. Maca\u00e9<\/em><\/p>\n","protected":false},"excerpt":{"rendered":"<p>A Secretaria de Trabalho e Renda de Maca\u00e9 anunciou 323 oportunidades de emprego em diversas \u00e1reas, incluindo offshore, com\u00e9rcio, servi\u00e7os e est\u00e1gios. H\u00e1 vagas para todos os n\u00edveis de escolaridade, al\u00e9m de oportunidades para pessoas com defici\u00eancia (PCDs) e candidatos sem experi\u00eancia. Entre as fun\u00e7\u00f5es dispon\u00edveis est\u00e3o: manicure, camareira, copeira, estagi\u00e1rio de arquitetura e urbanismo, [&hellip;]<\/p>\n","protected":false},"author":2,"featured_media":19626,"comment_status":"closed","ping_status":"closed","sticky":false,"template":"","format":"standard","meta":{"postBodyCss":"","postBodyMargin":[],"postBodyPadding":[],"postBodyBackground":{"backgroundType":"classic","gradient":""},"footnotes":""},"categories":[73,42],"tags":[77,82,89,87],"class_list":["post-19625","post","type-post","status-publish","format-standard","has-post-thumbnail","hentry","category-emprego","category-macae","tag-emprego","tag-oportunidade","tag-prefeitura","tag-vagas"],"aioseo_notices":[],"_links":{"self":[{"href":"https:\/\/aconteceemmacaeeregiao.com.br\/index.php\/wp-json\/wp\/v2\/posts\/19625","targetHints":{"allow":["GET"]}}],"collection":[{"href":"https:\/\/aconteceemmacaeeregiao.com.br\/index.php\/wp-json\/wp\/v2\/posts"}],"about":[{"href":"https:\/\/aconteceemmacaeeregiao.com.br\/index.php\/wp-json\/wp\/v2\/types\/post"}],"author":[{"embeddable":true,"href":"https:\/\/aconteceemmacaeeregiao.com.br\/index.php\/wp-json\/wp\/v2\/users\/2"}],"replies":[{"embeddable":true,"href":"https:\/\/aconteceemmacaeeregiao.com.br\/index.php\/wp-json\/wp\/v2\/comments?post=19625"}],"version-history":[{"count":0,"href":"https:\/\/aconteceemmacaeeregiao.com.br\/index.php\/wp-json\/wp\/v2\/posts\/19625\/revisions"}],"wp:featuredmedia":[{"embeddable":true,"href":"https:\/\/aconteceemmacaeeregiao.com.br\/index.php\/wp-json\/wp\/v2\/media\/19626"}],"wp:attachment":[{"href":"https:\/\/aconteceemmacaeeregiao.com.br\/index.php\/wp-json\/wp\/v2\/media?parent=19625"}],"wp:term":[{"taxonomy":"category","embeddable":true,"href":"https:\/\/aconteceemmacaeeregiao.com.br\/index.php\/wp-json\/wp\/v2\/categories?post=19625"},{"taxonomy":"post_tag","embeddable":true,"href":"https:\/\/aconteceemmacaeeregiao.com.br\/index.php\/wp-json\/wp\/v2\/tags?post=19625"}],"curies":[{"name":"wp","href":"https:\/\/api.w.org\/{rel}","templated":true}]}}