{"id":19721,"date":"2025-04-07T16:20:06","date_gmt":"2025-04-07T19:20:06","guid":{"rendered":"https:\/\/aconteceemmacaeeregiao.com.br\/?p=19721"},"modified":"2025-04-07T16:20:07","modified_gmt":"2025-04-07T19:20:07","slug":"macae-tem-469-vagas-de-emprego-abertas-esta-semana-confira-as-oportunidades","status":"publish","type":"post","link":"https:\/\/aconteceemmacaeeregiao.com.br\/index.php\/2025\/04\/07\/macae-tem-469-vagas-de-emprego-abertas-esta-semana-confira-as-oportunidades\/","title":{"rendered":"Maca\u00e9 tem 469 vagas de emprego abertas esta semana; confira as oportunidades"},"content":{"rendered":"\n<p>A Secretaria de Trabalho e Renda de <a href=\"https:\/\/aconteceemmacaeeregiao.com.br\/index.php\/category\/macae\/\" title=\"Maca\u00e9\">Maca\u00e9 <\/a>est\u00e1 com 469 vagas de emprego abertas para esta semana, contemplando \u00e1reas como offshore, com\u00e9rcio, servi\u00e7os e est\u00e1gios. H\u00e1 oportunidades para todos os n\u00edveis de escolaridade, inclusive para pessoas com defici\u00eancia (PCDs) e para quem ainda n\u00e3o tem experi\u00eancia profissional.<\/p>\n\n\n\n<p>Os interessados devem comparecer \u00e0 Central do Trabalhador, localizada no Edif\u00edcio Comercial Lotus, na Avenida Nossa Senhora da Gl\u00f3ria, 1181 \u2013 <a href=\"https:\/\/aconteceemmacaeeregiao.com.br\/index.php\/tag\/praia-campista\/\" title=\"Praia Campista\">Praia Campista<\/a>, de segunda a sexta, das 8h \u00e0s 17h. Quem preferir, tamb\u00e9m pode se cadastrar de forma online, aumentando as chances de ser chamado assim que surgir uma vaga compat\u00edvel com o perfil.<\/p>\n\n\n\n<p>Entre os cargos dispon\u00edveis est\u00e3o: a\u00e7ougueiro, almoxarife, analista cont\u00e1bil e financeiro, cozinheiro mar\u00edtimo, auxiliar de movimenta\u00e7\u00e3o de carga, t\u00e9cnico de edifica\u00e7\u00f5es e chefe de cozinha, entre outros. A lista completa pode ser consultada no site da Prefeitura de Maca\u00e9.<\/p>\n\n\n\n<p><strong><a href=\"https:\/\/sistemas.macae.rj.gov.br:84\/trabalhoerenda\/index\/mural\">Clique e confira a lista completa<\/a><\/strong><\/p>\n\n\n\n<p><strong>Dica para quem est\u00e1 procurando emprego<\/strong>: mantenha seu curr\u00edculo sempre atualizado, com informa\u00e7\u00f5es claras e objetivas. Se for se cadastrar online, preencha todos os campos com aten\u00e7\u00e3o \u2014 isso aumenta suas chances de sele\u00e7\u00e3o! Tamb\u00e9m vale destacar experi\u00eancias informais ou volunt\u00e1rias, especialmente se voc\u00ea ainda n\u00e3o tem registro em carteira.<\/p>\n\n\n\n<p><em><a href=\"Fhttps:\/\/www.macae.rj.gov.br\/noticias\/leitura\/noticia\/prefeitura-divulga-469-vagas-de-emprego-nesta-semana\" title=\"\">Fonte: Secom Pref. Maca\u00e9<\/a><\/em><\/p>\n","protected":false},"excerpt":{"rendered":"<p>A Secretaria de Trabalho e Renda de Maca\u00e9 est\u00e1 com 469 vagas de emprego abertas para esta semana, contemplando \u00e1reas como offshore, com\u00e9rcio, servi\u00e7os e est\u00e1gios. H\u00e1 oportunidades para todos os n\u00edveis de escolaridade, inclusive para pessoas com defici\u00eancia (PCDs) e para quem ainda n\u00e3o tem experi\u00eancia profissional. Os interessados devem comparecer \u00e0 Central do [&hellip;]<\/p>\n","protected":false},"author":2,"featured_media":12111,"comment_status":"closed","ping_status":"closed","sticky":false,"template":"","format":"standard","meta":{"postBodyCss":"","postBodyMargin":[],"postBodyPadding":[],"postBodyBackground":{"backgroundType":"classic","gradient":""},"footnotes":""},"categories":[73,42],"tags":[77,82,89,87],"class_list":["post-19721","post","type-post","status-publish","format-standard","has-post-thumbnail","hentry","category-emprego","category-macae","tag-emprego","tag-oportunidade","tag-prefeitura","tag-vagas"],"aioseo_notices":[],"_links":{"self":[{"href":"https:\/\/aconteceemmacaeeregiao.com.br\/index.php\/wp-json\/wp\/v2\/posts\/19721","targetHints":{"allow":["GET"]}}],"collection":[{"href":"https:\/\/aconteceemmacaeeregiao.com.br\/index.php\/wp-json\/wp\/v2\/posts"}],"about":[{"href":"https:\/\/aconteceemmacaeeregiao.com.br\/index.php\/wp-json\/wp\/v2\/types\/post"}],"author":[{"embeddable":true,"href":"https:\/\/aconteceemmacaeeregiao.com.br\/index.php\/wp-json\/wp\/v2\/users\/2"}],"replies":[{"embeddable":true,"href":"https:\/\/aconteceemmacaeeregiao.com.br\/index.php\/wp-json\/wp\/v2\/comments?post=19721"}],"version-history":[{"count":0,"href":"https:\/\/aconteceemmacaeeregiao.com.br\/index.php\/wp-json\/wp\/v2\/posts\/19721\/revisions"}],"wp:featuredmedia":[{"embeddable":true,"href":"https:\/\/aconteceemmacaeeregiao.com.br\/index.php\/wp-json\/wp\/v2\/media\/12111"}],"wp:attachment":[{"href":"https:\/\/aconteceemmacaeeregiao.com.br\/index.php\/wp-json\/wp\/v2\/media?parent=19721"}],"wp:term":[{"taxonomy":"category","embeddable":true,"href":"https:\/\/aconteceemmacaeeregiao.com.br\/index.php\/wp-json\/wp\/v2\/categories?post=19721"},{"taxonomy":"post_tag","embeddable":true,"href":"https:\/\/aconteceemmacaeeregiao.com.br\/index.php\/wp-json\/wp\/v2\/tags?post=19721"}],"curies":[{"name":"wp","href":"https:\/\/api.w.org\/{rel}","templated":true}]}}