{"id":19723,"date":"2025-04-07T16:28:46","date_gmt":"2025-04-07T19:28:46","guid":{"rendered":"https:\/\/aconteceemmacaeeregiao.com.br\/?p=19723"},"modified":"2025-04-07T16:28:46","modified_gmt":"2025-04-07T19:28:46","slug":"galeria-hindemburgo-recebe-exposicoes-sobre-consciencia-planetaria-a-partir-de-15-de-abril","status":"publish","type":"post","link":"https:\/\/aconteceemmacaeeregiao.com.br\/index.php\/2025\/04\/07\/galeria-hindemburgo-recebe-exposicoes-sobre-consciencia-planetaria-a-partir-de-15-de-abril\/","title":{"rendered":"Galeria Hindemburgo recebe exposi\u00e7\u00f5es sobre consci\u00eancia planet\u00e1ria a partir de 15 de abril"},"content":{"rendered":"\n<p>A <a href=\"https:\/\/aconteceemmacaeeregiao.com.br\/index.php\/2025\/01\/16\/galeria-hindemburgo-olive-sera-reinaugurada-com-arte-e-novos-projetos-culturais-em-macae\/\" title=\"Galeria Hindemburgo Olive ser\u00e1 reinaugurada com arte e novos projetos culturais em Maca\u00e9\">Galeria Hindemburgo Olive<\/a>, no Centro de <a href=\"https:\/\/aconteceemmacaeeregiao.com.br\/index.php\/category\/macae\/\" title=\"Maca\u00e9\">Maca\u00e9<\/a>, abre suas portas no dia 15 de abril para duas exposi\u00e7\u00f5es que convidam o p\u00fablico a repensar sua rela\u00e7\u00e3o com o planeta. Sob curadoria da Secretaria Municipal de Cultura, as mostras \u201cAnimagin\u00e1rios\u201d, de Ricardo Sep\u00falveda, e \u201cMuda\u201d, de Paulo Davi, prop\u00f5em uma jornada visual repleta de simbolismos ecol\u00f3gicos, pol\u00edticos e espirituais. A visita\u00e7\u00e3o \u00e9 gratuita e segue at\u00e9 15 de maio.<\/p>\n\n\n\n<p>As obras s\u00e3o marcadas por materiais n\u00e3o convencionais: modelagem em papel e lata cortada, no caso de Sep\u00falveda, e tecidos bordados com interven\u00e7\u00f5es acr\u00edlicas e objetos sobre tela, na produ\u00e7\u00e3o de Paulo Davi. Os trabalhos carregam influ\u00eancias de movimentos como o Neoconcretismo e a Pop Art, al\u00e9m de uma forte conex\u00e3o com os ideais transformadores dos anos 60 e 70, trazendo essas reflex\u00f5es para os dilemas atuais.<\/p>\n\n\n\n<p>Mais do que arte, as exposi\u00e7\u00f5es lan\u00e7am um olhar cr\u00edtico e sens\u00edvel sobre o consumo, o descarte e a conviv\u00eancia com outros seres no planeta. O uso de materiais recicl\u00e1veis e o di\u00e1logo com temas como espiritualidade, ancestralidade e sustentabilidade fazem com que o espectador se veja inserido em uma narrativa coletiva, onde arte e consci\u00eancia caminham lado a lado.<\/p>\n\n\n\n<p>A Galeria Hindemburgo Olive fica no Centro Maca\u00e9 de Cultura, na Avenida Rui Barbosa, 780. Uma excelente oportunidade para apreciar arte de forma gratuita e se conectar com temas que impactam diretamente o presente e o futuro de todos n\u00f3s.<\/p>\n\n\n\n<p><em><a href=\"https:\/\/www.macae.rj.gov.br\/noticias\/leitura\/noticia\/galeria-hindemburgo-olive-recebe-as-exposicoes-animaginarios-e-muda\" title=\"\">Fonte: Secom Pref. Maca\u00e9<\/a><\/em><\/p>\n","protected":false},"excerpt":{"rendered":"<p>A Galeria Hindemburgo Olive, no Centro de Maca\u00e9, abre suas portas no dia 15 de abril para duas exposi\u00e7\u00f5es que convidam o p\u00fablico a repensar sua rela\u00e7\u00e3o com o planeta. Sob curadoria da Secretaria Municipal de Cultura, as mostras \u201cAnimagin\u00e1rios\u201d, de Ricardo Sep\u00falveda, e \u201cMuda\u201d, de Paulo Davi, prop\u00f5em uma jornada visual repleta de simbolismos [&hellip;]<\/p>\n","protected":false},"author":2,"featured_media":14461,"comment_status":"closed","ping_status":"closed","sticky":false,"template":"","format":"standard","meta":{"postBodyCss":"","postBodyMargin":[],"postBodyPadding":[],"postBodyBackground":{"backgroundType":"classic","gradient":""},"footnotes":""},"categories":[86,200,42],"tags":[214,85,1038,89],"class_list":["post-19723","post","type-post","status-publish","format-standard","has-post-thumbnail","hentry","category-cultura","category-evento","category-macae","tag-artes","tag-cultura","tag-expedicao","tag-prefeitura"],"aioseo_notices":[],"_links":{"self":[{"href":"https:\/\/aconteceemmacaeeregiao.com.br\/index.php\/wp-json\/wp\/v2\/posts\/19723","targetHints":{"allow":["GET"]}}],"collection":[{"href":"https:\/\/aconteceemmacaeeregiao.com.br\/index.php\/wp-json\/wp\/v2\/posts"}],"about":[{"href":"https:\/\/aconteceemmacaeeregiao.com.br\/index.php\/wp-json\/wp\/v2\/types\/post"}],"author":[{"embeddable":true,"href":"https:\/\/aconteceemmacaeeregiao.com.br\/index.php\/wp-json\/wp\/v2\/users\/2"}],"replies":[{"embeddable":true,"href":"https:\/\/aconteceemmacaeeregiao.com.br\/index.php\/wp-json\/wp\/v2\/comments?post=19723"}],"version-history":[{"count":0,"href":"https:\/\/aconteceemmacaeeregiao.com.br\/index.php\/wp-json\/wp\/v2\/posts\/19723\/revisions"}],"wp:featuredmedia":[{"embeddable":true,"href":"https:\/\/aconteceemmacaeeregiao.com.br\/index.php\/wp-json\/wp\/v2\/media\/14461"}],"wp:attachment":[{"href":"https:\/\/aconteceemmacaeeregiao.com.br\/index.php\/wp-json\/wp\/v2\/media?parent=19723"}],"wp:term":[{"taxonomy":"category","embeddable":true,"href":"https:\/\/aconteceemmacaeeregiao.com.br\/index.php\/wp-json\/wp\/v2\/categories?post=19723"},{"taxonomy":"post_tag","embeddable":true,"href":"https:\/\/aconteceemmacaeeregiao.com.br\/index.php\/wp-json\/wp\/v2\/tags?post=19723"}],"curies":[{"name":"wp","href":"https:\/\/api.w.org\/{rel}","templated":true}]}}