{"id":19745,"date":"2025-04-07T17:44:22","date_gmt":"2025-04-07T20:44:22","guid":{"rendered":"https:\/\/aconteceemmacaeeregiao.com.br\/?p=19745"},"modified":"2025-04-07T17:59:56","modified_gmt":"2025-04-07T20:59:56","slug":"rio-das-ostras-inaugura-feira-de-artesanato-no-parque-dos-passaros-com-foco-em-cultura-e-economia-criativa","status":"publish","type":"post","link":"https:\/\/aconteceemmacaeeregiao.com.br\/index.php\/2025\/04\/07\/rio-das-ostras-inaugura-feira-de-artesanato-no-parque-dos-passaros-com-foco-em-cultura-e-economia-criativa\/","title":{"rendered":"Rio das Ostras inaugura feira de artesanato no Parque dos P\u00e1ssaros com foco em cultura e economia criativa"},"content":{"rendered":"\n<p><em><strong>Novo local tem como intuito fortalecer a economia criativa e valorizar os pontos tur\u00edsticos da Cidade<\/strong><\/em><\/p>\n\n\n\n<p>A Funda\u00e7\u00e3o <a href=\"https:\/\/aconteceemmacaeeregiao.com.br\/index.php\/category\/regiao\/rio-das-ostras\/\" title=\"Rio das Ostras\">Rio das Ostras<\/a> de Cultura lan\u00e7a um novo espa\u00e7o para valorizar a produ\u00e7\u00e3o local: a <em>Feira de Artesanato Parque dos P\u00e1ssaros<\/em>. O evento acontecer\u00e1 dentro do Parque Municipal, no <a href=\"https:\/\/aconteceemmacaeeregiao.com.br\/index.php\/2023\/10\/20\/brk-segue-realizando-obras-no-bairro-chacara-marilea-em-rio-das-ostras\/\" title=\"BRK segue realizando obras no bairro Ch\u00e1cara Marilea, em Rio das Ostras\">Jardim Maril\u00e9a<\/a>, de sexta a domingo, das 9h \u00e0s 16h, incluindo feriados e datas especiais. A abertura oficial j\u00e1 acontece nesta quarta-feira, dia 9, e segue at\u00e9 o s\u00e1bado, dia 13 de abril.<\/p>\n\n\n\n<p>Mais do que um ponto de venda, a feira ser\u00e1 um espa\u00e7o de encontro entre artes\u00e3os, moradores e turistas, promovendo a valoriza\u00e7\u00e3o da cultura popular e o fortalecimento da identidade local. Segundo a presidente da Funda\u00e7\u00e3o, Rosemarie Teixeira, o projeto \u00e9 um marco para a economia criativa e mostra o compromisso do poder p\u00fablico com a gera\u00e7\u00e3o de renda e inclus\u00e3o social por meio da arte.<\/p>\n\n\n\n<p>O p\u00fablico poder\u00e1 encontrar produtos variados como cer\u00e2mica, bordados, bijuterias, alimentos artesanais, itens de decora\u00e7\u00e3o e pe\u00e7as sustent\u00e1veis. A proposta \u00e9 oferecer um ambiente organizado e acolhedor para pequenos empreendedores, incentivando o consumo consciente e a valoriza\u00e7\u00e3o dos saberes tradicionais.<\/p>\n\n\n\n<p><strong>Dica para quem vai visitar:<\/strong> aproveite o passeio no Parque dos P\u00e1ssaros para conhecer a feira e prestigiar o trabalho de artistas locais. \u00c9 uma \u00f3tima oportunidade de levar para casa algo \u00fanico, feito com carinho e identidade \u2014 e ainda ajudar a movimentar a economia da cidade de forma sustent\u00e1vel.<\/p>\n\n\n\n<p><em><a href=\"https:\/\/www.riodasostras.rj.gov.br\/\" title=\"\">Fonte: Secom Pref. Rio das Ostras<\/a><\/em><\/p>\n","protected":false},"excerpt":{"rendered":"<p>Novo local tem como intuito fortalecer a economia criativa e valorizar os pontos tur\u00edsticos da Cidade A Funda\u00e7\u00e3o Rio das Ostras de Cultura lan\u00e7a um novo espa\u00e7o para valorizar a produ\u00e7\u00e3o local: a Feira de Artesanato Parque dos P\u00e1ssaros. O evento acontecer\u00e1 dentro do Parque Municipal, no Jardim Maril\u00e9a, de sexta a domingo, das 9h [&hellip;]<\/p>\n","protected":false},"author":2,"featured_media":19746,"comment_status":"closed","ping_status":"closed","sticky":false,"template":"","format":"standard","meta":{"postBodyCss":"","postBodyMargin":[],"postBodyPadding":[],"postBodyBackground":{"backgroundType":"classic","gradient":""},"footnotes":""},"categories":[86,49],"tags":[92,89,225],"class_list":["post-19745","post","type-post","status-publish","format-standard","has-post-thumbnail","hentry","category-cultura","category-rio-das-ostras","tag-artesanato","tag-prefeitura","tag-turismo"],"aioseo_notices":[],"_links":{"self":[{"href":"https:\/\/aconteceemmacaeeregiao.com.br\/index.php\/wp-json\/wp\/v2\/posts\/19745","targetHints":{"allow":["GET"]}}],"collection":[{"href":"https:\/\/aconteceemmacaeeregiao.com.br\/index.php\/wp-json\/wp\/v2\/posts"}],"about":[{"href":"https:\/\/aconteceemmacaeeregiao.com.br\/index.php\/wp-json\/wp\/v2\/types\/post"}],"author":[{"embeddable":true,"href":"https:\/\/aconteceemmacaeeregiao.com.br\/index.php\/wp-json\/wp\/v2\/users\/2"}],"replies":[{"embeddable":true,"href":"https:\/\/aconteceemmacaeeregiao.com.br\/index.php\/wp-json\/wp\/v2\/comments?post=19745"}],"version-history":[{"count":0,"href":"https:\/\/aconteceemmacaeeregiao.com.br\/index.php\/wp-json\/wp\/v2\/posts\/19745\/revisions"}],"wp:featuredmedia":[{"embeddable":true,"href":"https:\/\/aconteceemmacaeeregiao.com.br\/index.php\/wp-json\/wp\/v2\/media\/19746"}],"wp:attachment":[{"href":"https:\/\/aconteceemmacaeeregiao.com.br\/index.php\/wp-json\/wp\/v2\/media?parent=19745"}],"wp:term":[{"taxonomy":"category","embeddable":true,"href":"https:\/\/aconteceemmacaeeregiao.com.br\/index.php\/wp-json\/wp\/v2\/categories?post=19745"},{"taxonomy":"post_tag","embeddable":true,"href":"https:\/\/aconteceemmacaeeregiao.com.br\/index.php\/wp-json\/wp\/v2\/tags?post=19745"}],"curies":[{"name":"wp","href":"https:\/\/api.w.org\/{rel}","templated":true}]}}