{"id":19786,"date":"2025-04-11T17:00:38","date_gmt":"2025-04-11T20:00:38","guid":{"rendered":"https:\/\/aconteceemmacaeeregiao.com.br\/?p=19786"},"modified":"2025-04-11T17:00:38","modified_gmt":"2025-04-11T20:00:38","slug":"chuvas-intensas-em-macae-superam-media-do-mes-e-causam-transtornos-vias-sao-liberadas-e-defesa-civil-segue-em-alerta","status":"publish","type":"post","link":"https:\/\/aconteceemmacaeeregiao.com.br\/index.php\/2025\/04\/11\/chuvas-intensas-em-macae-superam-media-do-mes-e-causam-transtornos-vias-sao-liberadas-e-defesa-civil-segue-em-alerta\/","title":{"rendered":"Chuvas intensas em Maca\u00e9 superam m\u00e9dia do m\u00eas e causam transtornos; vias s\u00e3o liberadas e Defesa Civil segue em alerta"},"content":{"rendered":"\n<p><a href=\"https:\/\/aconteceemmacaeeregiao.com.br\/index.php\/category\/macae\/\" title=\"Maca\u00e9\">Maca\u00e9<\/a> enfrentou um forte temporal na quinta-feira (10), com volume de 117 mm de chuva em pouco mais de uma hora \u2014 n\u00famero que ultrapassa a m\u00e9dia hist\u00f3rica de precipita\u00e7\u00e3o para todo o m\u00eas de abril. A forte intensidade causou alagamentos em diversas regi\u00f5es, incluindo a Avenida Alu\u00edsio da Silva Gomes, que chegou a ser interditada em frente ao <a href=\"https:\/\/aconteceemmacaeeregiao.com.br\/index.php\/tag\/shopping-plaza-macae\/\" title=\"Shopping Plaza Maca\u00e9\">Shopping Plaza Maca\u00e9<\/a> e \u00e0 Cidade Universit\u00e1ria. A via j\u00e1 est\u00e1 liberada, mas a Prefeitura alerta para aten\u00e7\u00e3o redobrada ao dirigir, especialmente em hor\u00e1rios de pico ou sob nova instabilidade clim\u00e1tica.<\/p>\n\n\n\n<p><a href=\"https:\/\/www.instagram.com\/reel\/DISURqOsw5r\/\" title=\"\">Veja video: Prefeito Welberth Rezende fala sobre as ocorr\u00eancias  <\/a><\/p>\n\n\n\n<p>A Defesa Civil permanece em est\u00e1gio de alerta, com possibilidade de novos eventos meteorol\u00f3gicos severos. Foram registradas 24 ocorr\u00eancias, como queda de \u00e1rvore na Serra da Cruz, muro derrubado no Frade e fam\u00edlias desalojadas \u2014 cinco pessoas foram acolhidas no Hotel de Deus. Os volumes de chuva mais significativos foram registrados na Lagoa (121,6 mm), C\u00f3rrego do Ouro (113,1 mm), e na E. Neiva Mariano (117,2 mm).<\/p>\n\n\n\n<p>Entre as medidas adotadas pela Prefeitura, est\u00e3o a abertura de canais, instala\u00e7\u00e3o de bombas para acelerar o escoamento e a abertura do canal extravasor da Lagoa de Imboassica para evitar transbordamentos. A Faculdade FeMASS suspendeu atividades na sexta-feira (11) devido \u00e0s dificuldades de acesso \u00e0 <a href=\"https:\/\/aconteceemmacaeeregiao.com.br\/index.php\/tag\/cidade-universitaria\/\" title=\"Cidade Universit\u00e1ria\">Cidade Universit\u00e1ria<\/a>.<\/p>\n\n\n\n<p>\ud83d\udccc <strong>Dica de seguran\u00e7a<\/strong>: em caso de nova chuva intensa, evite \u00e1reas alagadas, mantenha dist\u00e2ncia de encostas e fique atento aos canais oficiais. Em emerg\u00eancias, acione a Defesa Civil pelo 199 ou WhatsApp (22) 99103-4275. O Corpo de Bombeiros pode ser contatado pelo 193.<\/p>\n\n\n\n<p><em>Fonte: Secom Pref. Maca\u00e9<\/em><\/p>\n","protected":false},"excerpt":{"rendered":"<p>Maca\u00e9 enfrentou um forte temporal na quinta-feira (10), com volume de 117 mm de chuva em pouco mais de uma hora \u2014 n\u00famero que ultrapassa a m\u00e9dia hist\u00f3rica de precipita\u00e7\u00e3o para todo o m\u00eas de abril. A forte intensidade causou alagamentos em diversas regi\u00f5es, incluindo a Avenida Alu\u00edsio da Silva Gomes, que chegou a ser [&hellip;]<\/p>\n","protected":false},"author":2,"featured_media":19787,"comment_status":"closed","ping_status":"closed","sticky":false,"template":"","format":"standard","meta":{"postBodyCss":"","postBodyMargin":[],"postBodyPadding":[],"postBodyBackground":{"backgroundType":"classic","gradient":""},"footnotes":""},"categories":[42,47],"tags":[264,172,426,89],"class_list":["post-19786","post","type-post","status-publish","format-standard","has-post-thumbnail","hentry","category-macae","category-ocorrencias","tag-chuvas","tag-defesa-civil","tag-prefeito","tag-prefeitura"],"aioseo_notices":[],"_links":{"self":[{"href":"https:\/\/aconteceemmacaeeregiao.com.br\/index.php\/wp-json\/wp\/v2\/posts\/19786","targetHints":{"allow":["GET"]}}],"collection":[{"href":"https:\/\/aconteceemmacaeeregiao.com.br\/index.php\/wp-json\/wp\/v2\/posts"}],"about":[{"href":"https:\/\/aconteceemmacaeeregiao.com.br\/index.php\/wp-json\/wp\/v2\/types\/post"}],"author":[{"embeddable":true,"href":"https:\/\/aconteceemmacaeeregiao.com.br\/index.php\/wp-json\/wp\/v2\/users\/2"}],"replies":[{"embeddable":true,"href":"https:\/\/aconteceemmacaeeregiao.com.br\/index.php\/wp-json\/wp\/v2\/comments?post=19786"}],"version-history":[{"count":0,"href":"https:\/\/aconteceemmacaeeregiao.com.br\/index.php\/wp-json\/wp\/v2\/posts\/19786\/revisions"}],"wp:featuredmedia":[{"embeddable":true,"href":"https:\/\/aconteceemmacaeeregiao.com.br\/index.php\/wp-json\/wp\/v2\/media\/19787"}],"wp:attachment":[{"href":"https:\/\/aconteceemmacaeeregiao.com.br\/index.php\/wp-json\/wp\/v2\/media?parent=19786"}],"wp:term":[{"taxonomy":"category","embeddable":true,"href":"https:\/\/aconteceemmacaeeregiao.com.br\/index.php\/wp-json\/wp\/v2\/categories?post=19786"},{"taxonomy":"post_tag","embeddable":true,"href":"https:\/\/aconteceemmacaeeregiao.com.br\/index.php\/wp-json\/wp\/v2\/tags?post=19786"}],"curies":[{"name":"wp","href":"https:\/\/api.w.org\/{rel}","templated":true}]}}