{"id":19792,"date":"2025-04-11T17:49:08","date_gmt":"2025-04-11T20:49:08","guid":{"rendered":"https:\/\/aconteceemmacaeeregiao.com.br\/?p=19792"},"modified":"2025-04-11T17:49:49","modified_gmt":"2025-04-11T20:49:49","slug":"rio-das-ostras-celebra-33-anos-com-homenagens-emocionantes-e-valorizacao-da-comunidade","status":"publish","type":"post","link":"https:\/\/aconteceemmacaeeregiao.com.br\/index.php\/2025\/04\/11\/rio-das-ostras-celebra-33-anos-com-homenagens-emocionantes-e-valorizacao-da-comunidade\/","title":{"rendered":"Rio das Ostras celebra 33 anos com homenagens emocionantes e valoriza\u00e7\u00e3o da comunidade"},"content":{"rendered":"\n<p>A cidade de <a href=\"https:\/\/aconteceemmacaeeregiao.com.br\/index.php\/category\/regiao\/rio-das-ostras\/\" title=\"Rio das Ostras\">Rio das Ostras <\/a>celebrou com emo\u00e7\u00e3o e orgulho seus 33 anos de emancipa\u00e7\u00e3o pol\u00edtico-administrativa, durante uma <strong>Sess\u00e3o Solene realizada na <a href=\"https:\/\/aconteceemmacaeeregiao.com.br\/index.php\/tag\/camara-municipal-de-macae\/\" title=\"C\u00e2mara Municipal de Maca\u00e9\">C\u00e2mara Municipal<\/a> na noite de quarta-feira (10)<\/strong>. O evento reuniu autoridades, lideran\u00e7as locais e moradores em uma cerim\u00f4nia marcada por homenagens inspiradoras e um forte sentimento de pertencimento.<\/p>\n\n\n\n<p>Ao todo, <strong>30 personalidades foram agraciadas com o T\u00edtulo de Cidad\u00e3o Riostrense<\/strong>, entre elas o prefeito de Casimiro de Abreu, <strong><a href=\"https:\/\/aconteceemmacaeeregiao.com.br\/index.php\/2025\/04\/03\/rio-das-ostras-e-casimiro-de-abreu-se-unem-para-recuperar-estrada-velha-de-rio-dourado\/\" title=\"Rio das Ostras e Casimiro de Abreu se unem para recuperar Estrada Velha de Rio Dourado\">Ramon Gidalte<\/a><\/strong>, a delegada <strong>Dra. Carla Ferr\u00e3o<\/strong>, al\u00e9m de empres\u00e1rios como <strong>Eranis J\u00fanior<\/strong>, da Ci\u00eancia Magistral, e <strong>Jo\u00e3o Marinho<\/strong>, do grupo de hot\u00e9is Vilarejo. As homenagens reconheceram hist\u00f3rias de dedica\u00e7\u00e3o, trabalho e contribui\u00e7\u00e3o significativa para o desenvolvimento da cidade.<\/p>\n\n\n\n<p>O prefeito Carlos Augusto Balthazar destacou a import\u00e2ncia de cada homenageado:<br><em>&#8220;Conhe\u00e7o de perto a hist\u00f3ria de cada um de voc\u00eas. S\u00e3o trajet\u00f3rias que orgulham e representam nossa cidade.&#8221;<\/em><\/p>\n\n\n\n<p>Mais do que uma celebra\u00e7\u00e3o institucional, a noite foi um tributo \u00e0 for\u00e7a do povo riostrense, que, com uni\u00e3o, trabalho e esperan\u00e7a, constr\u00f3i diariamente a hist\u00f3ria de progresso do munic\u00edpio.<\/p>\n\n\n\n<p><strong>Destaque<\/strong>: O evento reafirmou que o verdadeiro patrim\u00f4nio de Rio das Ostras \u00e9 o seu povo \u2013 protagonista de uma hist\u00f3ria que segue sendo escrita com coragem e prop\u00f3sito.<\/p>\n\n\n\n<p><em><a href=\"https:\/\/jornalosol.com.br\/rio-das-ostras-celebra-33-anos-de-emancipacao-em-noite-de-glamour-e-homenagens\/\" title=\"\">Fonte Jornal O SOL<\/a><\/em><\/p>\n","protected":false},"excerpt":{"rendered":"<p>A cidade de Rio das Ostras celebrou com emo\u00e7\u00e3o e orgulho seus 33 anos de emancipa\u00e7\u00e3o pol\u00edtico-administrativa, durante uma Sess\u00e3o Solene realizada na C\u00e2mara Municipal na noite de quarta-feira (10). O evento reuniu autoridades, lideran\u00e7as locais e moradores em uma cerim\u00f4nia marcada por homenagens inspiradoras e um forte sentimento de pertencimento. Ao todo, 30 personalidades [&hellip;]<\/p>\n","protected":false},"author":2,"featured_media":19793,"comment_status":"closed","ping_status":"closed","sticky":false,"template":"","format":"standard","meta":{"postBodyCss":"","postBodyMargin":[],"postBodyPadding":[],"postBodyBackground":{"backgroundType":"classic","gradient":""},"footnotes":""},"categories":[44,49,1],"tags":[438,1060,89],"class_list":["post-19792","post","type-post","status-publish","format-standard","has-post-thumbnail","hentry","category-politica","category-rio-das-ostras","category-sem-categoria","tag-aniversario","tag-camara-de-vereadores","tag-prefeitura"],"aioseo_notices":[],"_links":{"self":[{"href":"https:\/\/aconteceemmacaeeregiao.com.br\/index.php\/wp-json\/wp\/v2\/posts\/19792","targetHints":{"allow":["GET"]}}],"collection":[{"href":"https:\/\/aconteceemmacaeeregiao.com.br\/index.php\/wp-json\/wp\/v2\/posts"}],"about":[{"href":"https:\/\/aconteceemmacaeeregiao.com.br\/index.php\/wp-json\/wp\/v2\/types\/post"}],"author":[{"embeddable":true,"href":"https:\/\/aconteceemmacaeeregiao.com.br\/index.php\/wp-json\/wp\/v2\/users\/2"}],"replies":[{"embeddable":true,"href":"https:\/\/aconteceemmacaeeregiao.com.br\/index.php\/wp-json\/wp\/v2\/comments?post=19792"}],"version-history":[{"count":0,"href":"https:\/\/aconteceemmacaeeregiao.com.br\/index.php\/wp-json\/wp\/v2\/posts\/19792\/revisions"}],"wp:featuredmedia":[{"embeddable":true,"href":"https:\/\/aconteceemmacaeeregiao.com.br\/index.php\/wp-json\/wp\/v2\/media\/19793"}],"wp:attachment":[{"href":"https:\/\/aconteceemmacaeeregiao.com.br\/index.php\/wp-json\/wp\/v2\/media?parent=19792"}],"wp:term":[{"taxonomy":"category","embeddable":true,"href":"https:\/\/aconteceemmacaeeregiao.com.br\/index.php\/wp-json\/wp\/v2\/categories?post=19792"},{"taxonomy":"post_tag","embeddable":true,"href":"https:\/\/aconteceemmacaeeregiao.com.br\/index.php\/wp-json\/wp\/v2\/tags?post=19792"}],"curies":[{"name":"wp","href":"https:\/\/api.w.org\/{rel}","templated":true}]}}