{"id":19795,"date":"2025-04-14T22:21:23","date_gmt":"2025-04-15T01:21:23","guid":{"rendered":"https:\/\/aconteceemmacaeeregiao.com.br\/?p=19795"},"modified":"2025-04-14T22:21:24","modified_gmt":"2025-04-15T01:21:24","slug":"casimiro-de-abreu-entra-no-clima-do-jazz-e-blues-com-grandes-atracoes-durante-o-feriado","status":"publish","type":"post","link":"https:\/\/aconteceemmacaeeregiao.com.br\/index.php\/2025\/04\/14\/casimiro-de-abreu-entra-no-clima-do-jazz-e-blues-com-grandes-atracoes-durante-o-feriado\/","title":{"rendered":"Casimiro de Abreu entra no clima do jazz e blues com grandes atra\u00e7\u00f5es durante o feriado"},"content":{"rendered":"\n<p>De 18 a 21 de abril, <a href=\"https:\/\/aconteceemmacaeeregiao.com.br\/index.php\/category\/regiao\/casimiro-de-abreu\/\" title=\"Casimiro de Abreu\">Casimiro de Abreu<\/a> ser\u00e1 tomada pela boa m\u00fasica com a chegada do <strong>Circuito Sesc <a href=\"https:\/\/aconteceemmacaeeregiao.com.br\/index.php\/2025\/03\/24\/rio-das-ostras-jazz-blues-festival-confirma-atracoes-internacionais-para-2025\/\" title=\"Rio das Ostras Jazz &amp; Blues Festival confirma atra\u00e7\u00f5es internacionais para 2025\">Jazz &amp; Blues 2025<\/a><\/strong>, trazendo artistas renomados como <strong>Rosa Marya Colin<\/strong>, <strong>JJ Thames<\/strong>, <strong>Lorenzo Thompson<\/strong> e <strong>Josiel Konrad<\/strong>. Ser\u00e3o quatro dias de shows gratuitos ao ar livre, reunindo talentos nacionais e internacionais que prometem transformar a cidade em um vibrante palco cultural.<\/p>\n\n\n\n<p>O evento ter\u00e1 apresenta\u00e7\u00f5es de nomes como a ic\u00f4nica Rosa Marya Colin, a poderosa JJ Thames \u2013 considerada um furac\u00e3o do blues \u2013, e o virtuoso trombonista Josiel Konrad, que mistura jazz contempor\u00e2neo com ritmos brasileiros. O line-up ainda inclui Fl\u00e1vio Guimar\u00e3es Blues Band, Dudu Lima &amp; Victor Biglione, Tamara Peterson e muitas outras atra\u00e7\u00f5es imperd\u00edveis, al\u00e9m de bandas locais e o DJ Breno, valorizando os talentos da regi\u00e3o.<\/p>\n\n\n\n<p>Mais do que m\u00fasica, o festival tamb\u00e9m se destaca pelo <strong>projeto Mulheres Plurais<\/strong>, com a\u00e7\u00f5es de conscientiza\u00e7\u00e3o contra o ass\u00e9dio e a viol\u00eancia de g\u00eanero. Os banheiros qu\u00edmicos ter\u00e3o adesivos com mensagens de apoio, QR Code com acesso a redes de ajuda e v\u00eddeos informativos ser\u00e3o exibidos no palco. Uma iniciativa que merece aplausos e refor\u00e7a a import\u00e2ncia de usar grandes eventos para promover a seguran\u00e7a e o respeito \u00e0s mulheres.<\/p>\n\n\n\n<p>Vale lembrar: todos os shows s\u00e3o gratuitos! Uma \u00f3tima oportunidade para curtir o feriado com cultura e responsabilidade. E se for aproveitar, fique atento com pertences, prefira locais iluminados e combine pontos de encontro com amigos ou fam\u00edlia. Eventos assim s\u00e3o para celebrar \u2013 com m\u00fasica boa e seguran\u00e7a para todos.<\/p>\n\n\n\n<p><strong>CONFIRA A PROGRAMA\u00c7\u00c3O DE SHOWS<\/strong><\/p>\n\n\n\n<p><strong>CASIMIRO DE ABREU \u2013 18 a 21 de abril<\/strong><\/p>\n\n\n\n<p><strong>18\/04<\/strong><\/p>\n\n\n\n<p><strong>Palco Beira Rio (a partir das 20h)<\/strong><\/p>\n\n\n\n<p>DJ Breno; Banda KM 50 ; Rosa Marya Colin In Blues<\/p>\n\n\n\n<p><strong>19\/04<\/strong><\/p>\n\n\n\n<p><strong>Palco P\u00f4r do Sol (a partir das 15h)<\/strong><\/p>\n\n\n\n<p>DJ Breno; Big Joe Manfra convida Pedro Quental<\/p>\n\n\n\n<p><strong>Palco Beira Rio (a partir das 20h)<\/strong><\/p>\n\n\n\n<p>Dudu Lima e Victor Bliglione; Fl\u00e1vio Guimar\u00e3es Blues Band; Lorenzo Thompson &amp; Bruno Marques Band (USA)<\/p>\n\n\n\n<p><strong>20\/04<\/strong><\/p>\n\n\n\n<p><strong>Palco Por do Sol (a partir das 15h)<\/strong><\/p>\n\n\n\n<p>DJ Breno; Maur\u00edcio Sahady &amp; Lucky Dice<\/p>\n\n\n\n<p><strong>Palco Beira Rio (a partir das 20h)<\/strong><\/p>\n\n\n\n<p>Thati Dias, ; Josiel Konrad; JJ Thames &amp; Prado Brothers Band (USA)<\/p>\n\n\n\n<p><strong>21\/04<\/strong><\/p>\n\n\n\n<p><strong>Palco P\u00f4r do Sol (a partir das 15h)<\/strong><\/p>\n\n\n\n<p>DJ Breno e Brugger<\/p>\n\n\n\n<p><strong>Palco Beira Rio (a partir das 20h)<\/strong><\/p>\n\n\n\n<p>Mamooth Band; Tamara Peterson &amp; Prado Brothers Band (USA)<\/p>\n","protected":false},"excerpt":{"rendered":"<p>De 18 a 21 de abril, Casimiro de Abreu ser\u00e1 tomada pela boa m\u00fasica com a chegada do Circuito Sesc Jazz &amp; Blues 2025, trazendo artistas renomados como Rosa Marya Colin, JJ Thames, Lorenzo Thompson e Josiel Konrad. Ser\u00e3o quatro dias de shows gratuitos ao ar livre, reunindo talentos nacionais e internacionais que prometem transformar [&hellip;]<\/p>\n","protected":false},"author":2,"featured_media":19796,"comment_status":"closed","ping_status":"closed","sticky":false,"template":"","format":"standard","meta":{"postBodyCss":"","postBodyMargin":[],"postBodyPadding":[],"postBodyBackground":{"backgroundType":"classic","gradient":""},"footnotes":""},"categories":[51,122,46,200,43],"tags":[487,521,90],"class_list":["post-19795","post","type-post","status-publish","format-standard","has-post-thumbnail","hentry","category-barra-de-sao-joao","category-casimiro-de-abreu","category-diversao","category-evento","category-regiao","tag-feriado","tag-jazz-e-blues","tag-shows"],"aioseo_notices":[],"_links":{"self":[{"href":"https:\/\/aconteceemmacaeeregiao.com.br\/index.php\/wp-json\/wp\/v2\/posts\/19795","targetHints":{"allow":["GET"]}}],"collection":[{"href":"https:\/\/aconteceemmacaeeregiao.com.br\/index.php\/wp-json\/wp\/v2\/posts"}],"about":[{"href":"https:\/\/aconteceemmacaeeregiao.com.br\/index.php\/wp-json\/wp\/v2\/types\/post"}],"author":[{"embeddable":true,"href":"https:\/\/aconteceemmacaeeregiao.com.br\/index.php\/wp-json\/wp\/v2\/users\/2"}],"replies":[{"embeddable":true,"href":"https:\/\/aconteceemmacaeeregiao.com.br\/index.php\/wp-json\/wp\/v2\/comments?post=19795"}],"version-history":[{"count":0,"href":"https:\/\/aconteceemmacaeeregiao.com.br\/index.php\/wp-json\/wp\/v2\/posts\/19795\/revisions"}],"wp:featuredmedia":[{"embeddable":true,"href":"https:\/\/aconteceemmacaeeregiao.com.br\/index.php\/wp-json\/wp\/v2\/media\/19796"}],"wp:attachment":[{"href":"https:\/\/aconteceemmacaeeregiao.com.br\/index.php\/wp-json\/wp\/v2\/media?parent=19795"}],"wp:term":[{"taxonomy":"category","embeddable":true,"href":"https:\/\/aconteceemmacaeeregiao.com.br\/index.php\/wp-json\/wp\/v2\/categories?post=19795"},{"taxonomy":"post_tag","embeddable":true,"href":"https:\/\/aconteceemmacaeeregiao.com.br\/index.php\/wp-json\/wp\/v2\/tags?post=19795"}],"curies":[{"name":"wp","href":"https:\/\/api.w.org\/{rel}","templated":true}]}}