{"id":19801,"date":"2025-04-14T22:30:08","date_gmt":"2025-04-15T01:30:08","guid":{"rendered":"https:\/\/aconteceemmacaeeregiao.com.br\/?p=19801"},"modified":"2025-04-14T22:30:09","modified_gmt":"2025-04-15T01:30:09","slug":"conexao-estagio-macae-evento-conecta-empresas-e-estudantes-em-busca-de-oportunidades","status":"publish","type":"post","link":"https:\/\/aconteceemmacaeeregiao.com.br\/index.php\/2025\/04\/14\/conexao-estagio-macae-evento-conecta-empresas-e-estudantes-em-busca-de-oportunidades\/","title":{"rendered":"Conex\u00e3o Est\u00e1gio-Maca\u00e9: evento conecta empresas e estudantes em busca de oportunidades"},"content":{"rendered":"\n<p>Empres\u00e1rios e gestores ainda podem se inscrever para participar do <strong>Conex\u00e3o Est\u00e1gio-Maca\u00e9<\/strong>, que acontece nesta <strong>quarta-feira (16), das 9h \u00e0s 12h<\/strong>, no <strong>Pa\u00e7o Municipal<\/strong>, no Centro de Maca\u00e9. O evento \u00e9 realizado pela <strong>Secretaria Municipal de Trabalho e Renda<\/strong> em parceria com o <strong>CIEE Rio<\/strong>, e tem como objetivo aproximar empresas e estudantes, facilitando o acesso a oportunidades de est\u00e1gio na regi\u00e3o. <a href=\"https:\/\/www.sympla.com.br\/evento\/conexao-estagio-macae\/2896052\" title=\"\">Clique aqui para se inscrever.<\/a><\/p>\n\n\n\n<p>Voltado especialmente para <strong>profissionais das \u00e1reas de RH, Cont\u00e1bil e Jur\u00eddica<\/strong>, o encontro ser\u00e1 uma excelente chance para entender como o programa de <a href=\"https:\/\/aconteceemmacaeeregiao.com.br\/index.php\/2024\/08\/06\/governo-do-estado-divulga-4-121-oportunidades-de-emprego-estagio-e-jovem-aprendiz\/\" title=\"Governo do Estado divulga 4.121 oportunidades de emprego, est\u00e1gio e jovem aprendiz\">est\u00e1gio do CIEE<\/a> funciona em parceria com a Prefeitura, al\u00e9m de oferecer palestras sobre <strong>atra\u00e7\u00e3o de talentos e crescimento empresarial<\/strong>. Oportunidade valiosa tamb\u00e9m para fazer networking com outros gestores e fortalecer conex\u00f5es locais.<\/p>\n\n\n\n<p>O est\u00e1gio \u00e9 uma ponte entre a teoria e a pr\u00e1tica. Para o estudante, \u00e9 a chance de se preparar melhor para o mercado. Para a empresa, \u00e9 uma forma de investir em novos talentos, moldando profissionais desde o in\u00edcio e fortalecendo sua equipe com pessoas dispostas a aprender e crescer.<\/p>\n\n\n\n<p>\ud83d\udccd <strong>Endere\u00e7o<\/strong>: Avenida Presidente Feliciano Sodr\u00e9, 534 \u2013 Centro, Maca\u00e9.<\/p>\n\n\n\n<p><em>Fonte: Secom Pref. Maca\u00e9<\/em><\/p>\n","protected":false},"excerpt":{"rendered":"<p>Empres\u00e1rios e gestores ainda podem se inscrever para participar do Conex\u00e3o Est\u00e1gio-Maca\u00e9, que acontece nesta quarta-feira (16), das 9h \u00e0s 12h, no Pa\u00e7o Municipal, no Centro de Maca\u00e9. O evento \u00e9 realizado pela Secretaria Municipal de Trabalho e Renda em parceria com o CIEE Rio, e tem como objetivo aproximar empresas e estudantes, facilitando o [&hellip;]<\/p>\n","protected":false},"author":2,"featured_media":12087,"comment_status":"closed","ping_status":"closed","sticky":false,"template":"","format":"standard","meta":{"postBodyCss":"","postBodyMargin":[],"postBodyPadding":[],"postBodyBackground":{"backgroundType":"classic","gradient":""},"footnotes":""},"categories":[73,42],"tags":[194,82,435,89],"class_list":["post-19801","post","type-post","status-publish","format-standard","has-post-thumbnail","hentry","category-emprego","category-macae","tag-estagio","tag-oportunidade","tag-paco-municipal","tag-prefeitura"],"aioseo_notices":[],"_links":{"self":[{"href":"https:\/\/aconteceemmacaeeregiao.com.br\/index.php\/wp-json\/wp\/v2\/posts\/19801","targetHints":{"allow":["GET"]}}],"collection":[{"href":"https:\/\/aconteceemmacaeeregiao.com.br\/index.php\/wp-json\/wp\/v2\/posts"}],"about":[{"href":"https:\/\/aconteceemmacaeeregiao.com.br\/index.php\/wp-json\/wp\/v2\/types\/post"}],"author":[{"embeddable":true,"href":"https:\/\/aconteceemmacaeeregiao.com.br\/index.php\/wp-json\/wp\/v2\/users\/2"}],"replies":[{"embeddable":true,"href":"https:\/\/aconteceemmacaeeregiao.com.br\/index.php\/wp-json\/wp\/v2\/comments?post=19801"}],"version-history":[{"count":0,"href":"https:\/\/aconteceemmacaeeregiao.com.br\/index.php\/wp-json\/wp\/v2\/posts\/19801\/revisions"}],"wp:featuredmedia":[{"embeddable":true,"href":"https:\/\/aconteceemmacaeeregiao.com.br\/index.php\/wp-json\/wp\/v2\/media\/12087"}],"wp:attachment":[{"href":"https:\/\/aconteceemmacaeeregiao.com.br\/index.php\/wp-json\/wp\/v2\/media?parent=19801"}],"wp:term":[{"taxonomy":"category","embeddable":true,"href":"https:\/\/aconteceemmacaeeregiao.com.br\/index.php\/wp-json\/wp\/v2\/categories?post=19801"},{"taxonomy":"post_tag","embeddable":true,"href":"https:\/\/aconteceemmacaeeregiao.com.br\/index.php\/wp-json\/wp\/v2\/tags?post=19801"}],"curies":[{"name":"wp","href":"https:\/\/api.w.org\/{rel}","templated":true}]}}