{"id":19803,"date":"2025-04-14T22:41:44","date_gmt":"2025-04-15T01:41:44","guid":{"rendered":"https:\/\/aconteceemmacaeeregiao.com.br\/?p=19803"},"modified":"2025-04-14T22:41:45","modified_gmt":"2025-04-15T01:41:45","slug":"rio-das-ostras-abre-inscricoes-para-cursos-gratuitos-de-informatica-vagas-limitadas","status":"publish","type":"post","link":"https:\/\/aconteceemmacaeeregiao.com.br\/index.php\/2025\/04\/14\/rio-das-ostras-abre-inscricoes-para-cursos-gratuitos-de-informatica-vagas-limitadas\/","title":{"rendered":"Rio das Ostras abre inscri\u00e7\u00f5es para cursos gratuitos de inform\u00e1tica \u2013 vagas limitadas!"},"content":{"rendered":"\n<p>Aten\u00e7\u00e3o moradores de <strong><a href=\"https:\/\/aconteceemmacaeeregiao.com.br\/index.php\/category\/regiao\/rio-das-ostras\/\" title=\"Rio das Ostras\">Rio das Ostras<\/a><\/strong>! A <strong>Secretaria Municipal de Gest\u00e3o P\u00fablica<\/strong>, por meio do Programa de Qualifica\u00e7\u00e3o Profissional, est\u00e1 oferecendo <strong>cursos gratuitos e presenciais de inform\u00e1tica<\/strong>. As inscri\u00e7\u00f5es devem ser feitas <strong>exclusivamente pela internet<\/strong>, entre <strong>10h desta quarta (16)<\/strong> e <strong>16h de quinta (17)<\/strong>, no site:<br>\ud83d\udc49 <a class=\"\" href=\"http:\/\/www.riodasostras.rj.gov.br\/qualificacao\">www.riodasostras.rj.gov.br\/qualificacao<\/a><\/p>\n\n\n\n<p>S\u00e3o <strong>30 vagas<\/strong> distribu\u00eddas entre os cursos de <strong>Excel (12 vagas)<\/strong>, <strong>Inform\u00e1tica Inicial (15 vagas)<\/strong> e <strong>Inform\u00e1tica para o Mundo do Trabalho (3 vagas)<\/strong>, com aulas presenciais nos polos de <strong>Nova Esperan\u00e7a<\/strong>, <strong>S\u00e3o Crist\u00f3v\u00e3o<\/strong> e <strong>Cidade Beira Mar<\/strong>.<\/p>\n\n\n\n<p>\ud83d\udc68\u200d\ud83d\udcbb <strong>Quem pode participar:<\/strong><\/p>\n\n\n\n<ul class=\"wp-block-list\">\n<li>Ter <strong>15 anos ou mais<\/strong><\/li>\n\n\n\n<li>Residir em <strong>Rio das Ostras<\/strong><\/li>\n\n\n\n<li>Atender \u00e0 escolaridade exigida:\n<ul class=\"wp-block-list\">\n<li><strong>Excel e Mundo do Trabalho<\/strong>: Ensino Fundamental completo<\/li>\n\n\n\n<li><strong>Inform\u00e1tica Inicial<\/strong>: n\u00e3o exige conclus\u00e3o do Fundamental<\/li>\n<\/ul>\n<\/li>\n<\/ul>\n\n\n\n<p>\ud83d\udcda As aulas come\u00e7am em <strong>6 de maio<\/strong> e o material ser\u00e1 disponibilizado digitalmente. A presen\u00e7a \u00e9 obrigat\u00f3ria, ent\u00e3o \u00e9 importante se comprometer com o cronograma!<\/p>\n\n\n\n<p>Confira abaixo informa\u00e7\u00f5es detalhadas dos cursos:<\/p>\n\n\n\n<figure class=\"wp-block-table\"><table class=\"has-fixed-layout\"><tbody><tr><td>CURSO<\/td><td>CARGAHOR\u00c1RIA<\/td><td>PR\u00c9-REQUISITOS<\/td><td>VAGAS<\/td><td>IDADE<\/td><td>LOCAL<\/td><td>DIA EHOR\u00c1RIO<\/td><td>PER\u00cdODO<\/td><\/tr><tr><td>Excel (Planilhas Eletr\u00f4nicas)<\/td><td>102 horas<\/td><td>Ensino FundamentalCompleto<\/td><td>12<\/td><td>A partir de 15 anos<\/td><td>CMIDNova Esperan\u00e7a<\/td><td>Ter\u00e7a e Quinta, 14h \u00e0s 16h<\/td><td>06\/05\/2025 a 17\/06\/2025<\/td><\/tr><tr><td>Inform\u00e1ticaInicial<\/td><td>102 horas<\/td><td>Ensino FundamentalIncompleto<\/td><td>07<\/td><td>A partir de 15 anos<\/td><td>CMIDS\u00e3o Crist\u00f3v\u00e3o<\/td><td>Ter\u00e7a e Quinta, 9h \u00e0s 11h<\/td><td>06\/05\/2025 a 17\/06\/2025<\/td><\/tr><tr><td>Inform\u00e1ticaInicial<\/td><td>102 horas<\/td><td>Ensino FundamentalIncompleto<\/td><td>08<\/td><td>A partir de 15 anos<\/td><td>CMIDS\u00e3o Crist\u00f3v\u00e3o<\/td><td>Ter\u00e7a e Quinta, 14h \u00e0s 16h<\/td><td>06\/05\/2025 a 17\/06\/2025<\/td><\/tr><tr><td>Inform\u00e1tica para o Mundo do Trabalho<\/td><td>152 horas<\/td><td>Ensino Fundamental completo<\/td><td>03<\/td><td>A partir de 15 anos<\/td><td>CMID CRAS Sul Cidade Beira Mar<\/td><td>Ter\u00e7a e Quinta, 14h \u00e0s 16h<\/td><td>06\/05\/2025 a 26\/06\/2025<\/td><\/tr><\/tbody><\/table><\/figure>\n\n\n\n<p><em>Fonte: Secom Pref. Rio das Ostras<\/em><\/p>\n","protected":false},"excerpt":{"rendered":"<p>Aten\u00e7\u00e3o moradores de Rio das Ostras! A Secretaria Municipal de Gest\u00e3o P\u00fablica, por meio do Programa de Qualifica\u00e7\u00e3o Profissional, est\u00e1 oferecendo cursos gratuitos e presenciais de inform\u00e1tica. As inscri\u00e7\u00f5es devem ser feitas exclusivamente pela internet, entre 10h desta quarta (16) e 16h de quinta (17), no site:\ud83d\udc49 www.riodasostras.rj.gov.br\/qualificacao S\u00e3o 30 vagas distribu\u00eddas entre os cursos [&hellip;]<\/p>\n","protected":false},"author":2,"featured_media":19804,"comment_status":"closed","ping_status":"closed","sticky":false,"template":"","format":"standard","meta":{"postBodyCss":"","postBodyMargin":[],"postBodyPadding":[],"postBodyBackground":{"backgroundType":"classic","gradient":""},"footnotes":""},"categories":[61,49],"tags":[132,82,89,571,87],"class_list":["post-19803","post","type-post","status-publish","format-standard","has-post-thumbnail","hentry","category-educacao","category-rio-das-ostras","tag-cursos-gratuitos","tag-oportunidade","tag-prefeitura","tag-qualificacao","tag-vagas"],"aioseo_notices":[],"_links":{"self":[{"href":"https:\/\/aconteceemmacaeeregiao.com.br\/index.php\/wp-json\/wp\/v2\/posts\/19803","targetHints":{"allow":["GET"]}}],"collection":[{"href":"https:\/\/aconteceemmacaeeregiao.com.br\/index.php\/wp-json\/wp\/v2\/posts"}],"about":[{"href":"https:\/\/aconteceemmacaeeregiao.com.br\/index.php\/wp-json\/wp\/v2\/types\/post"}],"author":[{"embeddable":true,"href":"https:\/\/aconteceemmacaeeregiao.com.br\/index.php\/wp-json\/wp\/v2\/users\/2"}],"replies":[{"embeddable":true,"href":"https:\/\/aconteceemmacaeeregiao.com.br\/index.php\/wp-json\/wp\/v2\/comments?post=19803"}],"version-history":[{"count":0,"href":"https:\/\/aconteceemmacaeeregiao.com.br\/index.php\/wp-json\/wp\/v2\/posts\/19803\/revisions"}],"wp:featuredmedia":[{"embeddable":true,"href":"https:\/\/aconteceemmacaeeregiao.com.br\/index.php\/wp-json\/wp\/v2\/media\/19804"}],"wp:attachment":[{"href":"https:\/\/aconteceemmacaeeregiao.com.br\/index.php\/wp-json\/wp\/v2\/media?parent=19803"}],"wp:term":[{"taxonomy":"category","embeddable":true,"href":"https:\/\/aconteceemmacaeeregiao.com.br\/index.php\/wp-json\/wp\/v2\/categories?post=19803"},{"taxonomy":"post_tag","embeddable":true,"href":"https:\/\/aconteceemmacaeeregiao.com.br\/index.php\/wp-json\/wp\/v2\/tags?post=19803"}],"curies":[{"name":"wp","href":"https:\/\/api.w.org\/{rel}","templated":true}]}}