{"id":19851,"date":"2025-04-17T17:23:37","date_gmt":"2025-04-17T20:23:37","guid":{"rendered":"https:\/\/aconteceemmacaeeregiao.com.br\/?p=19851"},"modified":"2025-04-17T17:23:38","modified_gmt":"2025-04-17T20:23:38","slug":"jovem-macaense-vai-estrear-no-maior-evento-de-kickboxing-da-america-latina","status":"publish","type":"post","link":"https:\/\/aconteceemmacaeeregiao.com.br\/index.php\/2025\/04\/17\/jovem-macaense-vai-estrear-no-maior-evento-de-kickboxing-da-america-latina\/","title":{"rendered":"Jovem macaense vai estrear no maior evento de Kickboxing da Am\u00e9rica Latina"},"content":{"rendered":"\n<p>O atleta <strong><a href=\"https:\/\/aconteceemmacaeeregiao.com.br\/index.php\/2024\/11\/07\/atletas-macaenses-brilham-no-pan-americano-de-kickboxing-no-chile\/\" title=\"Atletas macaenses brilham no Pan-Americano de Kickboxing no Chile\">Paulo Victor Madureira<\/a><\/strong>, de apenas 19 anos, est\u00e1 prestes a representar Maca\u00e9 com garra e talento no <strong>WGP 80<\/strong>, o maior evento de Kickboxing da Am\u00e9rica Latina, que acontece no dia <strong>26 de abril<\/strong>, em Aracaju (SE). Ele ser\u00e1 o <strong>terceiro macaense<\/strong> a pisar no tatame desse grande campeonato e enfrentar\u00e1 o experiente lutador <strong>Luazin Rios<\/strong> no Gin\u00e1sio de Esportes Const\u00e2ncio Vieira. A luta ser\u00e1 transmitida ao vivo pelo <strong>Canal Combate<\/strong>.<\/p>\n\n\n\n<p>Morador do <a href=\"https:\/\/aconteceemmacaeeregiao.com.br\/index.php\/tag\/parque-aeroporto\/\" title=\"Parque Aeroporto\">Parque Aeroporto <\/a>e estudante de Educa\u00e7\u00e3o F\u00edsica, Paulo Victor \u00e9 integrante da <strong>equipe Team Moreira<\/strong> e se orgulha de contar com o apoio do programa <strong><a href=\"https:\/\/aconteceemmacaeeregiao.com.br\/index.php\/tag\/bolsa-atleta\/\" title=\"Bolsa Atleta\">Bolsa Atleta<\/a><\/strong>, da Prefeitura de Maca\u00e9, que tem sido essencial para sua dedica\u00e7\u00e3o aos treinos e desempenho nas competi\u00e7\u00f5es. \u201cEsse incentivo financeiro mudou minha rotina como atleta. Treino com foco total, e isso se reflete nos resultados\u201d, afirma.<\/p>\n\n\n\n<p>Com um curr\u00edculo impressionante, o jovem soma conquistas como <strong>bicampe\u00e3o brasileiro<\/strong>, <strong>tricampe\u00e3o pan-americano<\/strong>, <strong>campe\u00e3o Copa Brasil<\/strong>, entre outros t\u00edtulos regionais e nacionais. Recentemente, foi eleito o <strong>Melhor Atleta de 2024<\/strong>, mostrando que, apesar da pouca idade, j\u00e1 \u00e9 uma refer\u00eancia no esporte.<\/p>\n\n\n\n<p>\ud83c\udfc5 <em>Dica para jovens atletas:<\/em> se voc\u00ea pratica esportes de forma competitiva, informe-se sobre programas de incentivo na sua cidade. Apoios como o Bolsa Atleta podem ser o empurr\u00e3o que falta para transformar paix\u00e3o em carreira!<\/p>\n\n\n\n<p><em><a href=\"https:\/\/www.macae.rj.gov.br\/noticias\/leitura\/noticia\/paulo-victor-e-o-terceiro-representante-macaense-no-maior-evento-de-kickboxing-da-america-latina\" title=\"\">Fonte: Secom Pref. Maca\u00e9<\/a><\/em><\/p>\n","protected":false},"excerpt":{"rendered":"<p>O atleta Paulo Victor Madureira, de apenas 19 anos, est\u00e1 prestes a representar Maca\u00e9 com garra e talento no WGP 80, o maior evento de Kickboxing da Am\u00e9rica Latina, que acontece no dia 26 de abril, em Aracaju (SE). Ele ser\u00e1 o terceiro macaense a pisar no tatame desse grande campeonato e enfrentar\u00e1 o experiente [&hellip;]<\/p>\n","protected":false},"author":2,"featured_media":19852,"comment_status":"closed","ping_status":"closed","sticky":false,"template":"","format":"standard","meta":{"postBodyCss":"","postBodyMargin":[],"postBodyPadding":[],"postBodyBackground":{"backgroundType":"classic","gradient":""},"footnotes":""},"categories":[6,42],"tags":[380,746,229,89],"class_list":["post-19851","post","type-post","status-publish","format-standard","has-post-thumbnail","hentry","category-esporte","category-macae","tag-bolsa-atleta","tag-campeonato","tag-kickboxing","tag-prefeitura"],"aioseo_notices":[],"_links":{"self":[{"href":"https:\/\/aconteceemmacaeeregiao.com.br\/index.php\/wp-json\/wp\/v2\/posts\/19851","targetHints":{"allow":["GET"]}}],"collection":[{"href":"https:\/\/aconteceemmacaeeregiao.com.br\/index.php\/wp-json\/wp\/v2\/posts"}],"about":[{"href":"https:\/\/aconteceemmacaeeregiao.com.br\/index.php\/wp-json\/wp\/v2\/types\/post"}],"author":[{"embeddable":true,"href":"https:\/\/aconteceemmacaeeregiao.com.br\/index.php\/wp-json\/wp\/v2\/users\/2"}],"replies":[{"embeddable":true,"href":"https:\/\/aconteceemmacaeeregiao.com.br\/index.php\/wp-json\/wp\/v2\/comments?post=19851"}],"version-history":[{"count":0,"href":"https:\/\/aconteceemmacaeeregiao.com.br\/index.php\/wp-json\/wp\/v2\/posts\/19851\/revisions"}],"wp:featuredmedia":[{"embeddable":true,"href":"https:\/\/aconteceemmacaeeregiao.com.br\/index.php\/wp-json\/wp\/v2\/media\/19852"}],"wp:attachment":[{"href":"https:\/\/aconteceemmacaeeregiao.com.br\/index.php\/wp-json\/wp\/v2\/media?parent=19851"}],"wp:term":[{"taxonomy":"category","embeddable":true,"href":"https:\/\/aconteceemmacaeeregiao.com.br\/index.php\/wp-json\/wp\/v2\/categories?post=19851"},{"taxonomy":"post_tag","embeddable":true,"href":"https:\/\/aconteceemmacaeeregiao.com.br\/index.php\/wp-json\/wp\/v2\/tags?post=19851"}],"curies":[{"name":"wp","href":"https:\/\/api.w.org\/{rel}","templated":true}]}}