{"id":19882,"date":"2025-04-25T18:43:10","date_gmt":"2025-04-25T21:43:10","guid":{"rendered":"https:\/\/aconteceemmacaeeregiao.com.br\/?p=19882"},"modified":"2025-04-25T18:43:11","modified_gmt":"2025-04-25T21:43:11","slug":"buzios-recebe-grandes-nomes-do-jazz-e-blues-com-shows-gratuitos-no-feriado-do-dia-do-trabalhador","status":"publish","type":"post","link":"https:\/\/aconteceemmacaeeregiao.com.br\/index.php\/2025\/04\/25\/buzios-recebe-grandes-nomes-do-jazz-e-blues-com-shows-gratuitos-no-feriado-do-dia-do-trabalhador\/","title":{"rendered":"B\u00fazios recebe grandes nomes do jazz e blues com shows gratuitos no feriado do Dia do Trabalhador"},"content":{"rendered":"\n<p>O balne\u00e1rio de B\u00fazios ser\u00e1 novamente palco do <strong>Circuito Sesc Jazz &amp; Blues<\/strong>, entre os dias <strong>1\u00ba e 4 de maio<\/strong>, com apresenta\u00e7\u00f5es gratuitas de grandes artistas nacionais e internacionais. O evento ter\u00e1 dois palcos \u2013 na <strong>Praia dos Ossos e na Pra\u00e7a Santos Dumont<\/strong> \u2013 e trar\u00e1 nomes como <strong>Rosa Marya Colin<\/strong>, <strong>Rodrigo Suricato<\/strong>, <strong>Josiel Konrad<\/strong>, <strong>Banda Black Rio<\/strong>, <strong>Lorenzo Thompson (EUA)<\/strong>, entre outros.<\/p>\n\n\n\n<p>Entre os destaques, a veterana <strong>Rosa Marya Colin<\/strong> apresenta seu show exclusivo de blues com cl\u00e1ssicos como <em>Summertime<\/em> e <em>St. Louis Blues<\/em>. J\u00e1 <strong>Rodrigo Suricato<\/strong> promete empolgar o p\u00fablico com sua guitarra marcante e o show <em>The Blues Rock Experience<\/em>. A programa\u00e7\u00e3o inclui ainda nomes consagrados como a Banda Black Rio, al\u00e9m de atra\u00e7\u00f5es internacionais que refor\u00e7am o prest\u00edgio do evento.<\/p>\n\n\n<div class=\"wp-block-image\">\n<figure class=\"aligncenter size-large\"><img fetchpriority=\"high\" decoding=\"async\" width=\"1024\" height=\"683\" src=\"https:\/\/aconteceemmacaeeregiao.com.br\/wp-content\/uploads\/2025\/04\/Rosa-Marya-Colin-Foto-1-1024x683.jpg\" alt=\"\" class=\"wp-image-19884\" srcset=\"https:\/\/aconteceemmacaeeregiao.com.br\/wp-content\/uploads\/2025\/04\/Rosa-Marya-Colin-Foto-1-1024x683.jpg 1024w, https:\/\/aconteceemmacaeeregiao.com.br\/wp-content\/uploads\/2025\/04\/Rosa-Marya-Colin-Foto-1-300x200.jpg 300w, https:\/\/aconteceemmacaeeregiao.com.br\/wp-content\/uploads\/2025\/04\/Rosa-Marya-Colin-Foto-1-768x512.jpg 768w, https:\/\/aconteceemmacaeeregiao.com.br\/wp-content\/uploads\/2025\/04\/Rosa-Marya-Colin-Foto-1-1536x1024.jpg 1536w, https:\/\/aconteceemmacaeeregiao.com.br\/wp-content\/uploads\/2025\/04\/Rosa-Marya-Colin-Foto-1-2048x1365.jpg 2048w, https:\/\/aconteceemmacaeeregiao.com.br\/wp-content\/uploads\/2025\/04\/Rosa-Marya-Colin-Foto-1-1200x800.jpg 1200w\" sizes=\"(max-width: 1024px) 100vw, 1024px\" \/><figcaption class=\"wp-element-caption\">Rosa Marya Colin &#8211; Foto Divulga\u00e7\u00e3o<\/figcaption><\/figure>\n<\/div>\n\n\n<p>Al\u00e9m da m\u00fasica de qualidade, o festival tamb\u00e9m promove a\u00e7\u00f5es sociais. Atrav\u00e9s do projeto <strong>Mulheres Plurais<\/strong>, haver\u00e1 distribui\u00e7\u00e3o de informa\u00e7\u00f5es contra o ass\u00e9dio e a viol\u00eancia de g\u00eanero, com QR Codes nos banheiros qu\u00edmicos e conte\u00fados educativos em portugu\u00eas, ingl\u00eas e espanhol. Uma iniciativa importante para garantir seguran\u00e7a e conscientiza\u00e7\u00e3o no ambiente do evento.<\/p>\n\n\n\n<p>O festival \u00e9 uma realiza\u00e7\u00e3o do Sesc RJ com apoio da Prefeitura de B\u00fazios, e movimenta a cidade com cultura, lazer e turismo. A programa\u00e7\u00e3o completa e os hor\u00e1rios podem ser conferidos em <a class=\"\" href=\"https:\/\/circuitosescjazzeblues.com.br\">circuitosescjazzeblues.com.br<\/a>. Vale acompanhar para n\u00e3o perder nenhuma atra\u00e7\u00e3o!<\/p>\n","protected":false},"excerpt":{"rendered":"<p>O balne\u00e1rio de B\u00fazios ser\u00e1 novamente palco do Circuito Sesc Jazz &amp; Blues, entre os dias 1\u00ba e 4 de maio, com apresenta\u00e7\u00f5es gratuitas de grandes artistas nacionais e internacionais. O evento ter\u00e1 dois palcos \u2013 na Praia dos Ossos e na Pra\u00e7a Santos Dumont \u2013 e trar\u00e1 nomes como Rosa Marya Colin, Rodrigo Suricato, [&hellip;]<\/p>\n","protected":false},"author":2,"featured_media":19883,"comment_status":"closed","ping_status":"closed","sticky":false,"template":"","format":"standard","meta":{"postBodyCss":"","postBodyMargin":[],"postBodyPadding":[],"postBodyBackground":{"backgroundType":"classic","gradient":""},"footnotes":""},"categories":[168,86,46],"tags":[487,521,156,90],"class_list":["post-19882","post","type-post","status-publish","format-standard","has-post-thumbnail","hentry","category-buzios","category-cultura","category-diversao","tag-feriado","tag-jazz-e-blues","tag-sesc","tag-shows"],"aioseo_notices":[],"_links":{"self":[{"href":"https:\/\/aconteceemmacaeeregiao.com.br\/index.php\/wp-json\/wp\/v2\/posts\/19882","targetHints":{"allow":["GET"]}}],"collection":[{"href":"https:\/\/aconteceemmacaeeregiao.com.br\/index.php\/wp-json\/wp\/v2\/posts"}],"about":[{"href":"https:\/\/aconteceemmacaeeregiao.com.br\/index.php\/wp-json\/wp\/v2\/types\/post"}],"author":[{"embeddable":true,"href":"https:\/\/aconteceemmacaeeregiao.com.br\/index.php\/wp-json\/wp\/v2\/users\/2"}],"replies":[{"embeddable":true,"href":"https:\/\/aconteceemmacaeeregiao.com.br\/index.php\/wp-json\/wp\/v2\/comments?post=19882"}],"version-history":[{"count":0,"href":"https:\/\/aconteceemmacaeeregiao.com.br\/index.php\/wp-json\/wp\/v2\/posts\/19882\/revisions"}],"wp:featuredmedia":[{"embeddable":true,"href":"https:\/\/aconteceemmacaeeregiao.com.br\/index.php\/wp-json\/wp\/v2\/media\/19883"}],"wp:attachment":[{"href":"https:\/\/aconteceemmacaeeregiao.com.br\/index.php\/wp-json\/wp\/v2\/media?parent=19882"}],"wp:term":[{"taxonomy":"category","embeddable":true,"href":"https:\/\/aconteceemmacaeeregiao.com.br\/index.php\/wp-json\/wp\/v2\/categories?post=19882"},{"taxonomy":"post_tag","embeddable":true,"href":"https:\/\/aconteceemmacaeeregiao.com.br\/index.php\/wp-json\/wp\/v2\/tags?post=19882"}],"curies":[{"name":"wp","href":"https:\/\/api.w.org\/{rel}","templated":true}]}}