{"id":19896,"date":"2025-04-29T18:48:12","date_gmt":"2025-04-29T21:48:12","guid":{"rendered":"https:\/\/aconteceemmacaeeregiao.com.br\/?p=19896"},"modified":"2025-04-29T18:49:40","modified_gmt":"2025-04-29T21:49:40","slug":"buzios-celebra-o-dia-do-trabalhador-com-acao-social-repleta-de-servicos-gratuitos","status":"publish","type":"post","link":"https:\/\/aconteceemmacaeeregiao.com.br\/index.php\/2025\/04\/29\/buzios-celebra-o-dia-do-trabalhador-com-acao-social-repleta-de-servicos-gratuitos\/","title":{"rendered":"B\u00fazios celebra o Dia do Trabalhador com a\u00e7\u00e3o social repleta de servi\u00e7os gratuitos"},"content":{"rendered":"\n<p>Na pr\u00f3xima quarta-feira, 1\u00ba de maio, a Prefeitura de<a href=\"https:\/\/aconteceemmacaeeregiao.com.br\/index.php\/tag\/buzios\/\" title=\"b\u00fazios\"> B\u00fazios<\/a> promove uma grande a\u00e7\u00e3o social em comemora\u00e7\u00e3o ao Dia do Trabalhador e ao Dia Internacional do Jovem Trabalhador. A iniciativa, que acontecer\u00e1 a partir das 10h na Pra\u00e7a Tia Uia, ao lado do INEFI, \u00e9 organizada pelas secretarias municipais de Desenvolvimento Social, Trabalho e Renda, Juventude, Mulher e Sa\u00fade.<\/p>\n\n\n\n<p>Durante o evento, a popula\u00e7\u00e3o poder\u00e1 acessar diversos servi\u00e7os gratuitos voltados \u00e0 cidadania, como emiss\u00e3o de documentos (RG e certid\u00e3o de nascimento), aferi\u00e7\u00e3o de press\u00e3o arterial, testes de glicemia, maquiagem, barbearia, e orienta\u00e7\u00f5es sobre a carteira de trabalho. Tamb\u00e9m haver\u00e1 apoio na cria\u00e7\u00e3o e atualiza\u00e7\u00e3o de curr\u00edculos e a emiss\u00e3o da ID Jovem \u2014 documento que garante benef\u00edcios a jovens de baixa renda.<\/p>\n\n\n\n<p>Al\u00e9m de uma oportunidade para resolver pend\u00eancias do dia a dia, a a\u00e7\u00e3o \u00e9 um incentivo ao fortalecimento da inclus\u00e3o social e ao acesso a pol\u00edticas p\u00fablicas, especialmente para quem est\u00e1 em busca do primeiro emprego ou deseja se recolocar no mercado. Para quem busca uma vaga, \u00e9 essencial manter o curr\u00edculo sempre atualizado e aproveitar essas a\u00e7\u00f5es para ampliar seu networking.<\/p>\n\n\n\n<p>Fique atento: em eventos assim, \u00e9 importante levar documentos pessoais e, se poss\u00edvel, comprovantes de resid\u00eancia. E vale lembrar \u2014 servi\u00e7os como atualiza\u00e7\u00e3o no Cadastro \u00danico s\u00e3o essenciais para garantir acesso a programas sociais do governo.<\/p>\n\n\n<div class=\"wp-block-image\">\n<figure class=\"aligncenter size-large is-resized\"><img fetchpriority=\"high\" decoding=\"async\" width=\"1024\" height=\"1024\" src=\"https:\/\/aconteceemmacaeeregiao.com.br\/wp-content\/uploads\/2025\/04\/WhatsApp-Image-2025-04-29-at-11.24.18-1-1024x1024.webp\" alt=\"\" class=\"wp-image-19898\" style=\"width:478px;height:auto\" srcset=\"https:\/\/aconteceemmacaeeregiao.com.br\/wp-content\/uploads\/2025\/04\/WhatsApp-Image-2025-04-29-at-11.24.18-1-1024x1024.webp 1024w, https:\/\/aconteceemmacaeeregiao.com.br\/wp-content\/uploads\/2025\/04\/WhatsApp-Image-2025-04-29-at-11.24.18-1-300x300.webp 300w, https:\/\/aconteceemmacaeeregiao.com.br\/wp-content\/uploads\/2025\/04\/WhatsApp-Image-2025-04-29-at-11.24.18-1-150x150.webp 150w, https:\/\/aconteceemmacaeeregiao.com.br\/wp-content\/uploads\/2025\/04\/WhatsApp-Image-2025-04-29-at-11.24.18-1-768x768.webp 768w, https:\/\/aconteceemmacaeeregiao.com.br\/wp-content\/uploads\/2025\/04\/WhatsApp-Image-2025-04-29-at-11.24.18-1-600x600.webp 600w, https:\/\/aconteceemmacaeeregiao.com.br\/wp-content\/uploads\/2025\/04\/WhatsApp-Image-2025-04-29-at-11.24.18-1-70x70.webp 70w, https:\/\/aconteceemmacaeeregiao.com.br\/wp-content\/uploads\/2025\/04\/WhatsApp-Image-2025-04-29-at-11.24.18-1.webp 1080w\" sizes=\"(max-width: 1024px) 100vw, 1024px\" \/><\/figure>\n<\/div>\n\n\n<p><\/p>\n\n\n\n<p><em>Fonte: Secom Pref de B\u00fazios<\/em><\/p>\n","protected":false},"excerpt":{"rendered":"<p>Na pr\u00f3xima quarta-feira, 1\u00ba de maio, a Prefeitura de B\u00fazios promove uma grande a\u00e7\u00e3o social em comemora\u00e7\u00e3o ao Dia do Trabalhador e ao Dia Internacional do Jovem Trabalhador. A iniciativa, que acontecer\u00e1 a partir das 10h na Pra\u00e7a Tia Uia, ao lado do INEFI, \u00e9 organizada pelas secretarias municipais de Desenvolvimento Social, Trabalho e Renda, [&hellip;]<\/p>\n","protected":false},"author":2,"featured_media":19897,"comment_status":"closed","ping_status":"closed","sticky":false,"template":"","format":"standard","meta":{"postBodyCss":"","postBodyMargin":[],"postBodyPadding":[],"postBodyBackground":{"backgroundType":"classic","gradient":""},"footnotes":""},"categories":[168,73],"tags":[159,82,89,118],"class_list":["post-19896","post","type-post","status-publish","format-standard","has-post-thumbnail","hentry","category-buzios","category-emprego","tag-gratuidade","tag-oportunidade","tag-prefeitura","tag-social"],"aioseo_notices":[],"_links":{"self":[{"href":"https:\/\/aconteceemmacaeeregiao.com.br\/index.php\/wp-json\/wp\/v2\/posts\/19896","targetHints":{"allow":["GET"]}}],"collection":[{"href":"https:\/\/aconteceemmacaeeregiao.com.br\/index.php\/wp-json\/wp\/v2\/posts"}],"about":[{"href":"https:\/\/aconteceemmacaeeregiao.com.br\/index.php\/wp-json\/wp\/v2\/types\/post"}],"author":[{"embeddable":true,"href":"https:\/\/aconteceemmacaeeregiao.com.br\/index.php\/wp-json\/wp\/v2\/users\/2"}],"replies":[{"embeddable":true,"href":"https:\/\/aconteceemmacaeeregiao.com.br\/index.php\/wp-json\/wp\/v2\/comments?post=19896"}],"version-history":[{"count":0,"href":"https:\/\/aconteceemmacaeeregiao.com.br\/index.php\/wp-json\/wp\/v2\/posts\/19896\/revisions"}],"wp:featuredmedia":[{"embeddable":true,"href":"https:\/\/aconteceemmacaeeregiao.com.br\/index.php\/wp-json\/wp\/v2\/media\/19897"}],"wp:attachment":[{"href":"https:\/\/aconteceemmacaeeregiao.com.br\/index.php\/wp-json\/wp\/v2\/media?parent=19896"}],"wp:term":[{"taxonomy":"category","embeddable":true,"href":"https:\/\/aconteceemmacaeeregiao.com.br\/index.php\/wp-json\/wp\/v2\/categories?post=19896"},{"taxonomy":"post_tag","embeddable":true,"href":"https:\/\/aconteceemmacaeeregiao.com.br\/index.php\/wp-json\/wp\/v2\/tags?post=19896"}],"curies":[{"name":"wp","href":"https:\/\/api.w.org\/{rel}","templated":true}]}}