{"id":19901,"date":"2025-04-29T19:00:18","date_gmt":"2025-04-29T22:00:18","guid":{"rendered":"https:\/\/aconteceemmacaeeregiao.com.br\/?p=19901"},"modified":"2025-04-29T19:00:20","modified_gmt":"2025-04-29T22:00:20","slug":"macae-intensifica-vacinacao-contra-a-gripe-para-grupos-prioritarios","status":"publish","type":"post","link":"https:\/\/aconteceemmacaeeregiao.com.br\/index.php\/2025\/04\/29\/macae-intensifica-vacinacao-contra-a-gripe-para-grupos-prioritarios\/","title":{"rendered":"Maca\u00e9 intensifica vacina\u00e7\u00e3o contra a gripe para grupos priorit\u00e1rios"},"content":{"rendered":"\n<p>A Secretaria de Sa\u00fade de <a href=\"https:\/\/aconteceemmacaeeregiao.com.br\/index.php\/category\/macae\/\" title=\"Maca\u00e9\">Maca\u00e9<\/a> continua com a Campanha de Vacina\u00e7\u00e3o contra a Gripe nesta semana, direcionada aos grupos priorit\u00e1rios definidos pelo Minist\u00e9rio da Sa\u00fade. Est\u00e3o sendo atendidos idosos, crian\u00e7as de seis meses a menores de seis anos, gestantes, pu\u00e9rperas, trabalhadores da sa\u00fade e professores da educa\u00e7\u00e3o b\u00e1sica e superior.<\/p>\n\n\n\n<p>A <a href=\"https:\/\/aconteceemmacaeeregiao.com.br\/index.php\/tag\/vacina\/\" title=\"Vacina\">vacina\u00e7\u00e3o <\/a>est\u00e1 sendo realizada de forma escalonada pelo Programa de Imuniza\u00e7\u00e3o da Vigil\u00e2ncia em Sa\u00fade. A estrat\u00e9gia visa garantir uma ampla cobertura vacinal e reduzir complica\u00e7\u00f5es, interna\u00e7\u00f5es e \u00f3bitos decorrentes da gripe, especialmente entre os mais vulner\u00e1veis. A campanha seguir\u00e1 integrada ao Calend\u00e1rio Nacional de Vacina\u00e7\u00e3o ao longo do ano.<\/p>\n\n\n\n<p>O <strong>Dia D Nacional de Vacina\u00e7\u00e3o<\/strong> foi marcado para o s\u00e1bado, <strong>10 de maio<\/strong>, e tem como meta refor\u00e7ar a conscientiza\u00e7\u00e3o e ampliar o alcance da campanha. A mobiliza\u00e7\u00e3o ser\u00e1 essencial para quem ainda n\u00e3o se imunizou e faz parte do p\u00fablico-alvo.<\/p>\n\n\n\n<p><strong>Dica de sa\u00fade<\/strong>: Mesmo quem se considera saud\u00e1vel deve se vacinar, pois a gripe pode evoluir rapidamente e causar complica\u00e7\u00f5es s\u00e9rias, principalmente em crian\u00e7as pequenas e idosos. Mantenha a caderneta de vacina\u00e7\u00e3o atualizada e, ao se dirigir ao posto de sa\u00fade, leve um documento com foto e, se poss\u00edvel, a carteirinha do SUS.<\/p>\n\n\n\n<p><strong>Os grupos priorit\u00e1rios s\u00e3o:&nbsp;<\/strong><\/p>\n\n\n\n<ul class=\"wp-block-list\">\n<li>Pu\u00e9rperas<\/li>\n\n\n\n<li>Povos Ind\u00edgenas<\/li>\n\n\n\n<li>Quilombolas<\/li>\n\n\n\n<li>Profissional da sa\u00fade<\/li>\n\n\n\n<li>Pessoas em situa\u00e7\u00e3o de rua<\/li>\n\n\n\n<li>Profissionais das for\u00e7as de seguran\u00e7a e salvamento<\/li>\n\n\n\n<li>Profissionais das for\u00e7as armadas<\/li>\n\n\n\n<li>Pessoa com defici\u00eancia permanente<\/li>\n\n\n\n<li>Professores do ensino b\u00e1sico e superior<\/li>\n\n\n\n<li>Trabalhadores portu\u00e1rios<\/li>\n\n\n\n<li>Caminhoneiros<\/li>\n\n\n\n<li>Trabalhadores de transporte coletivo rodovi\u00e1rio para passageiros urbanos e de longo curso<\/li>\n\n\n\n<li>Trabalhadores do Correios<\/li>\n\n\n\n<li>Popula\u00e7\u00e3o privada de liberdade e funcion\u00e1rios do sistema de priva\u00e7\u00e3o de liberdade, adolescentes e jovens de 12 a 21 anos de idade sob medidas socioeducativas<\/li>\n\n\n\n<li>Comorbidade: Doen\u00e7a respirat\u00f3ria cr\u00f4nica\/ Doen\u00e7a card\u00edaca cr\u00f4nica\/Doen\u00e7a renal cr\u00f4nica\/Doen\u00e7a neurol\u00f3gica\/Diabetes\/Obesidade Grave (Imc\u226540) \/Transplantados\/Portadores de trissomias<\/li>\n<\/ul>\n\n\n\n<p><strong>Dia 28\/04 (segunda-feira)<\/strong><\/p>\n\n\n\n<p>Grupo para vacina\u00e7\u00e3o: Idoso + crian\u00e7as de 6 meses a menores de 6 anos +gestante + pu\u00e9rperas+ trabalhadores da sa\u00fade + professores do ensino b\u00e1sico e superior.<\/p>\n\n\n\n<p>Local: ESF Cajueiros\/ ESF Visconde\/ ESF Campo do Oeste\/ UBS Novo Horizonte\/ ESF Praia Campista\/ Casa da Vacina\/ Sala de Vacina do PSA\/ UBS Lagomar\/ UBS Barramares\/ESF Aroeira\/ ESF Morro de S\u00e3o Jorge\/ ESF Lagomar B\/C \/ ESF C\u00f3rrego\/ ESF Sana\/ ESF Trapiche\/ ESF Barra\/ ESF Centro<\/p>\n\n\n\n<p><strong>Dia 29\/04 (ter\u00e7a-feira)<\/strong><\/p>\n\n\n\n<p>Grupo para vacina\u00e7\u00e3o: Idoso + crian\u00e7as de 6 meses a menores de 6 anos +gestante+ pu\u00e9rperas + trabalhadores da sa\u00fade + professores do ensino b\u00e1sico e superior<\/p>\n\n\n\n<p>Local: ESF Virgem Santa\/ UBS Imburo \/ ESF Aterrado \/ ESF Malvinas A\/C \/ ESF Malvinas B \/ ESF Botafogo \/ ESF Ajuda B \/ ESF Bosque Azul \/ Casa da Vacina\/ Sala de Vacina do PSA \/ UBS Lagomar \/ UBS Barramares \/ ESF Aroeira\/ ESF Centro\/ UBS Morro de Santana \/ESF Morro de S\u00e3o Jorge\/ ESF Lagomar A\/D\/ ESF Lagomar B\/C \/ESF Horto\/ UBS Imboassica\/ESF Imbetiba\/UBS Novo Cavaleiros \/ ESF C\u00f3rrego\/ ESF Glic\u00e9rio\/ ESF Trapiche\/ ESF Sana\/ ESF Barra\/ ESF Ajuda A\/ Ajuda C<\/p>\n\n\n\n<p><strong>Dia 30\/04 (quarta-feira)<\/strong><\/p>\n\n\n\n<p>Grupo para vacina\u00e7\u00e3o: Idoso + crian\u00e7as de 6 meses a menores de 6 anos + gestante + pu\u00e9rperas + trabalhadores da sa\u00fade + professores do ensino b\u00e1sico e superior<\/p>\n\n\n\n<p>Local: ESF Cajueiros\/ ESF Visconde\/ ESF Campo do Oeste\/ UBS Novo Horizonte\/ ESF Praia Campista\/ Casa da Vacina \/ Sala de Vacina do PSA\/ UBS Lagomar\/ UBS Barramares\/ ESF Aroeira \/ UBS Morro de Santana \/ESF Morro de S\u00e3o Jorge\/ ESF Lagomar A\/D\/ ESF Lagomar B\/C \/ESF Horto\/ UBS Imboassica\/ESF Imbetiba\/UBS Novo Cavaleiros \/ ESF C\u00f3rrego\/ ESF Glic\u00e9rio\/ ESF Trapiche \/ ESF Sana\/ ESF Barra\/ ESF Ajuda A\/ Ajuda C\/ ESF Bosque Azul<\/p>\n\n\n\n<p><strong>Dia 02\/05 (sexta-feira)<\/strong><\/p>\n\n\n\n<p>Grupo para vacina\u00e7\u00e3o: Idoso + crian\u00e7as de 6 meses a menores de 6 anos +gestante+ pu\u00e9rperas + trabalhadores da sa\u00fade + professores do ensino b\u00e1sico e superior<\/p>\n\n\n\n<p>Local: ESF Botafogo \/ Casa da Vacina\/ Sala de Vacina do PSA\/ UBS Lagomar\/ UBS Barramares\/ ESF Aroeira\/ ESF Centro\/ UBS Novo Cavaleiros\/ ESF Sana \/ ESF Barra<\/p>\n\n\n\n<p><strong>Dia 05\/05 (segunda-feira)<\/strong><\/p>\n\n\n\n<p>Grupo para vacina\u00e7\u00e3o: Idoso + crian\u00e7as de 6 meses a menores de 6 anos +gestante+ pu\u00e9rperas + trabalhadores da sa\u00fade + professores do ensino b\u00e1sico e superior + defici\u00eancia permanente<\/p>\n\n\n\n<p>Local: ESF Cajueiros\/ ESF Visconde\/ ESF Campo do Oeste\/ UBS Novo Horizonte\/ ESF Praia Campista\/ Casa da Vacina\/ Sala de Vacina do PSA\/ UBS Lagomar\/ UBS Barramares\/ESF Aroeira\/ ESF Morro de S\u00e3o Jorge\/ ESF Lagomar B\/C \/ ESF C\u00f3rrego\/ ESF Sana\/ ESF Trapiche\/ ESF Barra\/ ESF Centro<\/p>\n\n\n\n<p><strong>Dia 06\/05 (ter\u00e7a-feira)<\/strong><\/p>\n\n\n\n<p>Grupo para vacina\u00e7\u00e3o: Grupo para vacina\u00e7\u00e3o Idoso + crian\u00e7as de 6 meses a menores de 6 anos +gestante+ pu\u00e9rperas + trabalhadores da sa\u00fade + professores do ensino b\u00e1sico e superior + defici\u00eancia permanente<\/p>\n\n\n\n<p>Local: ESF Virgem Santa\/ UBS Imburo \/ ESF Aterrado \/ ESF Malvinas A\/C \/ ESF Malvinas B \/ ESF Botafogo \/ ESF Ajuda B \/ ESF Bosque Azul \/ Casa da Vacina\/ Sala de Vacina do PSA \/ UBS Lagomar \/ UBS Barramares \/ ESF Aroeira\/ ESF Centro\/ UBS Morro de Santana \/ESF Morro de S\u00e3o Jorge\/ ESF Lagomar A\/D\/ ESF Lagomar B\/C \/ESF Horto\/ UBS Imboassica\/ESF Imbetiba\/UBS Novo Cavaleiros \/ ESF C\u00f3rrego\/ ESF Glic\u00e9rio\/ ESF Trapiche\/ ESF Sana\/ ESF Barra\/ ESF Ajuda A\/ Ajuda C<\/p>\n\n\n\n<p><strong>Dia 07\/05 (quarta-feira)<\/strong><\/p>\n\n\n\n<p>Grupo para vacina\u00e7\u00e3o: Grupo para vacina\u00e7\u00e3o Idoso + crian\u00e7as de 6 meses a menores de 6 anos +gestante+ pu\u00e9rperas + trabalhadores da sa\u00fade + professores do ensino b\u00e1sico e superior + defici\u00eancia permanente<\/p>\n\n\n\n<p>Local: ESF Cajueiros\/ ESF Visconde\/ ESF Campo do Oeste\/ UBS Novo Horizonte\/ ESF Praia Campista\/ Casa da Vacina \/ Sala de Vacina do PSA\/ UBS Lagomar\/ UBS Barramares\/ ESF Aroeira \/ UBS Morro de Santana \/ESF Morro de S\u00e3o Jorge\/ ESF Lagomar A\/D\/ ESF Lagomar B\/C \/ESF Horto\/ UBS Imboassica\/ESF Imbetiba\/UBS Novo Cavaleiros \/ ESF C\u00f3rrego\/ ESF Glic\u00e9rio\/ ESF Trapiche \/ ESF Sana\/ ESF Barra\/ ESF Ajuda A\/ Ajuda C\/ ESF Bosque Azul<\/p>\n\n\n\n<p><strong>Dia 08\/05 (quinta-feira)<\/strong><\/p>\n\n\n\n<p>Grupo para vacina\u00e7\u00e3o: Grupo para vacina\u00e7\u00e3o Idoso + crian\u00e7as de 6 meses a menores de 6 anos +gestante+ pu\u00e9rperas + trabalhadores da sa\u00fade + professores do ensino b\u00e1sico e superior + defici\u00eancia permanente<\/p>\n\n\n\n<p>Local: ESF Fronteira\/ESF Jardim Franco\/ ESF Engenho da Praia\/ ESF Nova Holanda\/ ESF Nova Esperan\u00e7a\/ Casa da Vacina \/ Sala de vacina do PSA\/ UBS Lagomar\/ UBS Barramares\/ ESF Aroeira\/ UBS Morro de Santana \/ESF Morro de S\u00e3o Jorge\/ ESF Lagomar A\/D\/ ESF Lagomar B\/C \/ESF Horto\/UBS Imboassica\/ESF Imbetiba\/UBS Novo Cavaleiros \/ ESF C\u00f3rrego\/ ESF Glic\u00e9rio\/ ESF Trapiche\/ ESF Frade\/ ESF Areia Branca\/ ESF Bicuda Pequena\/ ESF Bicuda Grande\/ ESF Sana\/ ESF Barra\/ ESF Ajuda A\/ Ajuda C\/ ESF Bosque Azul<\/p>\n\n\n\n<p><strong>Dia: 09\/05 (sexta-feira)<\/strong><\/p>\n\n\n\n<p>Grupo para vacina\u00e7\u00e3o: Grupo para vacina\u00e7\u00e3o Idoso + crian\u00e7as de 6 meses a menores de 6 anos + gestante + pu\u00e9rperas + trabalhadores da sa\u00fade + professores do ensino b\u00e1sico e superior + defici\u00eancia permanente<\/p>\n\n\n\n<p>Local: ESF Botafogo \/ Casa da Vacina\/ Sala de Vacina do PSA\/ UBS Lagomar\/ UBS Barramares\/ ESF Aroeira\/ ESF Centro\/ UBS Novo Cavaleiros\/ ESF Sana\/ ESF Barra<\/p>\n\n\n\n<p><a href=\"https:\/\/www.macae.rj.gov.br\/orgaosmunicipais\/unidades\/tipo\/saude\"><strong>Confira os hor\u00e1rios de funcionamento das Unidades de Sa\u00fade<\/strong><\/a><\/p>\n\n\n\n<p><em><a href=\"https:\/\/macae.rj.gov.br\/noticias\/leitura\/noticia\/campanha-de-vacinacao-contra-a-gripe-segue-em-macae\" title=\"\">Fonte: Secom Pref. Maca\u00e9<\/a><\/em><\/p>\n","protected":false},"excerpt":{"rendered":"<p>A Secretaria de Sa\u00fade de Maca\u00e9 continua com a Campanha de Vacina\u00e7\u00e3o contra a Gripe nesta semana, direcionada aos grupos priorit\u00e1rios definidos pelo Minist\u00e9rio da Sa\u00fade. Est\u00e3o sendo atendidos idosos, crian\u00e7as de seis meses a menores de seis anos, gestantes, pu\u00e9rperas, trabalhadores da sa\u00fade e professores da educa\u00e7\u00e3o b\u00e1sica e superior. A vacina\u00e7\u00e3o est\u00e1 sendo [&hellip;]<\/p>\n","protected":false},"author":2,"featured_media":19902,"comment_status":"closed","ping_status":"closed","sticky":false,"template":"","format":"standard","meta":{"postBodyCss":"","postBodyMargin":[],"postBodyPadding":[],"postBodyBackground":{"backgroundType":"classic","gradient":""},"footnotes":""},"categories":[42,78],"tags":[459,89,137],"class_list":["post-19901","post","type-post","status-publish","format-standard","has-post-thumbnail","hentry","category-macae","category-saude","tag-gripe","tag-prefeitura","tag-vacina"],"aioseo_notices":[],"_links":{"self":[{"href":"https:\/\/aconteceemmacaeeregiao.com.br\/index.php\/wp-json\/wp\/v2\/posts\/19901","targetHints":{"allow":["GET"]}}],"collection":[{"href":"https:\/\/aconteceemmacaeeregiao.com.br\/index.php\/wp-json\/wp\/v2\/posts"}],"about":[{"href":"https:\/\/aconteceemmacaeeregiao.com.br\/index.php\/wp-json\/wp\/v2\/types\/post"}],"author":[{"embeddable":true,"href":"https:\/\/aconteceemmacaeeregiao.com.br\/index.php\/wp-json\/wp\/v2\/users\/2"}],"replies":[{"embeddable":true,"href":"https:\/\/aconteceemmacaeeregiao.com.br\/index.php\/wp-json\/wp\/v2\/comments?post=19901"}],"version-history":[{"count":0,"href":"https:\/\/aconteceemmacaeeregiao.com.br\/index.php\/wp-json\/wp\/v2\/posts\/19901\/revisions"}],"wp:featuredmedia":[{"embeddable":true,"href":"https:\/\/aconteceemmacaeeregiao.com.br\/index.php\/wp-json\/wp\/v2\/media\/19902"}],"wp:attachment":[{"href":"https:\/\/aconteceemmacaeeregiao.com.br\/index.php\/wp-json\/wp\/v2\/media?parent=19901"}],"wp:term":[{"taxonomy":"category","embeddable":true,"href":"https:\/\/aconteceemmacaeeregiao.com.br\/index.php\/wp-json\/wp\/v2\/categories?post=19901"},{"taxonomy":"post_tag","embeddable":true,"href":"https:\/\/aconteceemmacaeeregiao.com.br\/index.php\/wp-json\/wp\/v2\/tags?post=19901"}],"curies":[{"name":"wp","href":"https:\/\/api.w.org\/{rel}","templated":true}]}}