{"id":19907,"date":"2025-04-29T19:39:02","date_gmt":"2025-04-29T22:39:02","guid":{"rendered":"https:\/\/aconteceemmacaeeregiao.com.br\/?p=19907"},"modified":"2025-04-29T19:39:03","modified_gmt":"2025-04-29T22:39:03","slug":"macae-celebra-o-dia-mundial-da-danca-com-apresentacoes-e-emocao-na-praca-das-artes","status":"publish","type":"post","link":"https:\/\/aconteceemmacaeeregiao.com.br\/index.php\/2025\/04\/29\/macae-celebra-o-dia-mundial-da-danca-com-apresentacoes-e-emocao-na-praca-das-artes\/","title":{"rendered":"Maca\u00e9 celebra o Dia Mundial da Dan\u00e7a com apresenta\u00e7\u00f5es e emo\u00e7\u00e3o na Pra\u00e7a das Artes"},"content":{"rendered":"\n<p>A Escola de Dan\u00e7a da Secretaria de Cultura de <a href=\"https:\/\/aconteceemmacaeeregiao.com.br\/index.php\/category\/macae\/\" title=\"Maca\u00e9\">Maca\u00e9<\/a> comemorou o Dia Mundial da Dan\u00e7a nesta ter\u00e7a-feira (29) com uma programa\u00e7\u00e3o especial que ocupou diferentes espa\u00e7os da Pra\u00e7a das Artes. Alunos das turmas infantis e pr\u00e9-iniciantes participaram de atividades durante todo o dia, com destaque para apresenta\u00e7\u00f5es p\u00fablicas que emocionaram pais e familiares.<\/p>\n\n\n\n<p>A tarde foi marcada por uma aula aberta ao ar livre, onde as turmas Preliminar B e IB encantaram o p\u00fablico com coreografias que mostraram o progresso e dedica\u00e7\u00e3o dos alunos. A jovem Sara Correia de Oliveira expressou sua alegria em participar: \u201cEu me sinto muito feliz dan\u00e7ando. Adoro fazer as aulas.\u201d J\u00e1 Tais dos Santos, m\u00e3e da pequena Ester, refor\u00e7ou os benef\u00edcios da dan\u00e7a: \u201cEla ficou mais disciplinada, focada e com a autoestima l\u00e1 em cima.\u201d<\/p>\n\n\n\n<p>Segundo a secret\u00e1ria de<a href=\"https:\/\/aconteceemmacaeeregiao.com.br\/index.php\/tag\/cultura\/\" title=\"Cultura\"> Cultura<\/a>, Waleska Freire, a proposta \u00e9 ampliar o alcance da dan\u00e7a em Maca\u00e9, com o sonho de transformar a Escola Municipal de Dan\u00e7a em uma Escola T\u00e9cnica, como j\u00e1 acontece com o curso de Teatro. A iniciativa fortaleceria a forma\u00e7\u00e3o art\u00edstica e profissional dos jovens talentos locais, ampliando o papel da Pra\u00e7a das Artes como polo cultural do munic\u00edpio.<\/p>\n\n\n\n<figure class=\"wp-block-gallery has-nested-images columns-default is-cropped wp-block-gallery-1 is-layout-flex wp-block-gallery-is-layout-flex\">\n<figure class=\"wp-block-image size-large\"><img fetchpriority=\"high\" decoding=\"async\" width=\"1024\" height=\"683\" data-id=\"19909\" src=\"https:\/\/aconteceemmacaeeregiao.com.br\/wp-content\/uploads\/2025\/04\/1745962575-1024x683.jpg\" alt=\"\" class=\"wp-image-19909\" srcset=\"https:\/\/aconteceemmacaeeregiao.com.br\/wp-content\/uploads\/2025\/04\/1745962575-1024x683.jpg 1024w, https:\/\/aconteceemmacaeeregiao.com.br\/wp-content\/uploads\/2025\/04\/1745962575-300x200.jpg 300w, https:\/\/aconteceemmacaeeregiao.com.br\/wp-content\/uploads\/2025\/04\/1745962575-768x512.jpg 768w, https:\/\/aconteceemmacaeeregiao.com.br\/wp-content\/uploads\/2025\/04\/1745962575-1200x800.jpg 1200w, https:\/\/aconteceemmacaeeregiao.com.br\/wp-content\/uploads\/2025\/04\/1745962575.jpg 1417w\" sizes=\"(max-width: 1024px) 100vw, 1024px\" \/><figcaption class=\"wp-element-caption\">Apresenta\u00e7\u00e3o de dan\u00e7a da escola Emart, comemora\u00e7\u00e3o do Dia Internacional da Dan\u00e7a, hall da Secretaria de Cultura. Maca\u00e9\/RJ.<\/figcaption><\/figure>\n\n\n\n<figure class=\"wp-block-image size-large\"><img decoding=\"async\" width=\"1024\" height=\"683\" data-id=\"19910\" data-src=\"https:\/\/aconteceemmacaeeregiao.com.br\/wp-content\/uploads\/2025\/04\/1745991938-1024x683.jpg\" alt=\"\" class=\"wp-image-19910 lazyload\" data-srcset=\"https:\/\/aconteceemmacaeeregiao.com.br\/wp-content\/uploads\/2025\/04\/1745991938-1024x683.jpg 1024w, https:\/\/aconteceemmacaeeregiao.com.br\/wp-content\/uploads\/2025\/04\/1745991938-300x200.jpg 300w, https:\/\/aconteceemmacaeeregiao.com.br\/wp-content\/uploads\/2025\/04\/1745991938-768x512.jpg 768w, https:\/\/aconteceemmacaeeregiao.com.br\/wp-content\/uploads\/2025\/04\/1745991938-1200x800.jpg 1200w, https:\/\/aconteceemmacaeeregiao.com.br\/wp-content\/uploads\/2025\/04\/1745991938.jpg 1417w\" data-sizes=\"(max-width: 1024px) 100vw, 1024px\" src=\"data:image\/svg+xml;base64,PHN2ZyB3aWR0aD0iMSIgaGVpZ2h0PSIxIiB4bWxucz0iaHR0cDovL3d3dy53My5vcmcvMjAwMC9zdmciPjwvc3ZnPg==\" style=\"--smush-placeholder-width: 1024px; --smush-placeholder-aspect-ratio: 1024\/683;\" \/><figcaption class=\"wp-element-caption\">Apresenta\u00e7\u00e3o de dan\u00e7a da escola Emart, comemora\u00e7\u00e3o do Dia Internacional da Dan\u00e7a, hall da Secretaria de Cultura. Maca\u00e9\/RJ.<\/figcaption><\/figure>\n\n\n\n<figure class=\"wp-block-image size-large\"><img decoding=\"async\" width=\"1024\" height=\"683\" data-id=\"19911\" data-src=\"https:\/\/aconteceemmacaeeregiao.com.br\/wp-content\/uploads\/2025\/04\/1746042464-1024x683.jpg\" alt=\"\" class=\"wp-image-19911 lazyload\" data-srcset=\"https:\/\/aconteceemmacaeeregiao.com.br\/wp-content\/uploads\/2025\/04\/1746042464-1024x683.jpg 1024w, https:\/\/aconteceemmacaeeregiao.com.br\/wp-content\/uploads\/2025\/04\/1746042464-300x200.jpg 300w, https:\/\/aconteceemmacaeeregiao.com.br\/wp-content\/uploads\/2025\/04\/1746042464-768x512.jpg 768w, https:\/\/aconteceemmacaeeregiao.com.br\/wp-content\/uploads\/2025\/04\/1746042464-1200x800.jpg 1200w, https:\/\/aconteceemmacaeeregiao.com.br\/wp-content\/uploads\/2025\/04\/1746042464.jpg 1417w\" data-sizes=\"(max-width: 1024px) 100vw, 1024px\" src=\"data:image\/svg+xml;base64,PHN2ZyB3aWR0aD0iMSIgaGVpZ2h0PSIxIiB4bWxucz0iaHR0cDovL3d3dy53My5vcmcvMjAwMC9zdmciPjwvc3ZnPg==\" style=\"--smush-placeholder-width: 1024px; --smush-placeholder-aspect-ratio: 1024\/683;\" \/><figcaption class=\"wp-element-caption\">Apresenta\u00e7\u00e3o de dan\u00e7a da escola Emart, comemora\u00e7\u00e3o do Dia Internacional da Dan\u00e7a, hall da Secretaria de Cultura. Maca\u00e9\/RJ.<\/figcaption><\/figure>\n<\/figure>\n\n\n\n<p><strong>Dica cultural<\/strong>: A dan\u00e7a n\u00e3o \u00e9 apenas arte \u2014 ela tamb\u00e9m \u00e9 ferramenta de desenvolvimento emocional, disciplina e autoconfian\u00e7a, especialmente na inf\u00e2ncia e adolesc\u00eancia. Incentivar crian\u00e7as e jovens a participar de atividades art\u00edsticas \u00e9 um investimento em criatividade, sa\u00fade mental e no futuro da cultura local.<\/p>\n\n\n\n<p><em><a href=\"https:\/\/macae.rj.gov.br\/noticias\/leitura\/noticia\/cultura-celebra-dia-mundial-da-danca\" title=\"\">Fonte: Secom Pref. Maca\u00e9<\/a><\/em><\/p>\n","protected":false},"excerpt":{"rendered":"<p>A Escola de Dan\u00e7a da Secretaria de Cultura de Maca\u00e9 comemorou o Dia Mundial da Dan\u00e7a nesta ter\u00e7a-feira (29) com uma programa\u00e7\u00e3o especial que ocupou diferentes espa\u00e7os da Pra\u00e7a das Artes. Alunos das turmas infantis e pr\u00e9-iniciantes participaram de atividades durante todo o dia, com destaque para apresenta\u00e7\u00f5es p\u00fablicas que emocionaram pais e familiares. A [&hellip;]<\/p>\n","protected":false},"author":2,"featured_media":19908,"comment_status":"closed","ping_status":"closed","sticky":false,"template":"","format":"standard","meta":{"postBodyCss":"","postBodyMargin":[],"postBodyPadding":[],"postBodyBackground":{"backgroundType":"classic","gradient":""},"footnotes":""},"categories":[86,42],"tags":[214,215,455,89],"class_list":["post-19907","post","type-post","status-publish","format-standard","has-post-thumbnail","hentry","category-cultura","category-macae","tag-artes","tag-danca","tag-escola-publica","tag-prefeitura"],"aioseo_notices":[],"_links":{"self":[{"href":"https:\/\/aconteceemmacaeeregiao.com.br\/index.php\/wp-json\/wp\/v2\/posts\/19907","targetHints":{"allow":["GET"]}}],"collection":[{"href":"https:\/\/aconteceemmacaeeregiao.com.br\/index.php\/wp-json\/wp\/v2\/posts"}],"about":[{"href":"https:\/\/aconteceemmacaeeregiao.com.br\/index.php\/wp-json\/wp\/v2\/types\/post"}],"author":[{"embeddable":true,"href":"https:\/\/aconteceemmacaeeregiao.com.br\/index.php\/wp-json\/wp\/v2\/users\/2"}],"replies":[{"embeddable":true,"href":"https:\/\/aconteceemmacaeeregiao.com.br\/index.php\/wp-json\/wp\/v2\/comments?post=19907"}],"version-history":[{"count":0,"href":"https:\/\/aconteceemmacaeeregiao.com.br\/index.php\/wp-json\/wp\/v2\/posts\/19907\/revisions"}],"wp:featuredmedia":[{"embeddable":true,"href":"https:\/\/aconteceemmacaeeregiao.com.br\/index.php\/wp-json\/wp\/v2\/media\/19908"}],"wp:attachment":[{"href":"https:\/\/aconteceemmacaeeregiao.com.br\/index.php\/wp-json\/wp\/v2\/media?parent=19907"}],"wp:term":[{"taxonomy":"category","embeddable":true,"href":"https:\/\/aconteceemmacaeeregiao.com.br\/index.php\/wp-json\/wp\/v2\/categories?post=19907"},{"taxonomy":"post_tag","embeddable":true,"href":"https:\/\/aconteceemmacaeeregiao.com.br\/index.php\/wp-json\/wp\/v2\/tags?post=19907"}],"curies":[{"name":"wp","href":"https:\/\/api.w.org\/{rel}","templated":true}]}}