{"id":19924,"date":"2025-05-02T19:25:33","date_gmt":"2025-05-02T22:25:33","guid":{"rendered":"https:\/\/aconteceemmacaeeregiao.com.br\/?p=19924"},"modified":"2025-05-02T19:25:34","modified_gmt":"2025-05-02T22:25:34","slug":"rio-das-ostras-lidera-mobilizacao-regional-pela-alfabetizacao-de-jovens-e-adultos","status":"publish","type":"post","link":"https:\/\/aconteceemmacaeeregiao.com.br\/index.php\/2025\/05\/02\/rio-das-ostras-lidera-mobilizacao-regional-pela-alfabetizacao-de-jovens-e-adultos\/","title":{"rendered":"Rio das Ostras lidera mobiliza\u00e7\u00e3o regional pela alfabetiza\u00e7\u00e3o de jovens e adultos"},"content":{"rendered":"\n<p>Nesta quarta-feira (30), <a href=\"https:\/\/aconteceemmacaeeregiao.com.br\/index.php\/category\/regiao\/rio-das-ostras\/\" title=\"Rio das Ostras\">Rio das Ostras<\/a> sediou o primeiro Encontro Presencial do <em>Pacto Nacional pela Supera\u00e7\u00e3o do Analfabetismo e Qualifica\u00e7\u00e3o na Educa\u00e7\u00e3o de Jovens e Adultos (Pacto EJA)<\/em> entre os munic\u00edpios do <a href=\"https:\/\/aconteceemmacaeeregiao.com.br\/index.php\/tag\/norte-fluminense\/\" title=\"Norte Fluminense\">Norte Fluminense<\/a>. O encontro, realizado no N\u00facleo de Gest\u00e3o Pedag\u00f3gica (Nugepe), reuniu representantes de sete cidades com o objetivo de alinhar diretrizes e adaptar o programa \u00e0 realidade local de cada munic\u00edpio.<\/p>\n\n\n\n<p>O Pacto EJA, lan\u00e7ado em 2024 pelo Minist\u00e9rio da <a href=\"https:\/\/aconteceemmacaeeregiao.com.br\/index.php\/category\/educacao\/\" title=\"Educa\u00e7\u00e3o\">Educa\u00e7\u00e3o<\/a>, \u00e9 uma pol\u00edtica p\u00fablica voltada \u00e0 erradica\u00e7\u00e3o do analfabetismo e \u00e0 amplia\u00e7\u00e3o da oferta da EJA nos sistemas p\u00fablicos. Segundo o professor Pedro Ribeiro, coordenador da EJA em Rio das Ostras, a troca de experi\u00eancias entre os formadores locais e regionais contribui para uma forma\u00e7\u00e3o mais efetiva e pr\u00f3xima das necessidades reais dos alunos.<\/p>\n\n\n\n<p>Al\u00e9m do Pacto, o munic\u00edpio tamb\u00e9m est\u00e1 com inscri\u00e7\u00f5es abertas para alfabetizadores volunt\u00e1rios do <em>Programa Brasil Alfabetizado (PBA)<\/em>, que atua em espa\u00e7os comunit\u00e1rios como associa\u00e7\u00f5es e equipamentos p\u00fablicos. Interessados devem se inscrever nos dias <strong>2 e 3 de maio<\/strong> pelo site da Prefeitura. O edital completo est\u00e1 dispon\u00edvel no Jornal Oficial n\u00ba 1813.<\/p>\n\n\n\n<p>\ud83d\udccc <em>Dica importante:<\/em> alfabetizadores volunt\u00e1rios t\u00eam papel essencial na transforma\u00e7\u00e3o social. A experi\u00eancia pode ser uma porta de entrada para futuras oportunidades na \u00e1rea educacional e tamb\u00e9m uma forma concreta de contribuir com a inclus\u00e3o e dignidade de jovens, adultos e idosos que n\u00e3o tiveram acesso \u00e0 educa\u00e7\u00e3o no tempo certo.<\/p>\n\n\n\n<p><em><a href=\"http:\/\/www.riodasostras.rj.gov.br\/jornal-oficial\/\" title=\"\">Fonte: Secom Pref. Rio das Ostras<\/a><\/em><\/p>\n\n\n\n<p><\/p>\n","protected":false},"excerpt":{"rendered":"<p>Nesta quarta-feira (30), Rio das Ostras sediou o primeiro Encontro Presencial do Pacto Nacional pela Supera\u00e7\u00e3o do Analfabetismo e Qualifica\u00e7\u00e3o na Educa\u00e7\u00e3o de Jovens e Adultos (Pacto EJA) entre os munic\u00edpios do Norte Fluminense. O encontro, realizado no N\u00facleo de Gest\u00e3o Pedag\u00f3gica (Nugepe), reuniu representantes de sete cidades com o objetivo de alinhar diretrizes e [&hellip;]<\/p>\n","protected":false},"author":2,"featured_media":19925,"comment_status":"closed","ping_status":"closed","sticky":false,"template":"","format":"standard","meta":{"postBodyCss":"","postBodyMargin":[],"postBodyPadding":[],"postBodyBackground":{"backgroundType":"classic","gradient":""},"footnotes":""},"categories":[61,49],"tags":[742,273,255,89],"class_list":["post-19924","post","type-post","status-publish","format-standard","has-post-thumbnail","hentry","category-educacao","category-rio-das-ostras","tag-alfabetizacao","tag-jovem","tag-norte-fluminense","tag-prefeitura"],"aioseo_notices":[],"_links":{"self":[{"href":"https:\/\/aconteceemmacaeeregiao.com.br\/index.php\/wp-json\/wp\/v2\/posts\/19924","targetHints":{"allow":["GET"]}}],"collection":[{"href":"https:\/\/aconteceemmacaeeregiao.com.br\/index.php\/wp-json\/wp\/v2\/posts"}],"about":[{"href":"https:\/\/aconteceemmacaeeregiao.com.br\/index.php\/wp-json\/wp\/v2\/types\/post"}],"author":[{"embeddable":true,"href":"https:\/\/aconteceemmacaeeregiao.com.br\/index.php\/wp-json\/wp\/v2\/users\/2"}],"replies":[{"embeddable":true,"href":"https:\/\/aconteceemmacaeeregiao.com.br\/index.php\/wp-json\/wp\/v2\/comments?post=19924"}],"version-history":[{"count":0,"href":"https:\/\/aconteceemmacaeeregiao.com.br\/index.php\/wp-json\/wp\/v2\/posts\/19924\/revisions"}],"wp:featuredmedia":[{"embeddable":true,"href":"https:\/\/aconteceemmacaeeregiao.com.br\/index.php\/wp-json\/wp\/v2\/media\/19925"}],"wp:attachment":[{"href":"https:\/\/aconteceemmacaeeregiao.com.br\/index.php\/wp-json\/wp\/v2\/media?parent=19924"}],"wp:term":[{"taxonomy":"category","embeddable":true,"href":"https:\/\/aconteceemmacaeeregiao.com.br\/index.php\/wp-json\/wp\/v2\/categories?post=19924"},{"taxonomy":"post_tag","embeddable":true,"href":"https:\/\/aconteceemmacaeeregiao.com.br\/index.php\/wp-json\/wp\/v2\/tags?post=19924"}],"curies":[{"name":"wp","href":"https:\/\/api.w.org\/{rel}","templated":true}]}}