{"id":19927,"date":"2025-05-02T19:34:51","date_gmt":"2025-05-02T22:34:51","guid":{"rendered":"https:\/\/aconteceemmacaeeregiao.com.br\/?p=19927"},"modified":"2025-05-02T19:34:51","modified_gmt":"2025-05-02T22:34:51","slug":"acao-rapida-prende-suspeito-de-esfaquear-mulher-em-cabo-frio","status":"publish","type":"post","link":"https:\/\/aconteceemmacaeeregiao.com.br\/index.php\/2025\/05\/02\/acao-rapida-prende-suspeito-de-esfaquear-mulher-em-cabo-frio\/","title":{"rendered":"A\u00e7\u00e3o r\u00e1pida prende suspeito de esfaquear mulher em Cabo Frio"},"content":{"rendered":"\n<p><strong><em>Guarda Civil registra outras ocorr\u00eancias ao longo do dia<\/em><\/strong><\/p>\n\n\n\n<p>Um homem foi <a href=\"https:\/\/aconteceemmacaeeregiao.com.br\/index.php\/tag\/prisao\/\" title=\"Pris\u00e3o\">preso<\/a> na tarde desta sexta-feira (2) ap\u00f3s ser acusado de esfaquear uma mulher nas proximidades do Hospital da <a href=\"https:\/\/aconteceemmacaeeregiao.com.br\/index.php\/tag\/mulher\/\" title=\"Mulher\">Mulher<\/a>, no bairro Braga, em<a href=\"https:\/\/aconteceemmacaeeregiao.com.br\/index.php\/category\/regiao\/cabo-frio\/\" title=\"Cabo Frio\"> Cabo Frio<\/a>. O suspeito tentou fugir pelas dunas, mas foi localizado gra\u00e7as a uma a\u00e7\u00e3o conjunta entre a Guarda Civil Municipal, a Pol\u00edcia Militar e o Corpo de Bombeiros. A v\u00edtima foi socorrida e encaminhada para atendimento m\u00e9dico, enquanto o agressor foi conduzido \u00e0 <a href=\"https:\/\/aconteceemmacaeeregiao.com.br\/index.php\/tag\/126-dp\/\" title=\"126 DP\">126\u00aa Delegacia de Pol\u00edcia<\/a>.<\/p>\n\n\n\n<p>\ud83d\udca1 Fica o alerta: casos de viol\u00eancia contra a mulher exigem aten\u00e7\u00e3o da comunidade. Ao presenciar qualquer situa\u00e7\u00e3o suspeita, denuncie imediatamente. A den\u00fancia pode salvar vidas.<\/p>\n\n\n\n<p>Outras ocorr\u00eancias registradas nesta sexta-feira:<\/p>\n\n\n\n<p>Pela manh\u00e3, a Patrulha Maria da Penha acolheu uma mulher v\u00edtima de viol\u00eancia dom\u00e9stica, prestando todo o suporte necess\u00e1rio \u2014 do registro da ocorr\u00eancia ao acompanhamento no IML. A atua\u00e7\u00e3o humanizada desse grupo \u00e9 essencial para garantir seguran\u00e7a e dignidade \u00e0s mulheres assistidas.<\/p>\n\n\n\n<p>Tamb\u00e9m no in\u00edcio do dia, uma briga entre flanelinhas nos fundos da Biblioteca Municipal exigiu interven\u00e7\u00e3o da Romu. Um dos envolvidos foi detido e encaminhado \u00e0 delegacia.<\/p>\n\n\n\n<p>J\u00e1 no per\u00edodo da tarde, o Grupamento da Guarda Mar\u00edtima e Ambiental resgatou um gavi\u00e3o-carcar\u00e1 ferido em Tamoios. A ave, possivelmente v\u00edtima de descarga el\u00e9trica, foi levada para tratamento especializado no Instituto BW, em Araruama. \u00c9 o segundo resgate da esp\u00e9cie em menos de 24 horas, o que liga um sinal de alerta para os riscos da urbaniza\u00e7\u00e3o \u00e0 fauna silvestre.<\/p>\n\n\n\n<p>\ud83d\udea8 Dica de seguran\u00e7a: mulheres em situa\u00e7\u00e3o de risco podem acionar a Patrulha Maria da Penha pelo canal oficial da Guarda Municipal. Al\u00e9m disso, \u00e9 fundamental fortalecer redes de apoio e manter canais de den\u00fancia ativos e vis\u00edveis na comunidade.<\/p>\n\n\n\n<p><em>Fonte: Secom Pref. Cabo Frio<\/em><\/p>\n","protected":false},"excerpt":{"rendered":"<p>Guarda Civil registra outras ocorr\u00eancias ao longo do dia Um homem foi preso na tarde desta sexta-feira (2) ap\u00f3s ser acusado de esfaquear uma mulher nas proximidades do Hospital da Mulher, no bairro Braga, em Cabo Frio. O suspeito tentou fugir pelas dunas, mas foi localizado gra\u00e7as a uma a\u00e7\u00e3o conjunta entre a Guarda Civil [&hellip;]<\/p>\n","protected":false},"author":2,"featured_media":19928,"comment_status":"closed","ping_status":"closed","sticky":false,"template":"","format":"standard","meta":{"postBodyCss":"","postBodyMargin":[],"postBodyPadding":[],"postBodyBackground":{"backgroundType":"classic","gradient":""},"footnotes":""},"categories":[155,47],"tags":[539,120,89,100,182],"class_list":["post-19927","post","type-post","status-publish","format-standard","has-post-thumbnail","hentry","category-cabo-frio","category-ocorrencias","tag-guarda-municipal","tag-mulher","tag-prefeitura","tag-prisao","tag-violencia"],"aioseo_notices":[],"_links":{"self":[{"href":"https:\/\/aconteceemmacaeeregiao.com.br\/index.php\/wp-json\/wp\/v2\/posts\/19927","targetHints":{"allow":["GET"]}}],"collection":[{"href":"https:\/\/aconteceemmacaeeregiao.com.br\/index.php\/wp-json\/wp\/v2\/posts"}],"about":[{"href":"https:\/\/aconteceemmacaeeregiao.com.br\/index.php\/wp-json\/wp\/v2\/types\/post"}],"author":[{"embeddable":true,"href":"https:\/\/aconteceemmacaeeregiao.com.br\/index.php\/wp-json\/wp\/v2\/users\/2"}],"replies":[{"embeddable":true,"href":"https:\/\/aconteceemmacaeeregiao.com.br\/index.php\/wp-json\/wp\/v2\/comments?post=19927"}],"version-history":[{"count":0,"href":"https:\/\/aconteceemmacaeeregiao.com.br\/index.php\/wp-json\/wp\/v2\/posts\/19927\/revisions"}],"wp:featuredmedia":[{"embeddable":true,"href":"https:\/\/aconteceemmacaeeregiao.com.br\/index.php\/wp-json\/wp\/v2\/media\/19928"}],"wp:attachment":[{"href":"https:\/\/aconteceemmacaeeregiao.com.br\/index.php\/wp-json\/wp\/v2\/media?parent=19927"}],"wp:term":[{"taxonomy":"category","embeddable":true,"href":"https:\/\/aconteceemmacaeeregiao.com.br\/index.php\/wp-json\/wp\/v2\/categories?post=19927"},{"taxonomy":"post_tag","embeddable":true,"href":"https:\/\/aconteceemmacaeeregiao.com.br\/index.php\/wp-json\/wp\/v2\/tags?post=19927"}],"curies":[{"name":"wp","href":"https:\/\/api.w.org\/{rel}","templated":true}]}}