{"id":19933,"date":"2025-05-02T20:00:54","date_gmt":"2025-05-02T23:00:54","guid":{"rendered":"https:\/\/aconteceemmacaeeregiao.com.br\/?p=19933"},"modified":"2025-05-02T20:00:55","modified_gmt":"2025-05-02T23:00:55","slug":"audiencia-publica-discute-regras-para-cruzeiros-maritimos-em-buzios-com-foco-em-protecao-ambiental","status":"publish","type":"post","link":"https:\/\/aconteceemmacaeeregiao.com.br\/index.php\/2025\/05\/02\/audiencia-publica-discute-regras-para-cruzeiros-maritimos-em-buzios-com-foco-em-protecao-ambiental\/","title":{"rendered":"Audi\u00eancia p\u00fablica discute regras para cruzeiros mar\u00edtimos em B\u00fazios com foco em prote\u00e7\u00e3o ambiental"},"content":{"rendered":"\n<p>O Minist\u00e9rio P\u00fablico Federal (MPF) promoveu nesta quarta-feira (30) uma <a href=\"https:\/\/aconteceemmacaeeregiao.com.br\/index.php\/tag\/audiencia-publica\/\" title=\"audi\u00eancia p\u00fablica\">audi\u00eancia p\u00fablica<\/a> em Arma\u00e7\u00e3o dos <a href=\"https:\/\/aconteceemmacaeeregiao.com.br\/index.php\/tag\/buzios\/\" title=\"b\u00fazios\">B\u00fazios<\/a> para discutir a regulamenta\u00e7\u00e3o da atividade de <a href=\"https:\/\/aconteceemmacaeeregiao.com.br\/index.php\/2023\/10\/30\/temporada-de-transatlanticos-chega-a-buzios-impulsionando-economia\/\" title=\"Temporada de transatl\u00e2nticos chega a B\u00fazios Impulsionando economia\">cruzeiros mar\u00edtimo<\/a>s na cidade. O encontro reuniu representantes de diversos setores para debater alternativas sustent\u00e1veis \u00e0 atual pr\u00e1tica de fundeio das embarca\u00e7\u00f5es, especialmente a substitui\u00e7\u00e3o de \u00e2ncoras por boias de ancoragem, medida que visa proteger os corais e o ecossistema marinho local.<\/p>\n\n\n\n<p>O evento contou com a presen\u00e7a de \u00f3rg\u00e3os como a Marinha do Brasil, Ibama, Capitania dos Portos, Poder Judici\u00e1rio, al\u00e9m de representantes da prefeitura, pescadores, ambientalistas e empres\u00e1rios. A ju\u00edza M\u00f4nica L\u00facia do Nascimento destacou o desafio de equilibrar o crescimento econ\u00f4mico com a conserva\u00e7\u00e3o ambiental. \u201cEstamos buscando um caminho que seja democr\u00e1tico e tecnicamente seguro para todos\u201d, afirmou.<\/p>\n\n\n\n<p>O secret\u00e1rio municipal de Ambiente e Urbanismo, Evanildo Nascimento, classificou a audi\u00eancia como um marco para a cidade. \u201cN\u00e3o somos contra os cruzeiros, mas precisamos de dados atualizados e estudos de impacto para garantir que a atividade seja segura e ben\u00e9fica para todos: moradores, turistas e meio ambiente\u201d, disse.<\/p>\n\n\n\n<p>Empres\u00e1rios locais refor\u00e7aram a import\u00e2ncia econ\u00f4mica dos cruzeiros para o munic\u00edpio, destacando o impacto positivo no com\u00e9rcio e na gera\u00e7\u00e3o de empregos. Por outro lado, ambientalistas alertaram para os riscos ambientais, como a degrada\u00e7\u00e3o dos recifes, e defenderam uma regulamenta\u00e7\u00e3o mais rigorosa.<\/p>\n\n\n<div class=\"wp-block-image\">\n<figure class=\"aligncenter size-full\"><img fetchpriority=\"high\" decoding=\"async\" width=\"1024\" height=\"576\" src=\"https:\/\/aconteceemmacaeeregiao.com.br\/wp-content\/uploads\/2025\/05\/917A799A-1BE1-4B8C-AF69-BF31FF892CE3-1024x576-1.webp\" alt=\"\" class=\"wp-image-19935\" srcset=\"https:\/\/aconteceemmacaeeregiao.com.br\/wp-content\/uploads\/2025\/05\/917A799A-1BE1-4B8C-AF69-BF31FF892CE3-1024x576-1.webp 1024w, https:\/\/aconteceemmacaeeregiao.com.br\/wp-content\/uploads\/2025\/05\/917A799A-1BE1-4B8C-AF69-BF31FF892CE3-1024x576-1-300x169.webp 300w, https:\/\/aconteceemmacaeeregiao.com.br\/wp-content\/uploads\/2025\/05\/917A799A-1BE1-4B8C-AF69-BF31FF892CE3-1024x576-1-768x432.webp 768w\" sizes=\"(max-width: 1024px) 100vw, 1024px\" \/><\/figure>\n<\/div>\n\n\n<p><\/p>\n\n\n\n<p>O MPF deixou claro que o objetivo n\u00e3o \u00e9 proibir a escala de navios, mas estabelecer normas m\u00ednimas para garantir que a atividade seja compat\u00edvel com a preserva\u00e7\u00e3o ambiental. Estudos t\u00e9cnicos dever\u00e3o ser realizados, e novas diretrizes ser\u00e3o definidas em conjunto com a sociedade civil e \u00f3rg\u00e3os competentes.<\/p>\n\n\n\n<p><em>A expectativa \u00e9 que os desdobramentos da audi\u00eancia resultem em medidas mais sustent\u00e1veis para o futuro da navega\u00e7\u00e3o tur\u00edstica em B\u00fazios.<\/em><\/p>\n\n\n\n<p><em>Fonte: Secom Pref de B\u00fazios<\/em><\/p>\n","protected":false},"excerpt":{"rendered":"<p>O Minist\u00e9rio P\u00fablico Federal (MPF) promoveu nesta quarta-feira (30) uma audi\u00eancia p\u00fablica em Arma\u00e7\u00e3o dos B\u00fazios para discutir a regulamenta\u00e7\u00e3o da atividade de cruzeiros mar\u00edtimos na cidade. O encontro reuniu representantes de diversos setores para debater alternativas sustent\u00e1veis \u00e0 atual pr\u00e1tica de fundeio das embarca\u00e7\u00f5es, especialmente a substitui\u00e7\u00e3o de \u00e2ncoras por boias de ancoragem, medida [&hellip;]<\/p>\n","protected":false},"author":2,"featured_media":19934,"comment_status":"closed","ping_status":"closed","sticky":false,"template":"","format":"standard","meta":{"postBodyCss":"","postBodyMargin":[],"postBodyPadding":[],"postBodyBackground":{"backgroundType":"classic","gradient":""},"footnotes":""},"categories":[168,45,67],"tags":[64,89,225],"class_list":["post-19933","post","type-post","status-publish","format-standard","has-post-thumbnail","hentry","category-buzios","category-economia","category-meio-ambiente","tag-meio-ambiente","tag-prefeitura","tag-turismo"],"aioseo_notices":[],"_links":{"self":[{"href":"https:\/\/aconteceemmacaeeregiao.com.br\/index.php\/wp-json\/wp\/v2\/posts\/19933","targetHints":{"allow":["GET"]}}],"collection":[{"href":"https:\/\/aconteceemmacaeeregiao.com.br\/index.php\/wp-json\/wp\/v2\/posts"}],"about":[{"href":"https:\/\/aconteceemmacaeeregiao.com.br\/index.php\/wp-json\/wp\/v2\/types\/post"}],"author":[{"embeddable":true,"href":"https:\/\/aconteceemmacaeeregiao.com.br\/index.php\/wp-json\/wp\/v2\/users\/2"}],"replies":[{"embeddable":true,"href":"https:\/\/aconteceemmacaeeregiao.com.br\/index.php\/wp-json\/wp\/v2\/comments?post=19933"}],"version-history":[{"count":0,"href":"https:\/\/aconteceemmacaeeregiao.com.br\/index.php\/wp-json\/wp\/v2\/posts\/19933\/revisions"}],"wp:featuredmedia":[{"embeddable":true,"href":"https:\/\/aconteceemmacaeeregiao.com.br\/index.php\/wp-json\/wp\/v2\/media\/19934"}],"wp:attachment":[{"href":"https:\/\/aconteceemmacaeeregiao.com.br\/index.php\/wp-json\/wp\/v2\/media?parent=19933"}],"wp:term":[{"taxonomy":"category","embeddable":true,"href":"https:\/\/aconteceemmacaeeregiao.com.br\/index.php\/wp-json\/wp\/v2\/categories?post=19933"},{"taxonomy":"post_tag","embeddable":true,"href":"https:\/\/aconteceemmacaeeregiao.com.br\/index.php\/wp-json\/wp\/v2\/tags?post=19933"}],"curies":[{"name":"wp","href":"https:\/\/api.w.org\/{rel}","templated":true}]}}