{"id":19983,"date":"2025-05-12T20:34:11","date_gmt":"2025-05-12T23:34:11","guid":{"rendered":"https:\/\/aconteceemmacaeeregiao.com.br\/?p=19983"},"modified":"2025-05-12T20:34:11","modified_gmt":"2025-05-12T23:34:11","slug":"ultimos-dias-para-se-inscrever-no-concurso-do-exercito-para-a-escola-de-sargentos","status":"publish","type":"post","link":"https:\/\/aconteceemmacaeeregiao.com.br\/index.php\/2025\/05\/12\/ultimos-dias-para-se-inscrever-no-concurso-do-exercito-para-a-escola-de-sargentos\/","title":{"rendered":"\u00daltimos dias para se inscrever no concurso do Ex\u00e9rcito para a Escola de Sargentos"},"content":{"rendered":"\n<p>Encerra neste domingo (18) o prazo de inscri\u00e7\u00e3o para o concurso da <strong>Escola de Sargentos das Armas (ESA)<\/strong>, com ingresso previsto para 2026. A sele\u00e7\u00e3o oferece <strong>1.125 vagas<\/strong> para candidatos com ensino m\u00e9dio completo, sendo <strong>1.015 para a \u00e1rea geral<\/strong>, <strong>80 para a sa\u00fade<\/strong> e <strong>30 para m\u00fasica<\/strong>. A taxa de inscri\u00e7\u00e3o \u00e9 de <strong>R$ 95<\/strong> e o edital est\u00e1 dispon\u00edvel no <a>site oficial da ESA<\/a>.<\/p>\n\n\n\n<p>Podem participar <strong>homens e mulheres<\/strong> com <strong>idade m\u00ednima de 17 anos<\/strong> at\u00e9 31 de dezembro do ano da matr\u00edcula. Para a \u00e1rea geral, o limite m\u00e1ximo \u00e9 <strong>24 anos<\/strong>, enquanto para os candidatos \u00e0 sa\u00fade e \u00e0 m\u00fasica o limite \u00e9 <strong>26 anos<\/strong>.<\/p>\n\n\n\n<p>As <strong>provas objetivas e a reda\u00e7\u00e3o<\/strong> est\u00e3o previstas para o dia <strong>28 de setembro<\/strong>. As disciplinas cobradas incluem:<br>\ud83d\udcda L\u00edngua Portuguesa<br>\ud83d\udcda Matem\u00e1tica<br>\ud83d\udcda Hist\u00f3ria e Geografia do Brasil<br>\ud83d\udcda Ingl\u00eas<br>\u270d\ufe0f Reda\u00e7\u00e3o<\/p>\n\n\n\n<p>Candidatos \u00e0 \u00e1rea de m\u00fasica tamb\u00e9m passar\u00e3o por <strong>Exame de Habilita\u00e7\u00e3o Musical<\/strong>. A sele\u00e7\u00e3o ainda inclui etapas de <strong>Inspe\u00e7\u00e3o de Sa\u00fade<\/strong>, <strong>Exame de Aptid\u00e3o F\u00edsica (EAF)<\/strong>, <strong>Avalia\u00e7\u00e3o Psicol\u00f3gica<\/strong> e verifica\u00e7\u00e3o de requisitos.<\/p>\n\n\n\n<p><strong>Dica importante para os candidatos:<\/strong><br>Para o Exame de Aptid\u00e3o F\u00edsica, comece desde j\u00e1 uma rotina de treinos leves com corrida, flex\u00f5es e abdominais. Al\u00e9m disso, estude com foco nos conte\u00fados exigidos, que t\u00eam peso importante na classifica\u00e7\u00e3o.<\/p>\n\n\n\n<p>A classifica\u00e7\u00e3o final definir\u00e1 para qual das <strong>13 Unidades Escolares Tecnol\u00f3gicas do Ex\u00e9rcito (UETE)<\/strong> o candidato ser\u00e1 designado. A homologa\u00e7\u00e3o do resultado final est\u00e1 prevista para <strong>15 de maio de 2026<\/strong>.<\/p>\n\n\n\n<p><em><a href=\"https:\/\/extra.globo.com\/economia\/emprego\/concursos\/noticia\/2025\/05\/exercito-encerra-nesta-semana-as-inscricoes-para-concurso-com-1125-vagas-de-nivel-medio.ghtml\" title=\"\">Fonte.Portal Jornal Extra<\/a><\/em><\/p>\n\n\n\n<p><\/p>\n","protected":false},"excerpt":{"rendered":"<p>Encerra neste domingo (18) o prazo de inscri\u00e7\u00e3o para o concurso da Escola de Sargentos das Armas (ESA), com ingresso previsto para 2026. A sele\u00e7\u00e3o oferece 1.125 vagas para candidatos com ensino m\u00e9dio completo, sendo 1.015 para a \u00e1rea geral, 80 para a sa\u00fade e 30 para m\u00fasica. A taxa de inscri\u00e7\u00e3o \u00e9 de R$ [&hellip;]<\/p>\n","protected":false},"author":2,"featured_media":19987,"comment_status":"closed","ping_status":"closed","sticky":false,"template":"","format":"standard","meta":{"postBodyCss":"","postBodyMargin":[],"postBodyPadding":[],"postBodyBackground":{"backgroundType":"classic","gradient":""},"footnotes":""},"categories":[61,73],"tags":[160,421,82],"class_list":["post-19983","post","type-post","status-publish","format-standard","has-post-thumbnail","hentry","category-educacao","category-emprego","tag-concursos","tag-exercito","tag-oportunidade"],"aioseo_notices":[],"_links":{"self":[{"href":"https:\/\/aconteceemmacaeeregiao.com.br\/index.php\/wp-json\/wp\/v2\/posts\/19983","targetHints":{"allow":["GET"]}}],"collection":[{"href":"https:\/\/aconteceemmacaeeregiao.com.br\/index.php\/wp-json\/wp\/v2\/posts"}],"about":[{"href":"https:\/\/aconteceemmacaeeregiao.com.br\/index.php\/wp-json\/wp\/v2\/types\/post"}],"author":[{"embeddable":true,"href":"https:\/\/aconteceemmacaeeregiao.com.br\/index.php\/wp-json\/wp\/v2\/users\/2"}],"replies":[{"embeddable":true,"href":"https:\/\/aconteceemmacaeeregiao.com.br\/index.php\/wp-json\/wp\/v2\/comments?post=19983"}],"version-history":[{"count":0,"href":"https:\/\/aconteceemmacaeeregiao.com.br\/index.php\/wp-json\/wp\/v2\/posts\/19983\/revisions"}],"wp:featuredmedia":[{"embeddable":true,"href":"https:\/\/aconteceemmacaeeregiao.com.br\/index.php\/wp-json\/wp\/v2\/media\/19987"}],"wp:attachment":[{"href":"https:\/\/aconteceemmacaeeregiao.com.br\/index.php\/wp-json\/wp\/v2\/media?parent=19983"}],"wp:term":[{"taxonomy":"category","embeddable":true,"href":"https:\/\/aconteceemmacaeeregiao.com.br\/index.php\/wp-json\/wp\/v2\/categories?post=19983"},{"taxonomy":"post_tag","embeddable":true,"href":"https:\/\/aconteceemmacaeeregiao.com.br\/index.php\/wp-json\/wp\/v2\/tags?post=19983"}],"curies":[{"name":"wp","href":"https:\/\/api.w.org\/{rel}","templated":true}]}}