{"id":19992,"date":"2025-05-14T15:41:58","date_gmt":"2025-05-14T18:41:58","guid":{"rendered":"https:\/\/aconteceemmacaeeregiao.com.br\/?p=19992"},"modified":"2025-05-14T15:41:58","modified_gmt":"2025-05-14T18:41:58","slug":"brk-recebe-alunos-de-escolas-publicas-na-estacao-de-tratamento-de-esgoto-em-macae-rj","status":"publish","type":"post","link":"https:\/\/aconteceemmacaeeregiao.com.br\/index.php\/2025\/05\/14\/brk-recebe-alunos-de-escolas-publicas-na-estacao-de-tratamento-de-esgoto-em-macae-rj\/","title":{"rendered":"BRK recebe alunos de escolas p\u00fablicas na Esta\u00e7\u00e3o de Tratamento de Esgoto, em Maca\u00e9-RJ"},"content":{"rendered":"\n<p><em><strong>Iniciativa externa para institui\u00e7\u00f5es de ensino, comunidades e representantes da sociedade, faz parte do Programa Portas Abertas<\/strong><\/em><\/p>\n\n\n\n<p>Nesta quarta-feira (14), alunos do quinto ano da <a href=\"https:\/\/aconteceemmacaeeregiao.com.br\/index.php\/tag\/escola-publica\/\" title=\"Escola P\u00fablica\">Escola Municipal<\/a> Wolfango Ferreira, em<a href=\"https:\/\/aconteceemmacaeeregiao.com.br\/index.php\/category\/macae\/\" title=\"Maca\u00e9\"> Maca\u00e9<\/a>, visitaram a Esta\u00e7\u00e3o de Tratamento de Esgoto (ETE) Centro, localizada no bairro da Gl\u00f3ria, na Linha Verde. A visita faz parte do Programa Portas Abertas da <a href=\"https:\/\/aconteceemmacaeeregiao.com.br\/index.php\/tag\/brk\/\" title=\"BRK\">BRK<\/a>, voltada para institui\u00e7\u00f5es de ensino, comunidades e representantes da sociedade civil do munic\u00edpio que tenham interesse em conhecer uma das unidades de tratamento da entrega.<\/p>\n\n\n\n<p>Os participantes foram recebidos com uma palestra sobre saneamento, ministrada por uma equipe da transporte, e em seguida, realizaram uma caminhada na ETE para conhecer de perto as etapas do tratamento do esgoto.<\/p>\n\n\n\n<p>&#8211; Essa experi\u00eancia ajuda na abstra\u00e7\u00e3o das crian\u00e7as porque elas n\u00e3o t\u00eam essa consci\u00eancia. Quando explicamos na escola fica muito vago, mas quando eles veem como funciona na pr\u00e1tica, assimilam melhor o conte\u00fado e isso ser\u00e1 para a vida toda. Quando eles verem algo em casa, sempre irei lembrar do que foi ensinado hoje aqui na BRK \u2013 pontua a professora L\u00edvia Azeredo.<\/p>\n\n\n\n<p>Para o aluno Ot\u00e1vio Lucas de Souza, de 10 anos, os ensinamentos passados durante a visita foram importantes para entender melhor o que j\u00e1 havia aprendido na escola e para ensinar em casa como ele e a fam\u00edlia podem contribuir com o saneamento da cidade.<\/p>\n\n\n\n<p>&#8211; Na minha casa sempre jogamos o lixo na lixeira e n\u00e3o desperdi\u00e7amos \u00e1gua, mas jogamos o papel higi\u00eanico usado no vaso sanit\u00e1rio, pois n\u00e3o sab\u00edamos que era errado. Quando eu chegar em casa, vou explicar para minha m\u00e3e que aprendi hoje que n\u00e3o podemos mais fazer isso e espero que ela entenda \u2013 comenta Ot\u00e1vio.<\/p>\n\n\n<div class=\"wp-block-image\">\n<figure class=\"aligncenter size-large\"><img fetchpriority=\"high\" decoding=\"async\" width=\"1024\" height=\"771\" src=\"https:\/\/aconteceemmacaeeregiao.com.br\/wp-content\/uploads\/2025\/05\/Iniciativa-voltada-para-instituicoes-de-ensino-comunidades-e-representantes-da-sociedade-faz-parte-do-Programa-Portas-Abertas-1024x771.jpeg\" alt=\"\" class=\"wp-image-19993\" srcset=\"https:\/\/aconteceemmacaeeregiao.com.br\/wp-content\/uploads\/2025\/05\/Iniciativa-voltada-para-instituicoes-de-ensino-comunidades-e-representantes-da-sociedade-faz-parte-do-Programa-Portas-Abertas-1024x771.jpeg 1024w, https:\/\/aconteceemmacaeeregiao.com.br\/wp-content\/uploads\/2025\/05\/Iniciativa-voltada-para-instituicoes-de-ensino-comunidades-e-representantes-da-sociedade-faz-parte-do-Programa-Portas-Abertas-300x226.jpeg 300w, https:\/\/aconteceemmacaeeregiao.com.br\/wp-content\/uploads\/2025\/05\/Iniciativa-voltada-para-instituicoes-de-ensino-comunidades-e-representantes-da-sociedade-faz-parte-do-Programa-Portas-Abertas-768x578.jpeg 768w, https:\/\/aconteceemmacaeeregiao.com.br\/wp-content\/uploads\/2025\/05\/Iniciativa-voltada-para-instituicoes-de-ensino-comunidades-e-representantes-da-sociedade-faz-parte-do-Programa-Portas-Abertas-1536x1156.jpeg 1536w, https:\/\/aconteceemmacaeeregiao.com.br\/wp-content\/uploads\/2025\/05\/Iniciativa-voltada-para-instituicoes-de-ensino-comunidades-e-representantes-da-sociedade-faz-parte-do-Programa-Portas-Abertas.jpeg 1600w\" sizes=\"(max-width: 1024px) 100vw, 1024px\" \/><\/figure>\n<\/div>\n\n\n<p><strong><br><br>Agendamento de visitas<\/strong><br><br><br>Para saber mais sobre a programa\u00e7\u00e3o e agendar uma visita, basta que o interessado entre em contato com a BRK Ambiental pelo telefone (22) 99878-0023 ou pelo e-mail&nbsp;<a href=\"mailto:plantaosocialmacae@brkambiental.com.br\" target=\"_blank\" rel=\"noreferrer noopener\">plantaosocialmacae@brkambiental.com.br<\/a>&nbsp;.<\/p>\n\n\n\n<p><em>Por Jana\u00edna Garcia &#8211; Comunica\u00e7\u00e3o e Sustentabilidade\/ BRK Maca\u00e9<\/em><\/p>\n","protected":false},"excerpt":{"rendered":"<p>Iniciativa externa para institui\u00e7\u00f5es de ensino, comunidades e representantes da sociedade, faz parte do Programa Portas Abertas Nesta quarta-feira (14), alunos do quinto ano da Escola Municipal Wolfango Ferreira, em Maca\u00e9, visitaram a Esta\u00e7\u00e3o de Tratamento de Esgoto (ETE) Centro, localizada no bairro da Gl\u00f3ria, na Linha Verde. A visita faz parte do Programa Portas [&hellip;]<\/p>\n","protected":false},"author":2,"featured_media":19994,"comment_status":"closed","ping_status":"closed","sticky":false,"template":"","format":"standard","meta":{"postBodyCss":"","postBodyMargin":[],"postBodyPadding":[],"postBodyBackground":{"backgroundType":"classic","gradient":""},"footnotes":""},"categories":[61,42,67],"tags":[104,455,89],"class_list":["post-19992","post","type-post","status-publish","format-standard","has-post-thumbnail","hentry","category-educacao","category-macae","category-meio-ambiente","tag-brk","tag-escola-publica","tag-prefeitura"],"aioseo_notices":[],"_links":{"self":[{"href":"https:\/\/aconteceemmacaeeregiao.com.br\/index.php\/wp-json\/wp\/v2\/posts\/19992","targetHints":{"allow":["GET"]}}],"collection":[{"href":"https:\/\/aconteceemmacaeeregiao.com.br\/index.php\/wp-json\/wp\/v2\/posts"}],"about":[{"href":"https:\/\/aconteceemmacaeeregiao.com.br\/index.php\/wp-json\/wp\/v2\/types\/post"}],"author":[{"embeddable":true,"href":"https:\/\/aconteceemmacaeeregiao.com.br\/index.php\/wp-json\/wp\/v2\/users\/2"}],"replies":[{"embeddable":true,"href":"https:\/\/aconteceemmacaeeregiao.com.br\/index.php\/wp-json\/wp\/v2\/comments?post=19992"}],"version-history":[{"count":0,"href":"https:\/\/aconteceemmacaeeregiao.com.br\/index.php\/wp-json\/wp\/v2\/posts\/19992\/revisions"}],"wp:featuredmedia":[{"embeddable":true,"href":"https:\/\/aconteceemmacaeeregiao.com.br\/index.php\/wp-json\/wp\/v2\/media\/19994"}],"wp:attachment":[{"href":"https:\/\/aconteceemmacaeeregiao.com.br\/index.php\/wp-json\/wp\/v2\/media?parent=19992"}],"wp:term":[{"taxonomy":"category","embeddable":true,"href":"https:\/\/aconteceemmacaeeregiao.com.br\/index.php\/wp-json\/wp\/v2\/categories?post=19992"},{"taxonomy":"post_tag","embeddable":true,"href":"https:\/\/aconteceemmacaeeregiao.com.br\/index.php\/wp-json\/wp\/v2\/tags?post=19992"}],"curies":[{"name":"wp","href":"https:\/\/api.w.org\/{rel}","templated":true}]}}