{"id":19999,"date":"2025-05-14T16:34:37","date_gmt":"2025-05-14T19:34:37","guid":{"rendered":"https:\/\/aconteceemmacaeeregiao.com.br\/?p=19999"},"modified":"2025-05-14T16:34:37","modified_gmt":"2025-05-14T19:34:37","slug":"instituto-bw-realiza-soltura-de-tartaruga-verde-com-participacao-de-estudantes-em-macae","status":"publish","type":"post","link":"https:\/\/aconteceemmacaeeregiao.com.br\/index.php\/2025\/05\/14\/instituto-bw-realiza-soltura-de-tartaruga-verde-com-participacao-de-estudantes-em-macae\/","title":{"rendered":"Instituto BW realiza soltura de tartaruga-verde com participa\u00e7\u00e3o de estudantes em Maca\u00e9"},"content":{"rendered":"\n<p>Uma a\u00e7\u00e3o especial de preserva\u00e7\u00e3o ambiental vai emocionar alunos e moradores nesta quinta-feira (15), \u00e0s 15h, na<a href=\"http:\/\/Praia dos Cavaleiros\" title=\"\"> Praia dos Cavaleiros<\/a>, em <a href=\"https:\/\/aconteceemmacaeeregiao.com.br\/index.php\/category\/macae\/\" title=\"Maca\u00e9\">Maca\u00e9<\/a>. O Instituto BW realizar\u00e1 a soltura de uma tartaruga-verde (Chelonia mydas), ap\u00f3s seu processo de reabilita\u00e7\u00e3o. O momento simb\u00f3lico contar\u00e1 com a presen\u00e7a de estudantes do Col\u00e9gio Estadual Municipalizado Raul Veiga, do distrito de <a href=\"https:\/\/aconteceemmacaeeregiao.com.br\/index.php\/tag\/glicerio\/\" title=\"Glic\u00e9rio\">Glic\u00e9rio<\/a>, convidados a participar ap\u00f3s atividades da Semana Mundial da \u00c1gua.<\/p>\n\n\n\n<p>A tartaruga, classificada como \u201cquase amea\u00e7ada\u201d pelo Minist\u00e9rio do Meio Ambiente, foi resgatada na Regi\u00e3o dos Lagos e passou por cuidados cl\u00ednicos com a equipe veterin\u00e1ria do Instituto BW. Ap\u00f3s exames comprovarem que o animal estava apto a retornar ao mar, a soltura foi programada no mesmo local onde ela foi encontrada. A a\u00e7\u00e3o destaca o compromisso com a vida marinha e refor\u00e7a a import\u00e2ncia da recupera\u00e7\u00e3o de esp\u00e9cies amea\u00e7adas.<\/p>\n\n\n\n<p>Segundo o secret\u00e1rio de Meio Ambiente de Maca\u00e9, Phelipe Salgado, o ato representa mais do que o retorno de um animal ao seu habitat: \u201c\u00c9 um s\u00edmbolo do nosso dever coletivo com o meio ambiente. Preservar nossas praias e incentivar a educa\u00e7\u00e3o ambiental s\u00e3o prioridades da gest\u00e3o\u201d, destacou.<\/p>\n\n\n\n<p>Al\u00e9m da soltura, os alunos participar\u00e3o de uma viv\u00eancia educativa marcada por emo\u00e7\u00e3o e conscientiza\u00e7\u00e3o. Para muitos deles, moradores da Serra, ser\u00e1 o primeiro contato com o mar. \u201cMais do que assistir a uma libera\u00e7\u00e3o, eles v\u00e3o presenciar um ato de esperan\u00e7a e liberdade\u201d, afirmou Mariana Burato, coordenadora de Educa\u00e7\u00e3o Ambiental do Instituto BW. A experi\u00eancia ficar\u00e1 marcada como uma aula pr\u00e1tica inesquec\u00edvel sobre cuidado, responsabilidade e conex\u00e3o com a natureza.<\/p>\n\n\n\n<p><em><a href=\"https:\/\/macae.rj.gov.br\/noticias\/leitura\/noticia\/tartaruga-verde-recuperada-pelo-instituto-bw-retorna-ao-mar-nesta-quinta-feira\" title=\"\">Fonte: Secom Pref. Maca\u00e9<\/a><\/em><\/p>\n","protected":false},"excerpt":{"rendered":"<p>Uma a\u00e7\u00e3o especial de preserva\u00e7\u00e3o ambiental vai emocionar alunos e moradores nesta quinta-feira (15), \u00e0s 15h, na Praia dos Cavaleiros, em Maca\u00e9. O Instituto BW realizar\u00e1 a soltura de uma tartaruga-verde (Chelonia mydas), ap\u00f3s seu processo de reabilita\u00e7\u00e3o. O momento simb\u00f3lico contar\u00e1 com a presen\u00e7a de estudantes do Col\u00e9gio Estadual Municipalizado Raul Veiga, do distrito [&hellip;]<\/p>\n","protected":false},"author":2,"featured_media":20000,"comment_status":"closed","ping_status":"closed","sticky":false,"template":"","format":"standard","meta":{"postBodyCss":"","postBodyMargin":[],"postBodyPadding":[],"postBodyBackground":{"backgroundType":"classic","gradient":""},"footnotes":""},"categories":[61,42,67],"tags":[409,455,204,89,385],"class_list":["post-19999","post","type-post","status-publish","format-standard","has-post-thumbnail","hentry","category-educacao","category-macae","category-meio-ambiente","tag-animais","tag-escola-publica","tag-praia-dos-cavaleiros","tag-prefeitura","tag-preservacao"],"aioseo_notices":[],"_links":{"self":[{"href":"https:\/\/aconteceemmacaeeregiao.com.br\/index.php\/wp-json\/wp\/v2\/posts\/19999","targetHints":{"allow":["GET"]}}],"collection":[{"href":"https:\/\/aconteceemmacaeeregiao.com.br\/index.php\/wp-json\/wp\/v2\/posts"}],"about":[{"href":"https:\/\/aconteceemmacaeeregiao.com.br\/index.php\/wp-json\/wp\/v2\/types\/post"}],"author":[{"embeddable":true,"href":"https:\/\/aconteceemmacaeeregiao.com.br\/index.php\/wp-json\/wp\/v2\/users\/2"}],"replies":[{"embeddable":true,"href":"https:\/\/aconteceemmacaeeregiao.com.br\/index.php\/wp-json\/wp\/v2\/comments?post=19999"}],"version-history":[{"count":0,"href":"https:\/\/aconteceemmacaeeregiao.com.br\/index.php\/wp-json\/wp\/v2\/posts\/19999\/revisions"}],"wp:featuredmedia":[{"embeddable":true,"href":"https:\/\/aconteceemmacaeeregiao.com.br\/index.php\/wp-json\/wp\/v2\/media\/20000"}],"wp:attachment":[{"href":"https:\/\/aconteceemmacaeeregiao.com.br\/index.php\/wp-json\/wp\/v2\/media?parent=19999"}],"wp:term":[{"taxonomy":"category","embeddable":true,"href":"https:\/\/aconteceemmacaeeregiao.com.br\/index.php\/wp-json\/wp\/v2\/categories?post=19999"},{"taxonomy":"post_tag","embeddable":true,"href":"https:\/\/aconteceemmacaeeregiao.com.br\/index.php\/wp-json\/wp\/v2\/tags?post=19999"}],"curies":[{"name":"wp","href":"https:\/\/api.w.org\/{rel}","templated":true}]}}