{"id":20002,"date":"2025-05-14T16:50:55","date_gmt":"2025-05-14T19:50:55","guid":{"rendered":"https:\/\/aconteceemmacaeeregiao.com.br\/?p=20002"},"modified":"2025-05-14T16:50:56","modified_gmt":"2025-05-14T19:50:56","slug":"calendario-de-eventos-agita-rio-das-ostras-e-reforca-parceria-entre-municipio-e-estado","status":"publish","type":"post","link":"https:\/\/aconteceemmacaeeregiao.com.br\/index.php\/2025\/05\/14\/calendario-de-eventos-agita-rio-das-ostras-e-reforca-parceria-entre-municipio-e-estado\/","title":{"rendered":"Calend\u00e1rio de Eventos agita Rio das Ostras e refor\u00e7a parceria entre munic\u00edpio e Estado"},"content":{"rendered":"\n<p><em><strong>Com previs\u00e3o de movimentar R$ 50 milh\u00f5es na economia local, cidade investe em infraestrutura, turismo sustent\u00e1vel e cultura gratuita at\u00e9 2026<\/strong><\/em><\/p>\n\n\n\n<p><a href=\"https:\/\/aconteceemmacaeeregiao.com.br\/index.php\/category\/regiao\/rio-das-ostras\/\" title=\"Rio das Ostras\">Rio das Ostras<\/a> est\u00e1 pronta para viver um novo momento! Com foco no desenvolvimento econ\u00f4mico e no fortalecimento do turismo, o munic\u00edpio lan\u00e7ou nesta ter\u00e7a-feira (13) o Calend\u00e1rio de Eventos 2025\/2026 uma agenda robusta de atra\u00e7\u00f5es<a href=\"https:\/\/aconteceemmacaeeregiao.com.br\/index.php\/tag\/cultura\/\" title=\"Cultura\"> culturais<\/a>, esportivas e de lazer que promete agitar a cidade at\u00e9 maio do ano que vem.<\/p>\n\n\n\n<p>A cerim\u00f4nia, realizada no Hotel Vilarejo, reuniu autoridades, empres\u00e1rios, jornalistas e representantes da sociedade civil. Em clima de otimismo, o encontro refor\u00e7ou a uni\u00e3o entre a Prefeitura e o <a href=\"https:\/\/aconteceemmacaeeregiao.com.br\/index.php\/2023\/10\/31\/governo-do-estado-lanca-a-18a-edicao-do-dossie-mulher\/\" title=\"Governo do Estado lan\u00e7a a 18\u00aa edi\u00e7\u00e3o do Dossi\u00ea Mulher\">Governo do Estado <\/a>para impulsionar o setor e gerar oportunidades.<\/p>\n\n\n\n<p>Estado e munic\u00edpio de m\u00e3os dadas pelo turismo<\/p>\n\n\n\n<p>Marciel Gon\u00e7alves presidente da c\u00e2mara dos vereadores e Gustavo Tutuca Secret\u00e1rio de Turismo do Estado .<br>O secret\u00e1rio estadual de Turismo, Gustavo Tutuca, foi direto ao ponto: o turismo \u00e9 hoje uma das grandes engrenagens da economia fluminense \u2014 e Rio das Ostras tem papel de destaque nesse cen\u00e1rio. S\u00f3 no primeiro trimestre de 2025, o Estado j\u00e1 recebeu 700 mil turistas internacionais, com previs\u00e3o de ultrapassar os 2 milh\u00f5es at\u00e9 o fim do ano.<\/p>\n\n\n\n<p>\u201cO calend\u00e1rio de eventos \u00e9 fundamental. Ele organiza toda a cadeia produtiva: pousadas, bares, restaurantes, hot\u00e9is, taxistas. E no fim, o objetivo \u00e9 sempre o mesmo: gerar empregos e qualidade de vida para quem mora aqui\u201d, destacou Tutuca. Ele tamb\u00e9m anunciou que mais de R$ 1,5 milh\u00e3o em investimentos est\u00e3o previstos para o munic\u00edpio e celebrou o engajamento dos mais de 400 artes\u00e3os locais cadastrados na Carteira Nacional do Artes\u00e3o.<\/p>\n\n\n\n<p>Aproveitando a ocasi\u00e3o, o secret\u00e1rio convidou Rio das Ostras a participar da 4\u00aa Expo Rio Turismo, que acontece de 5 a 8 de junho, na Lagoa Rodrigo de Freitas, no Rio de Janeiro.<\/p>\n\n\n\n<p>Infraestrutura para acolher e crescer<\/p>\n\n\n\n<p>J\u00e1 o prefeito Carlos Augusto aproveitou a oportunidade para apresentar os investimentos em andamento na cidade. Entre os destaques est\u00e3o a constru\u00e7\u00e3o da nova rodovi\u00e1ria e a duplica\u00e7\u00e3o da rodovia Amaral Peixoto \u2014 obras que v\u00e3o proporcionar mais conforto, seguran\u00e7a e acessibilidade para moradores e turistas.<\/p>\n\n\n\n<p>\u201cEstamos vivendo um novo tempo. Rio das Ostras tem voca\u00e7\u00e3o para o turismo e, com planejamento e parceria, vamos transformar essa voca\u00e7\u00e3o em oportunidades reais para a popula\u00e7\u00e3o\u201d, afirmou o prefeito.<\/p>\n\n\n\n<p>Investimentos privados impulsionam economia<\/p>\n\n\n\n<p>Entre os empres\u00e1rios presentes, Rafael Busquet, propriet\u00e1rio do Shopping Plaza, apresentou dados que mostram o impacto positivo do empreendimento no bairro Harmonia. Com R$ 450 milh\u00f5es j\u00e1 investidos e previs\u00e3o de chegar a R$ 1,3 bilh\u00e3o, o projeto movimenta a economia, gera empregos e amplia a oferta de servi\u00e7os e infraestrutura na cidade.<\/p>\n\n\n\n<p>O anfitri\u00e3o do evento, Jo\u00e3o de Mello, gestor da rede de hot\u00e9is Vilarejo, tamb\u00e9m refor\u00e7ou o compromisso do setor privado com o desenvolvimento da cidade. \u201cFui criado aqui e administro nossa empresa com muito carinho por essa terra\u201d, disse. O grupo j\u00e1 soma mais de R$ 12 milh\u00f5es em investimentos em obras de amplia\u00e7\u00e3o da \u00e1rea de lazer e constru\u00e7\u00e3o de 50 novos apartamentos, o que resultou em mais de 200 empregos diretos.<\/p>\n\n\n\n<p>Prefeito de Rio das Ostras Carlos Augusto<br>Jo\u00e3o de Mello, Gestor da rede de hot\u00e9is Vilarejo.<br>Cultura, lazer e oportunidade para todos<\/p>\n\n\n\n<p>Fechando os discursos, o secret\u00e1rio municipal de Turismo, Rodrigo Peleteiro, destacou que todos os eventos do calend\u00e1rio s\u00e3o gratuitos e refor\u00e7ou a import\u00e2ncia da colabora\u00e7\u00e3o com empres\u00e1rios e profissionais da \u00e1rea para consolidar a cidade como destino tur\u00edstico durante todo o ano.<\/p>\n\n\n\n<p>\u201cO calend\u00e1rio \u00e9 uma oportunidade concreta de movimentar toda a cadeia do turismo com planejamento, diversidade e inclus\u00e3o\u201d, disse.<\/p>\n\n\n\n<p>Com tudo isso, Rio das Ostras mostra que est\u00e1 de portas abertas para receber bem, crescer com qualidade e garantir oportunidades para quem vive e visita a cidade.<\/p>\n\n\n\n<p>Confira a programa\u00e7\u00e3o completa no site oficial:<br><a href=\"https:\/\/www.experimenteriodasostras.com.br\/#\/calendario-eventos\" title=\"\">www.experimenteriodasostras.com.br\/#\/calendario-eventos<\/a><\/p>\n\n\n\n<p><em><a href=\"https:\/\/jornalosol.com.br\/calendario-de-eventos-agita-rio-das-ostras-e-reforca-parceria-entre-municipio-e-estado\/\" title=\"\">Fonte. Jornal O Sol<\/a><\/em><\/p>\n\n\n\n<p><\/p>\n","protected":false},"excerpt":{"rendered":"<p>Com previs\u00e3o de movimentar R$ 50 milh\u00f5es na economia local, cidade investe em infraestrutura, turismo sustent\u00e1vel e cultura gratuita at\u00e9 2026 Rio das Ostras est\u00e1 pronta para viver um novo momento! Com foco no desenvolvimento econ\u00f4mico e no fortalecimento do turismo, o munic\u00edpio lan\u00e7ou nesta ter\u00e7a-feira (13) o Calend\u00e1rio de Eventos 2025\/2026 uma agenda robusta [&hellip;]<\/p>\n","protected":false},"author":2,"featured_media":20003,"comment_status":"closed","ping_status":"closed","sticky":false,"template":"","format":"standard","meta":{"postBodyCss":"","postBodyMargin":[],"postBodyPadding":[],"postBodyBackground":{"backgroundType":"classic","gradient":""},"footnotes":""},"categories":[45,49],"tags":[121,89,828],"class_list":["post-20002","post","type-post","status-publish","format-standard","has-post-thumbnail","hentry","category-economia","category-rio-das-ostras","tag-governo-estadual","tag-prefeitura","tag-turista"],"aioseo_notices":[],"_links":{"self":[{"href":"https:\/\/aconteceemmacaeeregiao.com.br\/index.php\/wp-json\/wp\/v2\/posts\/20002","targetHints":{"allow":["GET"]}}],"collection":[{"href":"https:\/\/aconteceemmacaeeregiao.com.br\/index.php\/wp-json\/wp\/v2\/posts"}],"about":[{"href":"https:\/\/aconteceemmacaeeregiao.com.br\/index.php\/wp-json\/wp\/v2\/types\/post"}],"author":[{"embeddable":true,"href":"https:\/\/aconteceemmacaeeregiao.com.br\/index.php\/wp-json\/wp\/v2\/users\/2"}],"replies":[{"embeddable":true,"href":"https:\/\/aconteceemmacaeeregiao.com.br\/index.php\/wp-json\/wp\/v2\/comments?post=20002"}],"version-history":[{"count":0,"href":"https:\/\/aconteceemmacaeeregiao.com.br\/index.php\/wp-json\/wp\/v2\/posts\/20002\/revisions"}],"wp:featuredmedia":[{"embeddable":true,"href":"https:\/\/aconteceemmacaeeregiao.com.br\/index.php\/wp-json\/wp\/v2\/media\/20003"}],"wp:attachment":[{"href":"https:\/\/aconteceemmacaeeregiao.com.br\/index.php\/wp-json\/wp\/v2\/media?parent=20002"}],"wp:term":[{"taxonomy":"category","embeddable":true,"href":"https:\/\/aconteceemmacaeeregiao.com.br\/index.php\/wp-json\/wp\/v2\/categories?post=20002"},{"taxonomy":"post_tag","embeddable":true,"href":"https:\/\/aconteceemmacaeeregiao.com.br\/index.php\/wp-json\/wp\/v2\/tags?post=20002"}],"curies":[{"name":"wp","href":"https:\/\/api.w.org\/{rel}","templated":true}]}}