{"id":20012,"date":"2025-05-16T17:12:06","date_gmt":"2025-05-16T20:12:06","guid":{"rendered":"https:\/\/aconteceemmacaeeregiao.com.br\/?p=20012"},"modified":"2025-05-16T17:12:07","modified_gmt":"2025-05-16T20:12:07","slug":"beer-beach-burger-2025-mistura-hamburguer-arte-urbana-e-musica-na-orla-de-macae","status":"publish","type":"post","link":"https:\/\/aconteceemmacaeeregiao.com.br\/index.php\/2025\/05\/16\/beer-beach-burger-2025-mistura-hamburguer-arte-urbana-e-musica-na-orla-de-macae\/","title":{"rendered":"Beer Beach Burger 2025 mistura hamb\u00farguer, arte urbana e m\u00fasica na orla de Maca\u00e9"},"content":{"rendered":"\n<p>De 5 a 8 de junho, a orla da <a href=\"https:\/\/aconteceemmacaeeregiao.com.br\/index.php\/tag\/praia-dos-cavaleiros\/\" title=\"Praia dos Cavaleiros\">Praia dos Cavaleiros<\/a> ser\u00e1 palco da 8\u00aa edi\u00e7\u00e3o do <a href=\"https:\/\/aconteceemmacaeeregiao.com.br\/index.php\/2023\/04\/13\/6-beer-beach-burger-traz-receitas-inovadoras-de-chefs-de-macae\/\" title=\"6\u00b0 Beer Beach Burger traz receitas inovadoras de chefs de Maca\u00e9\"><strong>Beer Beach Burger<\/strong>,<\/a> evento que j\u00e1 virou tradi\u00e7\u00e3o em Maca\u00e9. Neste ano, a grande novidade \u00e9 a participa\u00e7\u00e3o de mais de dez grafiteiros locais, que ir\u00e3o transformar os estandes gastron\u00f4micos em verdadeiras obras de arte ao ar livre. O evento, realizado pelo <a href=\"https:\/\/aconteceemmacaeeregiao.com.br\/index.php\/tag\/polo-gastronomico\/\" title=\"Polo Gastron\u00f4mico\">Polo Gastron\u00f4mico<\/a> de Maca\u00e9, ter\u00e1 tamb\u00e9m uma galeria com exposi\u00e7\u00e3o de grafites, al\u00e9m de shows com bandas de rock e blues da cidade.<\/p>\n\n\n\n<p>Ser\u00e3o vinte receitas exclusivas de hamb\u00fargueres artesanais \u2014 incluindo op\u00e7\u00e3o vegetariana \u2014 com pre\u00e7os entre R$ 35 e R$ 45, acompanhadas por cervejas artesanais de quatro marcas, drinks, vinhos e sobremesas especiais (de R$ 25 a R$ 30). Tudo isso com uma vibe descontra\u00edda e \u00e0 beira-mar. A ideia \u00e9 valorizar o talento local e movimentar a cena cultural e gastron\u00f4mica da cidade.<\/p>\n\n\n\n<p>Segundo o produtor cultural Beto Brand\u00e3o, o evento busca enaltecer os artistas e empreendedores macaenses. \u201cTrabalhamos com quem \u00e9 da cidade para valorizar o que \u00e9 nosso. Este ano, al\u00e9m do hamb\u00farguer, teremos arte por todos os lados\u201d, destacou.<\/p>\n\n\n<div class=\"wp-block-image\">\n<figure class=\"aligncenter size-large is-resized\"><img fetchpriority=\"high\" decoding=\"async\" width=\"819\" height=\"1024\" src=\"https:\/\/aconteceemmacaeeregiao.com.br\/wp-content\/uploads\/2025\/05\/1747478858-819x1024.jpg\" alt=\"\" class=\"wp-image-20014\" style=\"width:361px;height:auto\" srcset=\"https:\/\/aconteceemmacaeeregiao.com.br\/wp-content\/uploads\/2025\/05\/1747478858-819x1024.jpg 819w, https:\/\/aconteceemmacaeeregiao.com.br\/wp-content\/uploads\/2025\/05\/1747478858-240x300.jpg 240w, https:\/\/aconteceemmacaeeregiao.com.br\/wp-content\/uploads\/2025\/05\/1747478858-768x960.jpg 768w, https:\/\/aconteceemmacaeeregiao.com.br\/wp-content\/uploads\/2025\/05\/1747478858.jpg 1024w\" sizes=\"(max-width: 819px) 100vw, 819px\" \/><\/figure>\n<\/div>\n\n\n<p><\/p>\n\n\n\n<p><strong>Programa\u00e7\u00e3o<\/strong>: Quinta (5) e sexta (6), das 18h \u00e0 0h. S\u00e1bado (7), das 13h \u00e0 0h, e domingo (8), das 13h \u00e0s 21h. A programa\u00e7\u00e3o cultural completa e o card\u00e1pio estar\u00e3o dispon\u00edveis no Instagram oficial <a class=\"\" href=\"https:\/\/www.instagram.com\/polomacae\">@polomacae<\/a>.<\/p>\n\n\n\n<p><em><a href=\"https:\/\/macae.rj.gov.br\/noticias\/leitura\/noticia\/8-beer-beach-burger-movimentara-macae-de-5-a-8-de-junho\" title=\"\">Fonte: Secom Pref. Maca\u00e9<\/a><\/em><\/p>\n","protected":false},"excerpt":{"rendered":"<p>De 5 a 8 de junho, a orla da Praia dos Cavaleiros ser\u00e1 palco da 8\u00aa edi\u00e7\u00e3o do Beer Beach Burger, evento que j\u00e1 virou tradi\u00e7\u00e3o em Maca\u00e9. Neste ano, a grande novidade \u00e9 a participa\u00e7\u00e3o de mais de dez grafiteiros locais, que ir\u00e3o transformar os estandes gastron\u00f4micos em verdadeiras obras de arte ao ar [&hellip;]<\/p>\n","protected":false},"author":2,"featured_media":20013,"comment_status":"closed","ping_status":"closed","sticky":false,"template":"","format":"standard","meta":{"postBodyCss":"","postBodyMargin":[],"postBodyPadding":[],"postBodyBackground":{"backgroundType":"classic","gradient":""},"footnotes":""},"categories":[46,42],"tags":[184,825,892,204,89],"class_list":["post-20012","post","type-post","status-publish","format-standard","has-post-thumbnail","hentry","category-diversao","category-macae","tag-gastronomia","tag-orla","tag-polo-gastronomico","tag-praia-dos-cavaleiros","tag-prefeitura"],"aioseo_notices":[],"_links":{"self":[{"href":"https:\/\/aconteceemmacaeeregiao.com.br\/index.php\/wp-json\/wp\/v2\/posts\/20012","targetHints":{"allow":["GET"]}}],"collection":[{"href":"https:\/\/aconteceemmacaeeregiao.com.br\/index.php\/wp-json\/wp\/v2\/posts"}],"about":[{"href":"https:\/\/aconteceemmacaeeregiao.com.br\/index.php\/wp-json\/wp\/v2\/types\/post"}],"author":[{"embeddable":true,"href":"https:\/\/aconteceemmacaeeregiao.com.br\/index.php\/wp-json\/wp\/v2\/users\/2"}],"replies":[{"embeddable":true,"href":"https:\/\/aconteceemmacaeeregiao.com.br\/index.php\/wp-json\/wp\/v2\/comments?post=20012"}],"version-history":[{"count":0,"href":"https:\/\/aconteceemmacaeeregiao.com.br\/index.php\/wp-json\/wp\/v2\/posts\/20012\/revisions"}],"wp:featuredmedia":[{"embeddable":true,"href":"https:\/\/aconteceemmacaeeregiao.com.br\/index.php\/wp-json\/wp\/v2\/media\/20013"}],"wp:attachment":[{"href":"https:\/\/aconteceemmacaeeregiao.com.br\/index.php\/wp-json\/wp\/v2\/media?parent=20012"}],"wp:term":[{"taxonomy":"category","embeddable":true,"href":"https:\/\/aconteceemmacaeeregiao.com.br\/index.php\/wp-json\/wp\/v2\/categories?post=20012"},{"taxonomy":"post_tag","embeddable":true,"href":"https:\/\/aconteceemmacaeeregiao.com.br\/index.php\/wp-json\/wp\/v2\/tags?post=20012"}],"curies":[{"name":"wp","href":"https:\/\/api.w.org\/{rel}","templated":true}]}}