{"id":20050,"date":"2025-05-20T17:09:57","date_gmt":"2025-05-20T20:09:57","guid":{"rendered":"https:\/\/aconteceemmacaeeregiao.com.br\/?p=20050"},"modified":"2025-05-20T17:09:57","modified_gmt":"2025-05-20T20:09:57","slug":"curso-gratuito-em-macae-discute-equidade-e-marcadores-sociais-no-cuidado-em-saude","status":"publish","type":"post","link":"https:\/\/aconteceemmacaeeregiao.com.br\/index.php\/2025\/05\/20\/curso-gratuito-em-macae-discute-equidade-e-marcadores-sociais-no-cuidado-em-saude\/","title":{"rendered":"Curso gratuito em Maca\u00e9 discute equidade e marcadores sociais no cuidado em sa\u00fade"},"content":{"rendered":"\n<p>Est\u00e3o abertas at\u00e9 <strong>quinta-feira (22)<\/strong> as inscri\u00e7\u00f5es para o curso de extens\u00e3o gratuito <strong>\u201cInterseccionalidade e Equidade: os efeitos dos marcadores sociais no cuidado em sa\u00fade\u201d<\/strong>, promovido pelo projeto <strong>PET-Sa\u00fade: Equidade em <a href=\"https:\/\/aconteceemmacaeeregiao.com.br\/index.php\/category\/macae\/\" title=\"Maca\u00e9\">Maca\u00e9<\/a><\/strong>, realizado pela <strong>UFRJ e UFF<\/strong>. A forma\u00e7\u00e3o \u00e9 voltada a <strong>universit\u00e1rios e profissionais de sa\u00fade e ci\u00eancias sociais aplicadas<\/strong> do munic\u00edpio e ser\u00e1 realizada em formato <strong>online<\/strong>, com <strong>certificado de 100 horas<\/strong>.<\/p>\n\n\n\n<p>O curso inicia em <strong>26 de junho<\/strong>, \u00e0s 17h30, na <strong><a href=\"https:\/\/aconteceemmacaeeregiao.com.br\/index.php\/tag\/cidade-universitaria\/\" title=\"Cidade Universit\u00e1ria\">Cidade Universit\u00e1ria de Maca\u00e9<\/a><\/strong>, com encerramento previsto para <strong>15 de setembro<\/strong>. A proposta \u00e9 discutir como <strong>g\u00eanero, ra\u00e7a, defici\u00eancia, classe social e sexualidade<\/strong> influenciam o acesso \u00e0 sa\u00fade e a qualidade do atendimento, promovendo uma pr\u00e1tica mais <strong>justa, humana e inclusiva<\/strong>.<\/p>\n\n\n\n<p>Segundo a professora <strong>Fabianne Manh\u00e3es<\/strong>, tutora do projeto, entender esses fatores \u00e9 essencial para transformar o cuidado em sa\u00fade em um espa\u00e7o mais sens\u00edvel \u00e0 realidade de cada paciente: \u201cFalar sobre sa\u00fade \u00e9 tamb\u00e9m falar de direitos e justi\u00e7a social\u201d, ressalta.<\/p>\n\n\n\n<p>As inscri\u00e7\u00f5es devem ser feitas pelo site: <a class=\"\" href=\"http:\/\/icm.sites.uff.br\/?p=3735\">http:\/\/icm.sites.uff.br\/?p=3735<\/a>. D\u00favidas podem ser enviadas para o e-mail <strong><a>petsaude1.uff.ufrj@gmail.com<\/a><\/strong>. Se voc\u00ea atua ou quer atuar com mais consci\u00eancia e responsabilidade social na \u00e1rea da sa\u00fade, essa \u00e9 uma oportunidade imperd\u00edvel.<\/p>\n\n\n\n<p><em><a href=\"https:\/\/macae.rj.gov.br\/noticias\/leitura\/noticia\/inscricoes-para-curso-do-pet-saude-equidade-em-macae-ufrjuff-terminam-quinta\" title=\"\">Fonte: Secom Pref. Maca\u00e9<\/a><\/em><\/p>\n\n\n\n<p><\/p>\n","protected":false},"excerpt":{"rendered":"<p>Est\u00e3o abertas at\u00e9 quinta-feira (22) as inscri\u00e7\u00f5es para o curso de extens\u00e3o gratuito \u201cInterseccionalidade e Equidade: os efeitos dos marcadores sociais no cuidado em sa\u00fade\u201d, promovido pelo projeto PET-Sa\u00fade: Equidade em Maca\u00e9, realizado pela UFRJ e UFF. A forma\u00e7\u00e3o \u00e9 voltada a universit\u00e1rios e profissionais de sa\u00fade e ci\u00eancias sociais aplicadas do munic\u00edpio e ser\u00e1 [&hellip;]<\/p>\n","protected":false},"author":2,"featured_media":11130,"comment_status":"closed","ping_status":"closed","sticky":false,"template":"","format":"standard","meta":{"postBodyCss":"","postBodyMargin":[],"postBodyPadding":[],"postBodyBackground":{"backgroundType":"classic","gradient":""},"footnotes":""},"categories":[61,42],"tags":[337,132,89,135,118],"class_list":["post-20050","post","type-post","status-publish","format-standard","has-post-thumbnail","hentry","category-educacao","category-macae","tag-cidade-universitaria","tag-cursos-gratuitos","tag-prefeitura","tag-saude","tag-social"],"aioseo_notices":[],"_links":{"self":[{"href":"https:\/\/aconteceemmacaeeregiao.com.br\/index.php\/wp-json\/wp\/v2\/posts\/20050","targetHints":{"allow":["GET"]}}],"collection":[{"href":"https:\/\/aconteceemmacaeeregiao.com.br\/index.php\/wp-json\/wp\/v2\/posts"}],"about":[{"href":"https:\/\/aconteceemmacaeeregiao.com.br\/index.php\/wp-json\/wp\/v2\/types\/post"}],"author":[{"embeddable":true,"href":"https:\/\/aconteceemmacaeeregiao.com.br\/index.php\/wp-json\/wp\/v2\/users\/2"}],"replies":[{"embeddable":true,"href":"https:\/\/aconteceemmacaeeregiao.com.br\/index.php\/wp-json\/wp\/v2\/comments?post=20050"}],"version-history":[{"count":0,"href":"https:\/\/aconteceemmacaeeregiao.com.br\/index.php\/wp-json\/wp\/v2\/posts\/20050\/revisions"}],"wp:featuredmedia":[{"embeddable":true,"href":"https:\/\/aconteceemmacaeeregiao.com.br\/index.php\/wp-json\/wp\/v2\/media\/11130"}],"wp:attachment":[{"href":"https:\/\/aconteceemmacaeeregiao.com.br\/index.php\/wp-json\/wp\/v2\/media?parent=20050"}],"wp:term":[{"taxonomy":"category","embeddable":true,"href":"https:\/\/aconteceemmacaeeregiao.com.br\/index.php\/wp-json\/wp\/v2\/categories?post=20050"},{"taxonomy":"post_tag","embeddable":true,"href":"https:\/\/aconteceemmacaeeregiao.com.br\/index.php\/wp-json\/wp\/v2\/tags?post=20050"}],"curies":[{"name":"wp","href":"https:\/\/api.w.org\/{rel}","templated":true}]}}