{"id":20091,"date":"2025-05-28T17:51:07","date_gmt":"2025-05-28T20:51:07","guid":{"rendered":"https:\/\/aconteceemmacaeeregiao.com.br\/?p=20091"},"modified":"2025-05-28T17:51:08","modified_gmt":"2025-05-28T20:51:08","slug":"prefeitura-fecha-ferro-velho-irregular-em-macae-e-intensifica-fiscalizacao-contra-receptacao","status":"publish","type":"post","link":"https:\/\/aconteceemmacaeeregiao.com.br\/index.php\/2025\/05\/28\/prefeitura-fecha-ferro-velho-irregular-em-macae-e-intensifica-fiscalizacao-contra-receptacao\/","title":{"rendered":"Prefeitura fecha ferro-velho irregular em Maca\u00e9 e intensifica fiscaliza\u00e7\u00e3o contra recepta\u00e7\u00e3o"},"content":{"rendered":"\n<p>A Prefeitura de <a href=\"https:\/\/aconteceemmacaeeregiao.com.br\/index.php\/category\/macae\/\" title=\"Maca\u00e9\">Maca\u00e9<\/a> fechou nesta ter\u00e7a-feira (28) um ferro-velho que operava de forma irregular no bairro Visconde de Ara\u00fajo. A a\u00e7\u00e3o foi realizada pelas secretarias municipais de Ordem P\u00fablica, com apoio da <a href=\"https:\/\/aconteceemmacaeeregiao.com.br\/index.php\/tag\/policia-militar\/\" title=\"Pol\u00edcia Militar\">Pol\u00edcia Militar<\/a>, do Programa Proeis e da Comiss\u00e3o de Pronta A\u00e7\u00e3o. No local, foram identificadas diversas irregularidades, como falta de documenta\u00e7\u00e3o e suspeita de recepta\u00e7\u00e3o de materiais de proced\u00eancia duvidosa.<\/p>\n\n\n\n<p>Essa opera\u00e7\u00e3o integra uma for\u00e7a-tarefa que vem fiscalizando ferros-velhos e estabelecimentos de reciclagem na cidade. O objetivo \u00e9 coibir o com\u00e9rcio de produtos furtados \u2014 como cabos de energia, tampas de bueiro e pe\u00e7as met\u00e1licas \u2014 que causam preju\u00edzo ao munic\u00edpio, \u00e0s empresas privadas e colocam em risco a seguran\u00e7a da popula\u00e7\u00e3o.<\/p>\n\n\n\n<p>Segundo o Major Tales, secret\u00e1rio executivo de <a href=\"https:\/\/aconteceemmacaeeregiao.com.br\/index.php\/tag\/seguranca-publica\/\" title=\"Seguran\u00e7a P\u00fablica\">Seguran\u00e7a P\u00fablica<\/a>, as fiscaliza\u00e7\u00f5es ser\u00e3o constantes e rigorosas. \u201cQuem quiser atuar nesse ramo em Maca\u00e9 precisa estar totalmente regularizado. Al\u00e9m de reprimir crimes, estamos orientando os donos de estabelecimentos sobre o impacto negativo quando compram materiais furtados\u201d, explicou.<\/p>\n\n\n\n<blockquote class=\"wp-block-quote is-layout-flow wp-block-quote-is-layout-flow\">\n<p>\ud83d\udd12 <strong>Fique atento!<\/strong> Evite comprar itens met\u00e1licos de origem duvidosa ou sem nota fiscal. Isso pode te envolver, mesmo sem querer, em um crime de recepta\u00e7\u00e3o. Den\u00fancias podem ser feitas de forma an\u00f4nima pelo WhatsApp (22) 99286-0082 ou e-mail <a>ouvidoria.ordempublica@macae.rj.gov.br<\/a>.<\/p>\n<\/blockquote>\n\n\n\n<p><em><a href=\"https:\/\/macae.rj.gov.br\/noticias\/leitura\/noticia\/prefeitura-de-macae-fecha-ferro-velho-irregular-no-bairro-visconde-de-araujo\" title=\"\">Fonte: Secom Pref. Maca\u00e9<\/a><\/em><\/p>\n\n\n\n<p><\/p>\n","protected":false},"excerpt":{"rendered":"<p>A Prefeitura de Maca\u00e9 fechou nesta ter\u00e7a-feira (28) um ferro-velho que operava de forma irregular no bairro Visconde de Ara\u00fajo. A a\u00e7\u00e3o foi realizada pelas secretarias municipais de Ordem P\u00fablica, com apoio da Pol\u00edcia Militar, do Programa Proeis e da Comiss\u00e3o de Pronta A\u00e7\u00e3o. No local, foram identificadas diversas irregularidades, como falta de documenta\u00e7\u00e3o e [&hellip;]<\/p>\n","protected":false},"author":2,"featured_media":20092,"comment_status":"closed","ping_status":"closed","sticky":false,"template":"","format":"standard","meta":{"postBodyCss":"","postBodyMargin":[],"postBodyPadding":[],"postBodyBackground":{"backgroundType":"classic","gradient":""},"footnotes":""},"categories":[42,47],"tags":[447,306,89,593],"class_list":["post-20091","post","type-post","status-publish","format-standard","has-post-thumbnail","hentry","category-macae","category-ocorrencias","tag-fiscalizacao","tag-policia-militar","tag-prefeitura","tag-visconde"],"aioseo_notices":[],"_links":{"self":[{"href":"https:\/\/aconteceemmacaeeregiao.com.br\/index.php\/wp-json\/wp\/v2\/posts\/20091","targetHints":{"allow":["GET"]}}],"collection":[{"href":"https:\/\/aconteceemmacaeeregiao.com.br\/index.php\/wp-json\/wp\/v2\/posts"}],"about":[{"href":"https:\/\/aconteceemmacaeeregiao.com.br\/index.php\/wp-json\/wp\/v2\/types\/post"}],"author":[{"embeddable":true,"href":"https:\/\/aconteceemmacaeeregiao.com.br\/index.php\/wp-json\/wp\/v2\/users\/2"}],"replies":[{"embeddable":true,"href":"https:\/\/aconteceemmacaeeregiao.com.br\/index.php\/wp-json\/wp\/v2\/comments?post=20091"}],"version-history":[{"count":0,"href":"https:\/\/aconteceemmacaeeregiao.com.br\/index.php\/wp-json\/wp\/v2\/posts\/20091\/revisions"}],"wp:featuredmedia":[{"embeddable":true,"href":"https:\/\/aconteceemmacaeeregiao.com.br\/index.php\/wp-json\/wp\/v2\/media\/20092"}],"wp:attachment":[{"href":"https:\/\/aconteceemmacaeeregiao.com.br\/index.php\/wp-json\/wp\/v2\/media?parent=20091"}],"wp:term":[{"taxonomy":"category","embeddable":true,"href":"https:\/\/aconteceemmacaeeregiao.com.br\/index.php\/wp-json\/wp\/v2\/categories?post=20091"},{"taxonomy":"post_tag","embeddable":true,"href":"https:\/\/aconteceemmacaeeregiao.com.br\/index.php\/wp-json\/wp\/v2\/tags?post=20091"}],"curies":[{"name":"wp","href":"https:\/\/api.w.org\/{rel}","templated":true}]}}