{"id":20094,"date":"2025-05-28T18:07:17","date_gmt":"2025-05-28T21:07:17","guid":{"rendered":"https:\/\/aconteceemmacaeeregiao.com.br\/?p=20094"},"modified":"2025-05-28T18:07:18","modified_gmt":"2025-05-28T21:07:18","slug":"clinica-do-autista-oferecera-acolhimento-terapeutico-as-familias-atendidas-no-local","status":"publish","type":"post","link":"https:\/\/aconteceemmacaeeregiao.com.br\/index.php\/2025\/05\/28\/clinica-do-autista-oferecera-acolhimento-terapeutico-as-familias-atendidas-no-local\/","title":{"rendered":"Cl\u00ednica do Autista oferecer\u00e1 acolhimento terap\u00eautico \u00e0s fam\u00edlias atendidas no local"},"content":{"rendered":"\n<p>Para quem vive essa realidade, n\u00e3o existe apenas o filho com defici\u00eancia, mas sim toda a fam\u00edlia torna-se at\u00edpica, ao conviver com lutas, desafios e conquistas diariamente. Em <a href=\"https:\/\/aconteceemmacaeeregiao.com.br\/index.php\/category\/macae\/\" title=\"Maca\u00e9\">Maca\u00e9<\/a>, o Grupo de Acolhimento e Cuidado para Fam\u00edlias At\u00edpicas ampliou o atendimento. Agora, o projeto acontecer\u00e1, tamb\u00e9m, \u00e0s ter\u00e7as, 13h30, e quartas, 10h, na Cl\u00ednica do <a href=\"http:\/\/Autista\" title=\"\">Autista<\/a>, voltado apenas \u00e0s fam\u00edlias que j\u00e1 s\u00e3o atendidas na Unidade.<\/p>\n\n\n\n<p>O mesmo trabalho, continua \u00e0s sextas, \u00e0s 8h, na Casa da Conviv\u00eancia e atende, al\u00e9m de fam\u00edlias TEA, outras defici\u00eancias e s\u00edndromes. Na Casa da Conviv\u00eancia, a atividade \u00e9 aberta \u00e0 popula\u00e7\u00e3o, e n\u00e3o precisa de inscri\u00e7\u00e3o ou agendamento. Basta chegar e participar.<br><br>Segundo Lucia Anglada, coordenadora da cl\u00ednica, que foi inaugurada em mar\u00e7o deste ano, o grupo de acolhimento celebrar\u00e1 os dois meses de atua\u00e7\u00e3o do espa\u00e7o, que assiste fam\u00edlias<a href=\"https:\/\/aconteceemmacaeeregiao.com.br\/index.php\/tag\/tea\/\" title=\"TEA\"> TEA<\/a>, proporciona atendimento m\u00e9dico &#8211; para aqueles que n\u00e3o possuem -, avalia\u00e7\u00f5es multidisciplinares e posteriormente, atendimentos terap\u00eauticos.<br><\/p>\n\n\n\n<blockquote class=\"wp-block-quote is-layout-flow wp-block-quote-is-layout-flow\">\n<p>&#8220;Nesse contexto de trabalhar a fam\u00edlia como um todo, a Cl\u00ednica do Autista &#8211; em parceria com o Programa de Sa\u00fade Mental &#8211; oferecer\u00e1 um momento \u00fanico, para que os cuidadores de nossas crian\u00e7as possam conversar, trocar experi\u00eancias com supervis\u00e3o e o olhar de uma psic\u00f3loga. Entendemos que, ao trabalharmos a fam\u00edlia como um todo, o paciente autista tamb\u00e9m ser\u00e1 beneficiado de alguma forma. Que seja atrav\u00e9s desse acolhimento a melhoria de qualidade de vida para nossas fam\u00edlias TEA&#8221;, diz Lucia.<\/p>\n<\/blockquote>\n\n\n\n<p>A psic\u00f3loga em quest\u00e3o \u00e9 Camila Bolsoni, condutora do grupo que come\u00e7ou, na Casa da Conviv\u00eancia, em maio de 2024. O projeto \u00e9 regido pelo Programa de Sa\u00fade Mental da Secretaria Municipal de Sa\u00fade e nasceu diante da necessidade de proporcionar aos familiares um espa\u00e7o de cuidado, de escuta e acolhimento.<\/p>\n\n\n\n<p>A Cl\u00ednica do Autista fica na Rua Jo\u00e3o Cupertino, 157, no Centro, com funcionamento de 8h \u00e0s 12h e de 13h \u00e0s 17h, de segunda a sexta-feira. O grupo de acolhimento deste espa\u00e7o ser\u00e1 apenas para as fam\u00edlias que j\u00e1 s\u00e3o atendidas no local.<\/p>\n\n\n\n<p>J\u00e1 a Casa de Conviv\u00eancia fica na&nbsp;<a href=\"https:\/\/www.google.com\/maps\/place\/R.+Visc.+de+Quissam%C3%A3,+482+-+Centro,+Maca%C3%A9+-+RJ,+27910-020\/@-22.3730194,-41.7828311,17z\/data=!3m1!4b1!4m6!3m5!1s0x9630677c851493:0x61b18f44f0f00b01!8m2!3d-22.3730244!4d-41.7802562!16s%2Fg%2F11cpn1hq44?entry=ttu&amp;g_ep=EgoyMDI1MDUyMS4wIKXMDSoJLDEwMjExNDUzSAFQAw%3D%3D\">Rua Visconde de Quissam\u00e3, 482, no Centro<\/a>. Neste lugar, o atendimento \u00e9 aberto ao p\u00fablico.<\/p>\n\n\n\n<p><em><a href=\"https:\/\/macae.rj.gov.br\/noticias\/leitura\/noticia\/clinica-do-autista-oferecera-acolhimento-terapeutico-as-familias-atendidas-no-local\" title=\"\">Fonte: Secom Pref. Maca\u00e9<\/a><\/em><\/p>\n\n\n\n<p><\/p>\n","protected":false},"excerpt":{"rendered":"<p>Para quem vive essa realidade, n\u00e3o existe apenas o filho com defici\u00eancia, mas sim toda a fam\u00edlia torna-se at\u00edpica, ao conviver com lutas, desafios e conquistas diariamente. Em Maca\u00e9, o Grupo de Acolhimento e Cuidado para Fam\u00edlias At\u00edpicas ampliou o atendimento. Agora, o projeto acontecer\u00e1, tamb\u00e9m, \u00e0s ter\u00e7as, 13h30, e quartas, 10h, na Cl\u00ednica do [&hellip;]<\/p>\n","protected":false},"author":2,"featured_media":20095,"comment_status":"closed","ping_status":"closed","sticky":false,"template":"","format":"standard","meta":{"postBodyCss":"","postBodyMargin":[],"postBodyPadding":[],"postBodyBackground":{"backgroundType":"classic","gradient":""},"footnotes":""},"categories":[42,78],"tags":[89,900,173],"class_list":["post-20094","post","type-post","status-publish","format-standard","has-post-thumbnail","hentry","category-macae","category-saude","tag-prefeitura","tag-tea","tag-terapia"],"aioseo_notices":[],"_links":{"self":[{"href":"https:\/\/aconteceemmacaeeregiao.com.br\/index.php\/wp-json\/wp\/v2\/posts\/20094","targetHints":{"allow":["GET"]}}],"collection":[{"href":"https:\/\/aconteceemmacaeeregiao.com.br\/index.php\/wp-json\/wp\/v2\/posts"}],"about":[{"href":"https:\/\/aconteceemmacaeeregiao.com.br\/index.php\/wp-json\/wp\/v2\/types\/post"}],"author":[{"embeddable":true,"href":"https:\/\/aconteceemmacaeeregiao.com.br\/index.php\/wp-json\/wp\/v2\/users\/2"}],"replies":[{"embeddable":true,"href":"https:\/\/aconteceemmacaeeregiao.com.br\/index.php\/wp-json\/wp\/v2\/comments?post=20094"}],"version-history":[{"count":0,"href":"https:\/\/aconteceemmacaeeregiao.com.br\/index.php\/wp-json\/wp\/v2\/posts\/20094\/revisions"}],"wp:featuredmedia":[{"embeddable":true,"href":"https:\/\/aconteceemmacaeeregiao.com.br\/index.php\/wp-json\/wp\/v2\/media\/20095"}],"wp:attachment":[{"href":"https:\/\/aconteceemmacaeeregiao.com.br\/index.php\/wp-json\/wp\/v2\/media?parent=20094"}],"wp:term":[{"taxonomy":"category","embeddable":true,"href":"https:\/\/aconteceemmacaeeregiao.com.br\/index.php\/wp-json\/wp\/v2\/categories?post=20094"},{"taxonomy":"post_tag","embeddable":true,"href":"https:\/\/aconteceemmacaeeregiao.com.br\/index.php\/wp-json\/wp\/v2\/tags?post=20094"}],"curies":[{"name":"wp","href":"https:\/\/api.w.org\/{rel}","templated":true}]}}