{"id":20133,"date":"2025-06-04T17:44:08","date_gmt":"2025-06-04T20:44:08","guid":{"rendered":"https:\/\/aconteceemmacaeeregiao.com.br\/?p=20133"},"modified":"2025-06-04T17:44:09","modified_gmt":"2025-06-04T20:44:09","slug":"prefeitura-de-cabo-frio-divulga-programacao-da-semana-do-meio-ambiente","status":"publish","type":"post","link":"https:\/\/aconteceemmacaeeregiao.com.br\/index.php\/2025\/06\/04\/prefeitura-de-cabo-frio-divulga-programacao-da-semana-do-meio-ambiente\/","title":{"rendered":"Prefeitura de Cabo Frio divulga programa\u00e7\u00e3o da Semana do Meio Ambiente"},"content":{"rendered":"\n<p><strong><em>Atividades acontecem de quarta (5) a s\u00e1bado (7), com a\u00e7\u00f5es educativas, trilhas ecol\u00f3gicas, plantio de mudas e mobiliza\u00e7\u00e3o social<\/em><\/strong><\/p>\n\n\n\n<p>A Prefeitura de <a href=\"https:\/\/aconteceemmacaeeregiao.com.br\/index.php\/category\/regiao\/cabo-frio\/\" title=\"Cabo Frio\">Cabo Frio<\/a>, por meio da Secretaria de <a href=\"https:\/\/aconteceemmacaeeregiao.com.br\/index.php\/tag\/meio-ambiente\/\" title=\"Meio Ambiente\">Meio Ambiente<\/a>, Saneamento e Clima, preparou uma programa\u00e7\u00e3o especial para celebrar a Semana do Meio Ambiente, que acontece nesta quarta (5), quinta-feira (6) e s\u00e1bado (7). As atividades ocorrer\u00e3o em diversos pontos da cidade, como a Pra\u00e7a da Cidadania, Praia do Foguete, Praia do Per\u00f3, Pontal do Per\u00f3, Horto Municipal, Parque Municipal Dormit\u00f3rio das Gar\u00e7as e <a href=\"https:\/\/aconteceemmacaeeregiao.com.br\/index.php\/2025\/05\/26\/cabo-frio-celebra-o-dia-da-mata-atlantica-com-foco-na-preservacao-dos-seus-fragmentos-naturais\/\" title=\"Cabo Frio celebra o Dia da Mata Atl\u00e2ntica com foco na preserva\u00e7\u00e3o dos seus fragmentos naturais\">Parque do Mico-Le\u00e3o-Dourado<\/a>, em Tamoios.<\/p>\n\n\n\n<p>A iniciativa re\u00fane escolas, institui\u00e7\u00f5es ambientais, servidores p\u00fablicos e a popula\u00e7\u00e3o em a\u00e7\u00f5es que promovem a valoriza\u00e7\u00e3o dos recursos naturais, o cuidado com os ecossistemas e a import\u00e2ncia da preserva\u00e7\u00e3o ambiental. A proposta \u00e9 oferecer experi\u00eancias significativas por meio de oficinas, trilhas guiadas, apresenta\u00e7\u00f5es culturais e atividades educativas ao ar livre.<\/p>\n\n\n\n<p>A programa\u00e7\u00e3o tem in\u00edcio na quarta-feira. \u00c0s 7h, ser\u00e1 realizado um mergulho t\u00e9cnico na Ilha do Papagaio para a delimita\u00e7\u00e3o digital em 3D do Jardim de Corais \u2014 etapa importante no processo de estudo para a cria\u00e7\u00e3o de uma unidade de conserva\u00e7\u00e3o marinha. Das 9h \u00e0s 11h, acontecem visitas educativas com alunos e respons\u00e1veis em quatro locais: Trilha do Farol da Lajinha, Dormit\u00f3rio das Gar\u00e7as, Horto Municipal e outros pontos monitorados por educadores ambientais. \u00c0s 11h, ser\u00e1 feito o plantio simb\u00f3lico de mudas nativas nos bairros Per\u00f3 e Pontal do Per\u00f3. No per\u00edodo da tarde, das 15h \u00e0s 17h, a atividade ser\u00e1 a visita\u00e7\u00e3o orientada \u00e0 Duna Branca, na Praia do Foguete.<\/p>\n\n\n\n<p>Na quinta-feira, a programa\u00e7\u00e3o ser\u00e1 concentrada na Pra\u00e7a da Cidadania. As atividades come\u00e7am \u00e0s 9h30, com oficina de cartazes, exposi\u00e7\u00e3o de projetos escolares sobre o lixo nos oceanos e anima\u00e7\u00e3o musical. \u00c0s 10h15, acontece o plantio de mudas nativas, seguido, \u00e0s 10h30, por uma apresenta\u00e7\u00e3o teatral com o grupo Prolaguito, da concession\u00e1ria Prolagos, abordando de forma l\u00fadica a import\u00e2ncia da preserva\u00e7\u00e3o da \u00e1gua. \u00c0s 11h, ocorre a Marcha pelos Oceanos, com caminhada simb\u00f3lica pela orla da Praia do Forte, entre a pra\u00e7a e o Forte (altura do Lido), com retorno ao ponto de partida.<\/p>\n\n\n\n<p>O encerramento ser\u00e1 no s\u00e1bado, no Parque do Mico-Le\u00e3o-Dourado, em Tamoios. A recep\u00e7\u00e3o acontece a partir das 9h, seguida da Trilha das Freiras, \u00e0s 9h30, e da Trilha do Jo\u00e3o, \u00e0s 10h30. Ambas s\u00e3o abertas \u00e0 participa\u00e7\u00e3o de escolas e do p\u00fablico. \u00c0s 11h, haver\u00e1 apresenta\u00e7\u00e3o musical. Ao longo do dia, acontecem sorteios e uma caminhada educativa pela sede do parque, com a instala\u00e7\u00e3o de uma c\u00e2mera trap para monitoramento da fauna. A programa\u00e7\u00e3o se encerra oficialmente \u00e0s 16h.<\/p>\n\n\n\n<p>A Semana do Meio Ambiente \u00e9 organizada pela Prefeitura de Cabo Frio, por meio das secretarias de Meio Ambiente, Turismo, Cultura, Seguran\u00e7a e Ordem P\u00fablica, e Comsercaf, com apoio de parceiros, refor\u00e7ando o compromisso da cidade com o desenvolvimento respons\u00e1vel, a educa\u00e7\u00e3o ambiental e a preserva\u00e7\u00e3o dos biomas locais.<\/p>\n\n\n\n<p><em>Fonte: Secom Pref. Cabo Frio<\/em><\/p>\n","protected":false},"excerpt":{"rendered":"<p>Atividades acontecem de quarta (5) a s\u00e1bado (7), com a\u00e7\u00f5es educativas, trilhas ecol\u00f3gicas, plantio de mudas e mobiliza\u00e7\u00e3o social A Prefeitura de Cabo Frio, por meio da Secretaria de Meio Ambiente, Saneamento e Clima, preparou uma programa\u00e7\u00e3o especial para celebrar a Semana do Meio Ambiente, que acontece nesta quarta (5), quinta-feira (6) e s\u00e1bado (7). [&hellip;]<\/p>\n","protected":false},"author":2,"featured_media":20134,"comment_status":"closed","ping_status":"closed","sticky":false,"template":"","format":"standard","meta":{"postBodyCss":"","postBodyMargin":[],"postBodyPadding":[],"postBodyBackground":{"backgroundType":"classic","gradient":""},"footnotes":""},"categories":[155,67],"tags":[915,234,89,385],"class_list":["post-20133","post","type-post","status-publish","format-standard","has-post-thumbnail","hentry","category-cabo-frio","category-meio-ambiente","tag-parques","tag-praia","tag-prefeitura","tag-preservacao"],"aioseo_notices":[],"_links":{"self":[{"href":"https:\/\/aconteceemmacaeeregiao.com.br\/index.php\/wp-json\/wp\/v2\/posts\/20133","targetHints":{"allow":["GET"]}}],"collection":[{"href":"https:\/\/aconteceemmacaeeregiao.com.br\/index.php\/wp-json\/wp\/v2\/posts"}],"about":[{"href":"https:\/\/aconteceemmacaeeregiao.com.br\/index.php\/wp-json\/wp\/v2\/types\/post"}],"author":[{"embeddable":true,"href":"https:\/\/aconteceemmacaeeregiao.com.br\/index.php\/wp-json\/wp\/v2\/users\/2"}],"replies":[{"embeddable":true,"href":"https:\/\/aconteceemmacaeeregiao.com.br\/index.php\/wp-json\/wp\/v2\/comments?post=20133"}],"version-history":[{"count":0,"href":"https:\/\/aconteceemmacaeeregiao.com.br\/index.php\/wp-json\/wp\/v2\/posts\/20133\/revisions"}],"wp:featuredmedia":[{"embeddable":true,"href":"https:\/\/aconteceemmacaeeregiao.com.br\/index.php\/wp-json\/wp\/v2\/media\/20134"}],"wp:attachment":[{"href":"https:\/\/aconteceemmacaeeregiao.com.br\/index.php\/wp-json\/wp\/v2\/media?parent=20133"}],"wp:term":[{"taxonomy":"category","embeddable":true,"href":"https:\/\/aconteceemmacaeeregiao.com.br\/index.php\/wp-json\/wp\/v2\/categories?post=20133"},{"taxonomy":"post_tag","embeddable":true,"href":"https:\/\/aconteceemmacaeeregiao.com.br\/index.php\/wp-json\/wp\/v2\/tags?post=20133"}],"curies":[{"name":"wp","href":"https:\/\/api.w.org\/{rel}","templated":true}]}}