{"id":20184,"date":"2025-06-09T16:55:59","date_gmt":"2025-06-09T19:55:59","guid":{"rendered":"https:\/\/aconteceemmacaeeregiao.com.br\/?p=20184"},"modified":"2025-06-09T16:55:59","modified_gmt":"2025-06-09T19:55:59","slug":"dois-homens-sao-presos-por-descumprir-medidas-protetivas-em-cabo-frio","status":"publish","type":"post","link":"https:\/\/aconteceemmacaeeregiao.com.br\/index.php\/2025\/06\/09\/dois-homens-sao-presos-por-descumprir-medidas-protetivas-em-cabo-frio\/","title":{"rendered":"Dois homens s\u00e3o presos por descumprir medidas protetivas em Cabo Frio"},"content":{"rendered":"\n<p>Dois homens foram presos em flagrante no \u00faltimo fim de semana em <strong><a href=\"https:\/\/aconteceemmacaeeregiao.com.br\/index.php\/category\/regiao\/cabo-frio\/\" title=\"Cabo Frio\">Cabo Frio<\/a><\/strong> por violarem medidas protetivas previstas na <strong>Lei Maria da Penha<\/strong>. As pris\u00f5es ocorreram na sexta-feira (6) e no domingo (8), com atua\u00e7\u00e3o da <strong><a href=\"https:\/\/aconteceemmacaeeregiao.com.br\/index.php\/tag\/patrulha-maria-da-penha\/\" title=\"patrulha Maria da Penha\">Patrulha Maria da Penha<\/a> da Guarda Civil Municipal<\/strong>, em conjunto com a <strong>Romu (Ronda Ostensiva Municipal)<\/strong>.<\/p>\n\n\n\n<p>A a\u00e7\u00e3o refor\u00e7a o trabalho permanente de prote\u00e7\u00e3o \u00e0s mulheres v\u00edtimas de viol\u00eancia dom\u00e9stica na cidade. A Patrulha atua em parceria com o Judici\u00e1rio, Minist\u00e9rio P\u00fablico, Pol\u00edcia Civil e Secretaria da Mulher, monitorando casos ativos e garantindo que as medidas protetivas sejam cumpridas.<\/p>\n\n\n\n<p><strong>Importante saber:<\/strong> descumprir medida protetiva \u00e9 crime e pode resultar em <strong>pris\u00e3o imediata<\/strong> do agressor. Cabo Frio conta com uma <strong>rede de apoio ativa<\/strong>, que oferece acolhimento, orienta\u00e7\u00e3o e seguran\u00e7a \u00e0s mulheres em situa\u00e7\u00e3o de risco. A sede da Patrulha Maria da Penha fica na <strong>Pra\u00e7a Gentil Gomes de Farias<\/strong>, na Avenida Nossa Senhora de Assun\u00e7\u00e3o, bairro Passagem.<\/p>\n\n\n\n<p><strong>Se voc\u00ea est\u00e1 sofrendo viol\u00eancia ou conhece algu\u00e9m que esteja, n\u00e3o se cale.<\/strong> Denuncie. O atendimento \u00e9 sigiloso e 24h pelos seguintes canais:<\/p>\n\n\n\n<ul class=\"wp-block-list\">\n<li>\ud83d\udcde Disque 180<\/li>\n\n\n\n<li>\ud83d\udcf1 Ceam Cabo Frio: (22) 9.9808-2557<\/li>\n\n\n\n<li>\ud83d\udcf1 Ceam Tamoios: (22) 99605-8708<\/li>\n\n\n\n<li>\u260e\ufe0f Guarda Municipal Tamoios: (22) 2630-0777<\/li>\n\n\n\n<li>\ud83d\ude93 Pol\u00edcia Militar: 190<\/li>\n<\/ul>\n\n\n\n<p><em>Fonte: Secom Pref. Cabo Frio<\/em><\/p>\n","protected":false},"excerpt":{"rendered":"<p>Dois homens foram presos em flagrante no \u00faltimo fim de semana em Cabo Frio por violarem medidas protetivas previstas na Lei Maria da Penha. As pris\u00f5es ocorreram na sexta-feira (6) e no domingo (8), com atua\u00e7\u00e3o da Patrulha Maria da Penha da Guarda Civil Municipal, em conjunto com a Romu (Ronda Ostensiva Municipal). A a\u00e7\u00e3o [&hellip;]<\/p>\n","protected":false},"author":2,"featured_media":20185,"comment_status":"closed","ping_status":"closed","sticky":false,"template":"","format":"standard","meta":{"postBodyCss":"","postBodyMargin":[],"postBodyPadding":[],"postBodyBackground":{"backgroundType":"classic","gradient":""},"footnotes":""},"categories":[155,47],"tags":[552,688,89,100],"class_list":["post-20184","post","type-post","status-publish","format-standard","has-post-thumbnail","hentry","category-cabo-frio","category-ocorrencias","tag-guarda-maritima","tag-lei-maria-da-penha","tag-prefeitura","tag-prisao"],"aioseo_notices":[],"_links":{"self":[{"href":"https:\/\/aconteceemmacaeeregiao.com.br\/index.php\/wp-json\/wp\/v2\/posts\/20184","targetHints":{"allow":["GET"]}}],"collection":[{"href":"https:\/\/aconteceemmacaeeregiao.com.br\/index.php\/wp-json\/wp\/v2\/posts"}],"about":[{"href":"https:\/\/aconteceemmacaeeregiao.com.br\/index.php\/wp-json\/wp\/v2\/types\/post"}],"author":[{"embeddable":true,"href":"https:\/\/aconteceemmacaeeregiao.com.br\/index.php\/wp-json\/wp\/v2\/users\/2"}],"replies":[{"embeddable":true,"href":"https:\/\/aconteceemmacaeeregiao.com.br\/index.php\/wp-json\/wp\/v2\/comments?post=20184"}],"version-history":[{"count":0,"href":"https:\/\/aconteceemmacaeeregiao.com.br\/index.php\/wp-json\/wp\/v2\/posts\/20184\/revisions"}],"wp:featuredmedia":[{"embeddable":true,"href":"https:\/\/aconteceemmacaeeregiao.com.br\/index.php\/wp-json\/wp\/v2\/media\/20185"}],"wp:attachment":[{"href":"https:\/\/aconteceemmacaeeregiao.com.br\/index.php\/wp-json\/wp\/v2\/media?parent=20184"}],"wp:term":[{"taxonomy":"category","embeddable":true,"href":"https:\/\/aconteceemmacaeeregiao.com.br\/index.php\/wp-json\/wp\/v2\/categories?post=20184"},{"taxonomy":"post_tag","embeddable":true,"href":"https:\/\/aconteceemmacaeeregiao.com.br\/index.php\/wp-json\/wp\/v2\/tags?post=20184"}],"curies":[{"name":"wp","href":"https:\/\/api.w.org\/{rel}","templated":true}]}}