{"id":20216,"date":"2025-06-12T20:10:05","date_gmt":"2025-06-12T23:10:05","guid":{"rendered":"https:\/\/aconteceemmacaeeregiao.com.br\/?p=20216"},"modified":"2025-06-12T20:10:06","modified_gmt":"2025-06-12T23:10:06","slug":"surflens-summit-junto-ao-wsl-em-saquarema-reune-os-nomes-mais-influentes-da-fotografia-e-do-filmmaking-de-surf","status":"publish","type":"post","link":"https:\/\/aconteceemmacaeeregiao.com.br\/index.php\/2025\/06\/12\/surflens-summit-junto-ao-wsl-em-saquarema-reune-os-nomes-mais-influentes-da-fotografia-e-do-filmmaking-de-surf\/","title":{"rendered":"SurfLens Summit, junto ao WSL em Saquarema, re\u00fane os nomes mais influentes da fotografia e do filmmaking de surf\u00a0"},"content":{"rendered":"\n<p>Junto ao maior evento de surfe no pa\u00eds, a etapa do campeonato mundial da<a href=\"https:\/\/aconteceemmacaeeregiao.com.br\/index.php\/2023\/09\/25\/wsl-apresenta-poster-oficial-do-corona-saquarema-pro-2023\/\" title=\"WSL apresenta p\u00f4ster oficial do Corona Saquarema Pro 2023\"> WSL<\/a>, em <a href=\"https:\/\/aconteceemmacaeeregiao.com.br\/index.php\/category\/regiao\/saquarema\/\" title=\"Saquarema\">Saquarema<\/a> (RJ), ser\u00e1 realizado o maior congresso de fotografia e v\u00eddeos de surf do Brasil. Nos dias 23 e 24 de junho, o SurfLens Summit re\u00fane pela primeira vez os nomes mais influentes da fotografia e do filmmaking de surf. O evento apresentado pela Foco Radical, maior plataforma de v\u00eddeos e fotos esportivas do pa\u00eds, ter\u00e1 palestras, pain\u00e9is, demonstra\u00e7\u00f5es pr\u00e1ticas e ativa\u00e7\u00f5es na praia. O evento \u00e9 uma imers\u00e3o criada por quem vive do surfe para quem transforma ondas em imagens que inspiram.<\/p>\n\n\n\n<p>O SurfLens Summit ocorre durante a etapa do mundial de surfe. Entre os palestrantes, nos dois dias, est\u00e3o nomes como Sebastian Rojas, com mais 40 anos de fotografia de surfe, Henrique Pinguim, filmmaker de atletas de elite, e Bruno Zanin, filmmaker internacional de marcas e atletas. O summit \u00e9 destinado a fot\u00f3grafos de surfe, iniciantes ou experientes, filmmakers de \u00e1gua, praia ou lifestyle e criadores de conte\u00fado do universo do surfe. As inscri\u00e7\u00f5es podem ser feitas a partir do site oficial do&nbsp;<a href=\"https:\/\/click.cse360.com.br\/Click\/AddCampaignEmailClick\/98a8d2ce-e7e7-4f5c-a6ce-08dda8137a77\/https%253a%252f%252fsurflens-summit-2025-pih5o0p.gamma.site%252f%253ffbclid%253dPAZXh0bgNhZW0CMTEAAafMYWLBlgpVWJuMFbK5QZwg83qu5qw0eysnc3GZCdTx5D_l-OHYyvf377TcTA_aem_VlD62leDffCBLpvZ8I5IVg\/a3fc7d4a-b017-407a-936a-937b4c603aea\/contato@jornalosol.com.br\/True\" rel=\"noreferrer noopener\" target=\"_blank\">SurfLens Summit 2025<\/a>, e d\u00e1 direito a kit com brindes e camiseta oficial do evento.&nbsp;<\/p>\n\n\n\n<p>&#8220;A Foco Radical tem muito orgulho em marcar forte presen\u00e7a em um evento que conecta muito com nossa ess\u00eancia e prop\u00f3sito. O SurfLens Summit celebra a arte e a t\u00e9cnica de transformar o esporte em imagens que inspiram, algo que valorizamos profundamente. Nos \u00faltimos anos, estamos ainda mais presentes no surfe, ampliando a disponibilidade de imagens n\u00e3o apenas de competi\u00e7\u00f5es, mas tamb\u00e9m de momentos de surfistas amadores nas praias brasileiras. Estar presente no maior congresso de fotografia e v\u00eddeos de surf do Brasil refor\u00e7a nosso compromisso de apoiar e valorizar quem registra o esporte no pa\u00eds&#8221;, afirma Christian Mendes, CEO da Foco Radical.<\/p>\n\n\n\n<p>Est\u00e3o confirmadas palestras e bate-papos com Sebastian Rojas, lenda da fotografia de surf h\u00e1 40 anos; Gon\u00e7alo, fot\u00f3grafo internacional com passagem pela Indon\u00e9sia e Am\u00e9rica Central; Henrique Pinguim, fot\u00f3grafo e filmmaker de surf; Ana Catarina, fot\u00f3grafa de Maya Gabeira e \u00fanica mulher filmmaker da s\u00e9rie da HBO &#8220;100 Foto Wave&#8221;, refer\u00eancia aqu\u00e1tica; Bruno Zanin, cinegrafista de surf, storytelling visual; M\u00e1rcio Rovai, especialista em surf com base em Maresias; Vitor Vh Films, filmmaker profissional de surf; Thiago Diz, 14 anos como fot\u00f3grafo profissional da WSL; Bruno Lemos, 30 anos fotografando no Hawaii.<\/p>\n\n\n\n<p>Al\u00e9m de palestras presenciais, com sess\u00f5es de perguntas dos participantes, o SurfLens Summit 2025 ter\u00e1 exibi\u00e7\u00e3o exclusiva de filmes, incluindo o document\u00e1rio Sou do Mar, de Bruno Lemos, circuito de ativa\u00e7\u00f5es de marcas durante o mundial da WSL e networking com atletas, marcas e produtores de conte\u00fado.&nbsp;<\/p>\n\n\n\n<p>O SurfLens Summit 2025 \u00e9 apresentado oficial pela Foco Radical, maior plataforma de fotos e v\u00eddeos esportivos do Brasil, tem patroc\u00ednio de Pedra do Mar e 2N Corretora e apoio de Revista Hardcore e Waves.&nbsp;<\/p>\n\n\n\n<p><strong>Sobre a Foco Radical<\/strong><\/p>\n\n\n\n<p>Sediada em Florian\u00f3polis (SC), a Foco Radical tem 19 anos no mercado. A plataforma conecta fot\u00f3grafos com mais 1 milh\u00e3o de atletas cadastrados, marca ultrapassada em outubro de 2024. No \u00faltimo ano, a Foco Radical marcou presen\u00e7a em todos os cantos do Brasil, registrando mais de 35 mil eventos esportivos, em todos os estados, de Norte ao Sul, com mais de 5 mil cadastros de novos fot\u00f3grafos, al\u00e9m dos mais de 5 mil ativos na plataforma. Tamb\u00e9m em 2024, ampliou a tecnologia de reconhecimento facial e oferece v\u00eddeos das mais diversas modalidades esportivas, inclusive de treinos de atletas amadores, e somou quase 10 milh\u00f5es de visitas em seu site.<\/p>\n\n\n\n<p><\/p>\n","protected":false},"excerpt":{"rendered":"<p>Junto ao maior evento de surfe no pa\u00eds, a etapa do campeonato mundial da WSL, em Saquarema (RJ), ser\u00e1 realizado o maior congresso de fotografia e v\u00eddeos de surf do Brasil. Nos dias 23 e 24 de junho, o SurfLens Summit re\u00fane pela primeira vez os nomes mais influentes da fotografia e do filmmaking de [&hellip;]<\/p>\n","protected":false},"author":2,"featured_media":20217,"comment_status":"closed","ping_status":"closed","sticky":false,"template":"","format":"standard","meta":{"postBodyCss":"","postBodyMargin":[],"postBodyPadding":[],"postBodyBackground":{"backgroundType":"classic","gradient":""},"footnotes":""},"categories":[6,249],"tags":[579,213,127],"class_list":["post-20216","post","type-post","status-publish","format-standard","has-post-thumbnail","hentry","category-esporte","category-saquarema","tag-fotografia","tag-palestras","tag-surf"],"aioseo_notices":[],"_links":{"self":[{"href":"https:\/\/aconteceemmacaeeregiao.com.br\/index.php\/wp-json\/wp\/v2\/posts\/20216","targetHints":{"allow":["GET"]}}],"collection":[{"href":"https:\/\/aconteceemmacaeeregiao.com.br\/index.php\/wp-json\/wp\/v2\/posts"}],"about":[{"href":"https:\/\/aconteceemmacaeeregiao.com.br\/index.php\/wp-json\/wp\/v2\/types\/post"}],"author":[{"embeddable":true,"href":"https:\/\/aconteceemmacaeeregiao.com.br\/index.php\/wp-json\/wp\/v2\/users\/2"}],"replies":[{"embeddable":true,"href":"https:\/\/aconteceemmacaeeregiao.com.br\/index.php\/wp-json\/wp\/v2\/comments?post=20216"}],"version-history":[{"count":0,"href":"https:\/\/aconteceemmacaeeregiao.com.br\/index.php\/wp-json\/wp\/v2\/posts\/20216\/revisions"}],"wp:featuredmedia":[{"embeddable":true,"href":"https:\/\/aconteceemmacaeeregiao.com.br\/index.php\/wp-json\/wp\/v2\/media\/20217"}],"wp:attachment":[{"href":"https:\/\/aconteceemmacaeeregiao.com.br\/index.php\/wp-json\/wp\/v2\/media?parent=20216"}],"wp:term":[{"taxonomy":"category","embeddable":true,"href":"https:\/\/aconteceemmacaeeregiao.com.br\/index.php\/wp-json\/wp\/v2\/categories?post=20216"},{"taxonomy":"post_tag","embeddable":true,"href":"https:\/\/aconteceemmacaeeregiao.com.br\/index.php\/wp-json\/wp\/v2\/tags?post=20216"}],"curies":[{"name":"wp","href":"https:\/\/api.w.org\/{rel}","templated":true}]}}