{"id":20224,"date":"2025-06-12T20:32:19","date_gmt":"2025-06-12T23:32:19","guid":{"rendered":"https:\/\/aconteceemmacaeeregiao.com.br\/?p=20224"},"modified":"2025-06-12T20:32:20","modified_gmt":"2025-06-12T23:32:20","slug":"procon-cabo-frio-fiscaliza-repasse-de-desconto-da-petrobras-nos-postos-de-combustiveis-do-municipio","status":"publish","type":"post","link":"https:\/\/aconteceemmacaeeregiao.com.br\/index.php\/2025\/06\/12\/procon-cabo-frio-fiscaliza-repasse-de-desconto-da-petrobras-nos-postos-de-combustiveis-do-municipio\/","title":{"rendered":"Procon Cabo Frio fiscaliza repasse de desconto da Petrobras nos postos de combust\u00edveis do munic\u00edpio"},"content":{"rendered":"\n<p><em><strong>Capta\u00e7\u00e3o e monitoramento mensal de valores foi feito em todos os estabelecimentos do distrito-sede e de Tamoios<\/strong><\/em><\/p>\n\n\n\n<p>Dando prosseguimento ao monitoramento mensal dos valores cobrados nos postos de combust\u00edveis do munic\u00edpio, o <a href=\"https:\/\/aconteceemmacaeeregiao.com.br\/index.php\/tag\/procon\/\" title=\"Procon\">Procon<\/a> de <a href=\"https:\/\/aconteceemmacaeeregiao.com.br\/index.php\/category\/regiao\/cabo-frio\/\" title=\"Cabo Frio\">Cabo Frio<\/a> realizou, na ter\u00e7a-feira (10), uma a\u00e7\u00e3o de <a href=\"https:\/\/aconteceemmacaeeregiao.com.br\/index.php\/tag\/fiscalizacao\/\" title=\"Fiscaliza\u00e7\u00e3o\">fiscaliza\u00e7\u00e3o <\/a>para verificar se os estabelecimentos repassaram para os consumidores finais o desconto de 5,6% no pre\u00e7o de venda da gasolina, da Petrobras \u00e0s distribuidoras, desde o \u00faltimo dia 3 de junho.<\/p>\n\n\n\n<p>Assim como foi feito no m\u00eas passado, foram percorridos todos os postos do distrito-sede e de Tamoios, metodologia que ser\u00e1 mantida nas pr\u00f3ximas aferi\u00e7\u00f5es. O levantamento inclui os valores cobrados pela gasolina comum, gasolina aditivada, etanol, diesel S10, diesel comum e g\u00e1s natural veicular (GNV).<\/p>\n\n\n\n<p>Segundo a coordenadora do Procon, M\u00f4nica Bonioli, foi constatado que poucos postos repassaram o desconto para os motoristas. A maior parte dos estabelecimentos manteve os valores e alguns at\u00e9 os reajustaram. Todos eles ter\u00e3o que se justificar, sob pena de sofrer san\u00e7\u00f5es.<\/p>\n\n\n\n<p>&#8220;A Petrobras deu desconto no material bruto, as refinarias j\u00e1 compram com esse desconto e o repassam para as distribuidoras, que vendem para os postos. Ent\u00e3o o desconto tem que ser repassado na cadeia toda at\u00e9 chegar ao consumidor final. Encontramos alguns postos que j\u00e1 est\u00e3o com desconto, e os demais ter\u00e3o que esclarecer porque que ainda n\u00e3o foi repassado&#8221;, refor\u00e7a a coordenadora do Procon.<\/p>\n\n\n\n<p>O consumidor que se sentir lesado deve procurar o Procon, de segunda a sexta-feira, das 8h \u00e0s 17h, na Rua Nicola Aslan, 235, no Braga (antiga sede da Prefeitura) e no Shopping UnaPark, bloco B, sala 4, em Unamar-Tamoios.<\/p>\n\n\n\n<p><em>Fonte: Secom Pref. Cabo Frio<\/em><\/p>\n","protected":false},"excerpt":{"rendered":"<p>Capta\u00e7\u00e3o e monitoramento mensal de valores foi feito em todos os estabelecimentos do distrito-sede e de Tamoios Dando prosseguimento ao monitoramento mensal dos valores cobrados nos postos de combust\u00edveis do munic\u00edpio, o Procon de Cabo Frio realizou, na ter\u00e7a-feira (10), uma a\u00e7\u00e3o de fiscaliza\u00e7\u00e3o para verificar se os estabelecimentos repassaram para os consumidores finais o [&hellip;]<\/p>\n","protected":false},"author":2,"featured_media":20231,"comment_status":"closed","ping_status":"closed","sticky":false,"template":"","format":"standard","meta":{"postBodyCss":"","postBodyMargin":[],"postBodyPadding":[],"postBodyBackground":{"backgroundType":"classic","gradient":""},"footnotes":""},"categories":[155,47],"tags":[258,447,237,89,256],"class_list":["post-20224","post","type-post","status-publish","format-standard","has-post-thumbnail","hentry","category-cabo-frio","category-ocorrencias","tag-combustiveis","tag-fiscalizacao","tag-petrobras","tag-prefeitura","tag-procon"],"aioseo_notices":[],"_links":{"self":[{"href":"https:\/\/aconteceemmacaeeregiao.com.br\/index.php\/wp-json\/wp\/v2\/posts\/20224","targetHints":{"allow":["GET"]}}],"collection":[{"href":"https:\/\/aconteceemmacaeeregiao.com.br\/index.php\/wp-json\/wp\/v2\/posts"}],"about":[{"href":"https:\/\/aconteceemmacaeeregiao.com.br\/index.php\/wp-json\/wp\/v2\/types\/post"}],"author":[{"embeddable":true,"href":"https:\/\/aconteceemmacaeeregiao.com.br\/index.php\/wp-json\/wp\/v2\/users\/2"}],"replies":[{"embeddable":true,"href":"https:\/\/aconteceemmacaeeregiao.com.br\/index.php\/wp-json\/wp\/v2\/comments?post=20224"}],"version-history":[{"count":0,"href":"https:\/\/aconteceemmacaeeregiao.com.br\/index.php\/wp-json\/wp\/v2\/posts\/20224\/revisions"}],"wp:featuredmedia":[{"embeddable":true,"href":"https:\/\/aconteceemmacaeeregiao.com.br\/index.php\/wp-json\/wp\/v2\/media\/20231"}],"wp:attachment":[{"href":"https:\/\/aconteceemmacaeeregiao.com.br\/index.php\/wp-json\/wp\/v2\/media?parent=20224"}],"wp:term":[{"taxonomy":"category","embeddable":true,"href":"https:\/\/aconteceemmacaeeregiao.com.br\/index.php\/wp-json\/wp\/v2\/categories?post=20224"},{"taxonomy":"post_tag","embeddable":true,"href":"https:\/\/aconteceemmacaeeregiao.com.br\/index.php\/wp-json\/wp\/v2\/tags?post=20224"}],"curies":[{"name":"wp","href":"https:\/\/api.w.org\/{rel}","templated":true}]}}