{"id":20233,"date":"2025-06-12T20:37:28","date_gmt":"2025-06-12T23:37:28","guid":{"rendered":"https:\/\/aconteceemmacaeeregiao.com.br\/?p=20233"},"modified":"2025-06-12T20:37:29","modified_gmt":"2025-06-12T23:37:29","slug":"prefeitura-de-macae-anuncia-desapropriacao-de-parte-do-antigo-hospital-da-unimed","status":"publish","type":"post","link":"https:\/\/aconteceemmacaeeregiao.com.br\/index.php\/2025\/06\/12\/prefeitura-de-macae-anuncia-desapropriacao-de-parte-do-antigo-hospital-da-unimed\/","title":{"rendered":"Prefeitura de Maca\u00e9 anuncia desapropria\u00e7\u00e3o de parte do antigo hospital da Unimed"},"content":{"rendered":"\n<p>A Prefeitura de <a href=\"http:\/\/Maca\u00e9\" title=\"\">Maca\u00e9 <\/a>anunciou, nesta semana, a desapropria\u00e7\u00e3o de parte do antigo hospital da Unimed, localizado no Centro da cidade. O espa\u00e7o abrigar\u00e1, em um primeiro momento, o Pronto-Socorro Municipal da Imbetiba.<\/p>\n\n\n\n<p>De acordo com o prefeito Welberth Rezende, a medida faz parte de um plano amplo de melhorias na sa\u00fade p\u00fablica. \u201cEstamos trabalhando para ter uma sa\u00fade cada vez mais forte em Maca\u00e9\u201d, afirmou.<\/p>\n\n\n\n<p>Nesta primeira etapa, est\u00e1 sendo desapropriada a \u00e1rea que antes funcionava como o setor de pediatria do hospital. Para o futuro, a Prefeitura j\u00e1 estuda a aquisi\u00e7\u00e3o do restante do hospital, transformando-o em um Centro Municipal de Cirurgias Eletivas.<\/p>\n\n\n\n<p>\u201cJ\u00e1 demos entrada para que, em um segundo momento, a gente possa pegar o restante do hospital e l\u00e1 fazer um Centro de Cirurgias Efetivas\u201d, explicou Welberth.<\/p>\n\n\n\n<p>A Secret\u00e1ria Executiva de Alta e M\u00e9dia Complexidade, Nat\u00e1lia Antunes, ressaltou que a proposta est\u00e1 sendo constru\u00edda em parceria com profissionais da \u00e1rea t\u00e9cnica. \u201cMostramos para a arquitetura as nossas necessidades para a elabora\u00e7\u00e3o do projeto\u201d, afirmou.<\/p>\n\n\n\n<p>O atual pr\u00e9dio do pronto-socorro, na Imbetiba, ser\u00e1 transformado em um hospital exclusivo para atendimento dos servidores p\u00fablicos municipais.<\/p>\n\n\n\n<p><em><a href=\"https:\/\/macae.rj.gov.br\/noticias\/leitura\/noticia\/prefeitura-de-macae-anuncia-desapropriacao-de-parte-do-antigo-hospital-da-unimed\" title=\"\">Fonte: Secom Pref. Maca\u00e9<\/a><\/em><\/p>\n","protected":false},"excerpt":{"rendered":"<p>A Prefeitura de Maca\u00e9 anunciou, nesta semana, a desapropria\u00e7\u00e3o de parte do antigo hospital da Unimed, localizado no Centro da cidade. O espa\u00e7o abrigar\u00e1, em um primeiro momento, o Pronto-Socorro Municipal da Imbetiba. De acordo com o prefeito Welberth Rezende, a medida faz parte de um plano amplo de melhorias na sa\u00fade p\u00fablica. \u201cEstamos trabalhando [&hellip;]<\/p>\n","protected":false},"author":2,"featured_media":20234,"comment_status":"closed","ping_status":"closed","sticky":false,"template":"","format":"standard","meta":{"postBodyCss":"","postBodyMargin":[],"postBodyPadding":[],"postBodyBackground":{"backgroundType":"classic","gradient":""},"footnotes":""},"categories":[45,42],"tags":[681,89,733],"class_list":["post-20233","post","type-post","status-publish","format-standard","has-post-thumbnail","hentry","category-economia","category-macae","tag-hospital","tag-prefeitura","tag-unimed"],"aioseo_notices":[],"_links":{"self":[{"href":"https:\/\/aconteceemmacaeeregiao.com.br\/index.php\/wp-json\/wp\/v2\/posts\/20233","targetHints":{"allow":["GET"]}}],"collection":[{"href":"https:\/\/aconteceemmacaeeregiao.com.br\/index.php\/wp-json\/wp\/v2\/posts"}],"about":[{"href":"https:\/\/aconteceemmacaeeregiao.com.br\/index.php\/wp-json\/wp\/v2\/types\/post"}],"author":[{"embeddable":true,"href":"https:\/\/aconteceemmacaeeregiao.com.br\/index.php\/wp-json\/wp\/v2\/users\/2"}],"replies":[{"embeddable":true,"href":"https:\/\/aconteceemmacaeeregiao.com.br\/index.php\/wp-json\/wp\/v2\/comments?post=20233"}],"version-history":[{"count":0,"href":"https:\/\/aconteceemmacaeeregiao.com.br\/index.php\/wp-json\/wp\/v2\/posts\/20233\/revisions"}],"wp:featuredmedia":[{"embeddable":true,"href":"https:\/\/aconteceemmacaeeregiao.com.br\/index.php\/wp-json\/wp\/v2\/media\/20234"}],"wp:attachment":[{"href":"https:\/\/aconteceemmacaeeregiao.com.br\/index.php\/wp-json\/wp\/v2\/media?parent=20233"}],"wp:term":[{"taxonomy":"category","embeddable":true,"href":"https:\/\/aconteceemmacaeeregiao.com.br\/index.php\/wp-json\/wp\/v2\/categories?post=20233"},{"taxonomy":"post_tag","embeddable":true,"href":"https:\/\/aconteceemmacaeeregiao.com.br\/index.php\/wp-json\/wp\/v2\/tags?post=20233"}],"curies":[{"name":"wp","href":"https:\/\/api.w.org\/{rel}","templated":true}]}}