{"id":20258,"date":"2025-06-18T19:09:07","date_gmt":"2025-06-18T22:09:07","guid":{"rendered":"https:\/\/aconteceemmacaeeregiao.com.br\/?p=20258"},"modified":"2025-06-18T19:09:08","modified_gmt":"2025-06-18T22:09:08","slug":"eventos-culturais-agitam-macae-com-festas-juninas-circo-cinema-e-danca-popular","status":"publish","type":"post","link":"https:\/\/aconteceemmacaeeregiao.com.br\/index.php\/2025\/06\/18\/eventos-culturais-agitam-macae-com-festas-juninas-circo-cinema-e-danca-popular\/","title":{"rendered":"Eventos culturais agitam Maca\u00e9 com festas juninas, circo, cinema e dan\u00e7a popular"},"content":{"rendered":"\n<p>A \u00faltima semana de junho promete ser intensa para quem gosta de cultura, arte e tradi\u00e7\u00f5es populares. De 20 a 29 de junho, o Giro Cultural, promovido pela Prefeitura de <a href=\"https:\/\/aconteceemmacaeeregiao.com.br\/index.php\/category\/macae\/\" title=\"Maca\u00e9\">Maca\u00e9<\/a>, atrav\u00e9s da Secretaria Municipal de Cultura, apoia uma programa\u00e7\u00e3o diversificada nos quatro cantos do munic\u00edpio \u2014 do Centro ao <a href=\"https:\/\/aconteceemmacaeeregiao.com.br\/index.php\/tag\/sana\/\" title=\"Sana\">Sana<\/a>, passando por Glic\u00e9rio, Barra de Maca\u00e9 e Costa do Sol.<\/p>\n\n\n\n<p>As festas tradicionais abrem a semana com destaque. A Festa de Glic\u00e9rio come\u00e7a \u00e0s celebra\u00e7\u00f5es juninas no dia 20 no distrito Serrano e vai at\u00e9 o dia 22. Na sexta, primeiro dia, ter\u00e1 DJ e banda Madame Escarlate, a partir das 22h. No s\u00e1bado (21), ser\u00e1 a vez de Fred Pereira, \u00e0s 22h, e DJ Lucas Passos, \u00e0s 23h40. J\u00e1 no domingo (22), \u00faltimo dia, ter\u00e1 Jefferson Danilo, \u00e0s 22h. O evento \u00e9 organizado pela Associa\u00e7\u00e3o de Moradores de Glic\u00e9rio.<br><br>A Festa de S\u00e3o Jo\u00e3o Batista segue com programa\u00e7\u00e3o no Centro da cidade nos dias 23 (segunda) e 24 (ter\u00e7a), trazendo o clima junino para o cora\u00e7\u00e3o de Maca\u00e9.<br><br>Na quarta-feira (25), o projeto Cinema IN Cine leva arte e reflex\u00e3o para o Morro de S\u00e3o Jorge com sess\u00e3o \u00e0s 18h30.<br><br>A quinta-feira (26) come\u00e7a com a tradicional Feira de Artesanato no Hall do Teatro Municipal, a partir das 8h30. No mesmo dia, a Festa de S\u00e3o Pedro, na Barra de Maca\u00e9, recebe o espet\u00e1culo Fantastiqu\u00ea, do Polo Cultural Fronteira, \u00e0s 16h. Ainda na quinta, Glic\u00e9rio ganha destaque com o in\u00edcio da Festa do Polo Cultural, a partir das 18h.<br><br>A sexta (27) \u00e9 de celebra\u00e7\u00e3o em dobro: al\u00e9m da continuidade da Festa de S\u00e3o Pedro, come\u00e7a tamb\u00e9m a Festa do Sana, com programa\u00e7\u00f5es que fortalecem a identidade cultural da regi\u00e3o serrana.<br><br>No s\u00e1bado (28), o CriaSana sedia o j\u00e1 tradicional Palco Aberto (a partir das 12h), com oficinas da Biblioteca Bem-te-Vi e atividades circenses para toda a fam\u00edlia. A cidade tamb\u00e9m recebe o &#8220;Bailinho do Plant\u00e3o na Areia&#8221;, projeto do grupo Chirulico, \u00e0s 16h no Anfiteatro Ant\u00f4nio Alvarez Parada. No mesmo hor\u00e1rio, acontece o Arrai\u00e1 Cultural da Costa do Sol, na pra\u00e7a hom\u00f4nima, e o Aul\u00e3o P\u00fablico do Polo Fronteira, na Barra. As festividades juninas continuam com a Festa de Glic\u00e9rio, al\u00e9m das festas do Sana e de S\u00e3o Pedro.<br><br>No domingo (29), al\u00e9m das atividades do CriaSana, o Anfiteatro recebe a Mostra de Dan\u00e7a Jaime Aroxa, \u00e0s 14h, e o Bailinho do Plant\u00e3o na Areia volta, desta vez no Espa\u00e7o Conviv\u00eancia da Praia dos Cavaleiros, \u00e0s 16h. O Arrai\u00e1 Cultural da Costa do Sol tamb\u00e9m retorna nesse hor\u00e1rio. As festas de S\u00e3o Pedro e do Sana continuam at\u00e9 o fim do dia.<br><br>\u201cMaca\u00e9 est\u00e1 vivendo um momento de efervesc\u00eancia cultural. Nossas festas populares se entrela\u00e7am com a\u00e7\u00f5es formativas, apresenta\u00e7\u00f5es art\u00edsticas e atividades de fomento \u00e0 leitura e ao circo. \u00c9 a cultura como instrumento de encontro e pertencimento\u201d, afirma a Secret\u00e1ria de Cultura, Waleska Freire.<br><br>\u201cA cada semana, reafirmamos nosso compromisso com a descentraliza\u00e7\u00e3o da cultura. Seja no Centro, na serra ou na orla, nosso objetivo \u00e9 levar arte e alegria para todos os territ\u00f3rios da cidade\u201d, complementa.<br><br>O Giro Cultural convida toda a popula\u00e7\u00e3o a participar, celebrar e vivenciar uma semana marcada por diversidade, afeto e tradi\u00e7\u00e3o.<\/p>\n\n\n\n<p><em><a href=\"https:\/\/www.macae.rj.gov.br\/noticias\/leitura\/noticia\/eventos-culturais-agitam-macae-com-festas-juninas-circo-cinema-e-danca-popular\" title=\"\">Fonte: Secom Pref. Maca\u00e9<\/a><\/em><\/p>\n","protected":false},"excerpt":{"rendered":"<p>A \u00faltima semana de junho promete ser intensa para quem gosta de cultura, arte e tradi\u00e7\u00f5es populares. De 20 a 29 de junho, o Giro Cultural, promovido pela Prefeitura de Maca\u00e9, atrav\u00e9s da Secretaria Municipal de Cultura, apoia uma programa\u00e7\u00e3o diversificada nos quatro cantos do munic\u00edpio \u2014 do Centro ao Sana, passando por Glic\u00e9rio, Barra [&hellip;]<\/p>\n","protected":false},"author":2,"featured_media":20259,"comment_status":"closed","ping_status":"closed","sticky":false,"template":"","format":"standard","meta":{"postBodyCss":"","postBodyMargin":[],"postBodyPadding":[],"postBodyBackground":{"backgroundType":"classic","gradient":""},"footnotes":""},"categories":[86,46,42],"tags":[85,630,65,471,89],"class_list":["post-20258","post","type-post","status-publish","format-standard","has-post-thumbnail","hentry","category-cultura","category-diversao","category-macae","tag-cultura","tag-festa","tag-festa-caipira","tag-glicerio","tag-prefeitura"],"aioseo_notices":[],"_links":{"self":[{"href":"https:\/\/aconteceemmacaeeregiao.com.br\/index.php\/wp-json\/wp\/v2\/posts\/20258","targetHints":{"allow":["GET"]}}],"collection":[{"href":"https:\/\/aconteceemmacaeeregiao.com.br\/index.php\/wp-json\/wp\/v2\/posts"}],"about":[{"href":"https:\/\/aconteceemmacaeeregiao.com.br\/index.php\/wp-json\/wp\/v2\/types\/post"}],"author":[{"embeddable":true,"href":"https:\/\/aconteceemmacaeeregiao.com.br\/index.php\/wp-json\/wp\/v2\/users\/2"}],"replies":[{"embeddable":true,"href":"https:\/\/aconteceemmacaeeregiao.com.br\/index.php\/wp-json\/wp\/v2\/comments?post=20258"}],"version-history":[{"count":0,"href":"https:\/\/aconteceemmacaeeregiao.com.br\/index.php\/wp-json\/wp\/v2\/posts\/20258\/revisions"}],"wp:featuredmedia":[{"embeddable":true,"href":"https:\/\/aconteceemmacaeeregiao.com.br\/index.php\/wp-json\/wp\/v2\/media\/20259"}],"wp:attachment":[{"href":"https:\/\/aconteceemmacaeeregiao.com.br\/index.php\/wp-json\/wp\/v2\/media?parent=20258"}],"wp:term":[{"taxonomy":"category","embeddable":true,"href":"https:\/\/aconteceemmacaeeregiao.com.br\/index.php\/wp-json\/wp\/v2\/categories?post=20258"},{"taxonomy":"post_tag","embeddable":true,"href":"https:\/\/aconteceemmacaeeregiao.com.br\/index.php\/wp-json\/wp\/v2\/tags?post=20258"}],"curies":[{"name":"wp","href":"https:\/\/api.w.org\/{rel}","templated":true}]}}