{"id":20264,"date":"2025-06-23T18:31:00","date_gmt":"2025-06-23T21:31:00","guid":{"rendered":"https:\/\/aconteceemmacaeeregiao.com.br\/?p=20264"},"modified":"2025-06-23T18:31:01","modified_gmt":"2025-06-23T21:31:01","slug":"educacao-de-jovens-e-adultos-tem-matriculas-abertas-para-o-segundo-semestre-em-cabo-frio","status":"publish","type":"post","link":"https:\/\/aconteceemmacaeeregiao.com.br\/index.php\/2025\/06\/23\/educacao-de-jovens-e-adultos-tem-matriculas-abertas-para-o-segundo-semestre-em-cabo-frio\/","title":{"rendered":"Educa\u00e7\u00e3o de Jovens e Adultos tem matr\u00edculas abertas para o segundo semestre em Cabo Frio"},"content":{"rendered":"\n<p><strong><em>Renova\u00e7\u00e3o de matr\u00edculas acontece nos dias 25, 26 e 27 de junho. Novas inscri\u00e7\u00f5es a partir de 2 de julho em tr\u00eas unidades escolares<\/em><\/strong><\/p>\n\n\n\n<p>A partir do m\u00eas de junho, a Prefeitura de <a href=\"https:\/\/aconteceemmacaeeregiao.com.br\/index.php\/category\/regiao\/cabo-frio\/\" title=\"Cabo Frio\">Cabo Frio<\/a>, por meio da Secretaria Municipal de Educa\u00e7\u00e3o, abre o processo de renova\u00e7\u00e3o e novas matr\u00edculas para a Educa\u00e7\u00e3o de Jovens e Adultos (EJA) nas unidades da rede municipal. A iniciativa oferece a jovens, adultos e idosos que n\u00e3o conclu\u00edram o Ensino Fundamental a oportunidade de retomarem os estudos e ampliarem suas possibilidades educacionais e profissionais.<\/p>\n\n\n\n<p>A renova\u00e7\u00e3o das matr\u00edculas acontece nos dias 25, 26 e 27 de junho, diretamente nas escolas onde os alunos j\u00e1 est\u00e3o matriculados. J\u00e1 os interessados em iniciar os estudos na modalidade poder\u00e3o se inscrever a partir do dia 2 de julho, conforme a disponibilidade de vagas remanescentes.<\/p>\n\n\n\n<p>Em Cabo Frio, as aulas da EJA s\u00e3o ofertadas em tr\u00eas unidades: Escola Municipal Vereador Leaquim Schuindt e Escola Municipal Professor Edilson Duarte, ambas na sede do munic\u00edpio, e no Centro Educacional Municipal Professora Marli Capp, no distrito de Tamoios.<\/p>\n\n\n\n<p>Para efetivar a matr\u00edcula, os interessados devem apresentar c\u00f3pias dos seguintes documentos: CPF, t\u00edtulo de eleitor, carteira de identidade (RG), certid\u00e3o de nascimento ou casamento, duas fotos 3&#215;4 e o hist\u00f3rico escolar ou protocolo de transfer\u00eancia.<\/p>\n\n\n\n<p>A EJA \u00e9 uma oportunidade de retomar os estudos com dignidade e acolhimento, em turmas organizadas para atender \u00e0s necessidades dos alunos, respeitando suas trajet\u00f3rias e promovendo uma aprendizagem significativa. A Secretaria Municipal de Educa\u00e7\u00e3o refor\u00e7a o convite a todos que desejam transformar suas hist\u00f3rias por meio do conhecimento.<\/p>\n\n\n\n<p><em>Fonte: Secom Pref. Cabo Frio<\/em><\/p>\n","protected":false},"excerpt":{"rendered":"<p>Renova\u00e7\u00e3o de matr\u00edculas acontece nos dias 25, 26 e 27 de junho. Novas inscri\u00e7\u00f5es a partir de 2 de julho em tr\u00eas unidades escolares A partir do m\u00eas de junho, a Prefeitura de Cabo Frio, por meio da Secretaria Municipal de Educa\u00e7\u00e3o, abre o processo de renova\u00e7\u00e3o e novas matr\u00edculas para a Educa\u00e7\u00e3o de Jovens [&hellip;]<\/p>\n","protected":false},"author":2,"featured_media":20265,"comment_status":"closed","ping_status":"closed","sticky":false,"template":"","format":"standard","meta":{"postBodyCss":"","postBodyMargin":[],"postBodyPadding":[],"postBodyBackground":{"backgroundType":"classic","gradient":""},"footnotes":""},"categories":[155,61],"tags":[455,152,273,89],"class_list":["post-20264","post","type-post","status-publish","format-standard","has-post-thumbnail","hentry","category-cabo-frio","category-educacao","tag-escola-publica","tag-idosos","tag-jovem","tag-prefeitura"],"aioseo_notices":[],"_links":{"self":[{"href":"https:\/\/aconteceemmacaeeregiao.com.br\/index.php\/wp-json\/wp\/v2\/posts\/20264","targetHints":{"allow":["GET"]}}],"collection":[{"href":"https:\/\/aconteceemmacaeeregiao.com.br\/index.php\/wp-json\/wp\/v2\/posts"}],"about":[{"href":"https:\/\/aconteceemmacaeeregiao.com.br\/index.php\/wp-json\/wp\/v2\/types\/post"}],"author":[{"embeddable":true,"href":"https:\/\/aconteceemmacaeeregiao.com.br\/index.php\/wp-json\/wp\/v2\/users\/2"}],"replies":[{"embeddable":true,"href":"https:\/\/aconteceemmacaeeregiao.com.br\/index.php\/wp-json\/wp\/v2\/comments?post=20264"}],"version-history":[{"count":0,"href":"https:\/\/aconteceemmacaeeregiao.com.br\/index.php\/wp-json\/wp\/v2\/posts\/20264\/revisions"}],"wp:featuredmedia":[{"embeddable":true,"href":"https:\/\/aconteceemmacaeeregiao.com.br\/index.php\/wp-json\/wp\/v2\/media\/20265"}],"wp:attachment":[{"href":"https:\/\/aconteceemmacaeeregiao.com.br\/index.php\/wp-json\/wp\/v2\/media?parent=20264"}],"wp:term":[{"taxonomy":"category","embeddable":true,"href":"https:\/\/aconteceemmacaeeregiao.com.br\/index.php\/wp-json\/wp\/v2\/categories?post=20264"},{"taxonomy":"post_tag","embeddable":true,"href":"https:\/\/aconteceemmacaeeregiao.com.br\/index.php\/wp-json\/wp\/v2\/tags?post=20264"}],"curies":[{"name":"wp","href":"https:\/\/api.w.org\/{rel}","templated":true}]}}