{"id":20413,"date":"2025-07-15T18:06:54","date_gmt":"2025-07-15T21:06:54","guid":{"rendered":"https:\/\/aconteceemmacaeeregiao.com.br\/?p=20413"},"modified":"2025-07-15T18:06:55","modified_gmt":"2025-07-15T21:06:55","slug":"buzios-recebe-etapa-do-circuito-mundial-de-beach-tennis-na-praia-de-geriba","status":"publish","type":"post","link":"https:\/\/aconteceemmacaeeregiao.com.br\/index.php\/2025\/07\/15\/buzios-recebe-etapa-do-circuito-mundial-de-beach-tennis-na-praia-de-geriba\/","title":{"rendered":"B\u00fazios recebe etapa do Circuito Mundial de Beach Tennis na Praia de Gerib\u00e1"},"content":{"rendered":"\n<p>Entre os dias 23 e 27 de julho, a Praia de Gerib\u00e1 ser\u00e1 o cen\u00e1rio do RIO PRO ITF BT50, etapa do Circuito Mundial de <a href=\"https:\/\/aconteceemmacaeeregiao.com.br\/index.php\/tag\/beach-tennis\/\" title=\"Beach Tennis\">Beach Tennis.<\/a> O evento internacional reunir\u00e1 atletas das categorias BT10, BT50 e Etapa Regional, prometendo uma semana de jogos emocionantes, clima vibrante e uma experi\u00eancia esportiva completa.<\/p>\n\n\n\n<p>Ser\u00e3o cinco dias dedicados ao beach tennis em um dos destinos mais encantadores do Estado do Rio de Janeiro. <a href=\"https:\/\/aconteceemmacaeeregiao.com.br\/index.php\/tag\/buzios\/\" title=\"b\u00fazios\">B\u00fazios<\/a>, reconhecida por sua hospitalidade e beleza natural, reafirma sua voca\u00e7\u00e3o para o turismo esportivo, com apoio da Prefeitura de B\u00fazios, que segue investindo no incentivo ao esporte e \u00e0 promo\u00e7\u00e3o da cidade no cen\u00e1rio internacional.<\/p>\n\n\n\n<p>O RIO PRO ITF BT50 \u00e9 uma realiza\u00e7\u00e3o da Associa\u00e7\u00e3o T\u00eanis RJ (@associacaotenisrj), em parceria com a Life Marketing e Eventos (@lifemkteeventos), com o objetivo de estimular o surgimento e a profissionaliza\u00e7\u00e3o de novos talentos do beach tennis no estado.<\/p>\n\n\n<div class=\"wp-block-image\">\n<figure class=\"alignright size-large is-resized\"><img fetchpriority=\"high\" decoding=\"async\" width=\"819\" height=\"1024\" src=\"https:\/\/aconteceemmacaeeregiao.com.br\/wp-content\/uploads\/2025\/07\/WhatsApp-Image-2025-07-09-at-13.52.21-1-819x1024.webp\" alt=\"\" class=\"wp-image-20415\" style=\"width:342px;height:auto\" srcset=\"https:\/\/aconteceemmacaeeregiao.com.br\/wp-content\/uploads\/2025\/07\/WhatsApp-Image-2025-07-09-at-13.52.21-1-819x1024.webp 819w, https:\/\/aconteceemmacaeeregiao.com.br\/wp-content\/uploads\/2025\/07\/WhatsApp-Image-2025-07-09-at-13.52.21-1-240x300.webp 240w, https:\/\/aconteceemmacaeeregiao.com.br\/wp-content\/uploads\/2025\/07\/WhatsApp-Image-2025-07-09-at-13.52.21-1-768x960.webp 768w, https:\/\/aconteceemmacaeeregiao.com.br\/wp-content\/uploads\/2025\/07\/WhatsApp-Image-2025-07-09-at-13.52.21-1.webp 1080w\" sizes=\"(max-width: 819px) 100vw, 819px\" \/><\/figure>\n<\/div>\n\n\n<p>A Prefeitura convida moradores e visitantes a prestigiar este grande evento, que refor\u00e7a o nome de B\u00fazios como cidade que \u00e9 ver\u00e3o o ano todo.<\/p>\n\n\n\n<p>Programa\u00e7\u00e3o oficial:<\/p>\n\n\n\n<p>23\/07 \u2013 RIO PRO ITF BT10<\/p>\n\n\n\n<p>24\/07 \u2013 RIO PRO ITF QUALIFY<\/p>\n\n\n\n<p>25 a 27\/07 \u2013 RIO PRO ITF BT50<\/p>\n\n\n\n<p><em>Fonte: Secom Pref de B\u00fazios<\/em><\/p>\n","protected":false},"excerpt":{"rendered":"<p>Entre os dias 23 e 27 de julho, a Praia de Gerib\u00e1 ser\u00e1 o cen\u00e1rio do RIO PRO ITF BT50, etapa do Circuito Mundial de Beach Tennis. O evento internacional reunir\u00e1 atletas das categorias BT10, BT50 e Etapa Regional, prometendo uma semana de jogos emocionantes, clima vibrante e uma experi\u00eancia esportiva completa. Ser\u00e3o cinco dias [&hellip;]<\/p>\n","protected":false},"author":2,"featured_media":20414,"comment_status":"closed","ping_status":"closed","sticky":false,"template":"","format":"standard","meta":{"postBodyCss":"","postBodyMargin":[],"postBodyPadding":[],"postBodyBackground":{"backgroundType":"classic","gradient":""},"footnotes":""},"categories":[168,6],"tags":[480,746,89],"class_list":["post-20413","post","type-post","status-publish","format-standard","has-post-thumbnail","hentry","category-buzios","category-esporte","tag-beach-tennis","tag-campeonato","tag-prefeitura"],"aioseo_notices":[],"_links":{"self":[{"href":"https:\/\/aconteceemmacaeeregiao.com.br\/index.php\/wp-json\/wp\/v2\/posts\/20413","targetHints":{"allow":["GET"]}}],"collection":[{"href":"https:\/\/aconteceemmacaeeregiao.com.br\/index.php\/wp-json\/wp\/v2\/posts"}],"about":[{"href":"https:\/\/aconteceemmacaeeregiao.com.br\/index.php\/wp-json\/wp\/v2\/types\/post"}],"author":[{"embeddable":true,"href":"https:\/\/aconteceemmacaeeregiao.com.br\/index.php\/wp-json\/wp\/v2\/users\/2"}],"replies":[{"embeddable":true,"href":"https:\/\/aconteceemmacaeeregiao.com.br\/index.php\/wp-json\/wp\/v2\/comments?post=20413"}],"version-history":[{"count":0,"href":"https:\/\/aconteceemmacaeeregiao.com.br\/index.php\/wp-json\/wp\/v2\/posts\/20413\/revisions"}],"wp:featuredmedia":[{"embeddable":true,"href":"https:\/\/aconteceemmacaeeregiao.com.br\/index.php\/wp-json\/wp\/v2\/media\/20414"}],"wp:attachment":[{"href":"https:\/\/aconteceemmacaeeregiao.com.br\/index.php\/wp-json\/wp\/v2\/media?parent=20413"}],"wp:term":[{"taxonomy":"category","embeddable":true,"href":"https:\/\/aconteceemmacaeeregiao.com.br\/index.php\/wp-json\/wp\/v2\/categories?post=20413"},{"taxonomy":"post_tag","embeddable":true,"href":"https:\/\/aconteceemmacaeeregiao.com.br\/index.php\/wp-json\/wp\/v2\/tags?post=20413"}],"curies":[{"name":"wp","href":"https:\/\/api.w.org\/{rel}","templated":true}]}}