{"id":20422,"date":"2025-07-15T18:46:08","date_gmt":"2025-07-15T21:46:08","guid":{"rendered":"https:\/\/aconteceemmacaeeregiao.com.br\/?p=20422"},"modified":"2025-07-15T18:46:09","modified_gmt":"2025-07-15T21:46:09","slug":"fiacao-lab-abre-inscricoes-para-formacao-gratuita-em-cinema","status":"publish","type":"post","link":"https:\/\/aconteceemmacaeeregiao.com.br\/index.php\/2025\/07\/15\/fiacao-lab-abre-inscricoes-para-formacao-gratuita-em-cinema\/","title":{"rendered":"Fia\u00e7\u00e3o.Lab abre inscri\u00e7\u00f5es para forma\u00e7\u00e3o gratuita em cinema"},"content":{"rendered":"\n<ul class=\"wp-block-list\">\n<li><strong><br>Inscri\u00e7\u00f5es online<\/strong> <a href=\"https:\/\/docs.google.com\/forms\/d\/1uFHlut7rwBF6q6OZOLRuxFZ-gWg7lDCBxHm_OcsNGnU\/preview?edit_requested=true\" target=\"_blank\" rel=\"noreferrer noopener\">https:\/\/docs.google.com\/forms\/d\/1uFHlut7rwBF6q6OZOLRuxFZ-gWg7lDCBxHm_OcsNGnU\/preview?edit_requested=true<\/a>\u00a0<\/li>\n<\/ul>\n\n\n\n<p><em><strong>O Fia\u00e7\u00e3o.Lab, do coletivo Fia\u00e7\u00e3o, democratiza a produ\u00e7\u00e3o audiovisual e oferece a jovens e adultos de origem popular a chance de contar suas pr\u00f3prias hist\u00f3rias. Inscri\u00e7\u00f5es est\u00e3o abertas at\u00e9 15 de agosto.\u00a0<\/strong><\/em><\/p>\n\n\n\n<p>O que antes era apenas um aparelho para redes sociais, hoje se tornou uma ferramenta de express\u00e3o e arte. A iniciativa gratuita, criada pelo coletivo Fia\u00e7\u00e3o, ensina na pr\u00e1tica todas as etapas de produ\u00e7\u00e3o de um filme, visando oferecer t\u00e9cnica, repert\u00f3rio e protagonismo a quem normalmente est\u00e1 \u00e0 margem do grande circuito cinematogr\u00e1fico.<\/p>\n\n\n\n<p>As oficinas acontecem no Centro de Educa\u00e7\u00e3o Popular, no bairro \u00c2ncora, descentralizando o acesso \u00e0 forma\u00e7\u00e3o cinematogr\u00e1fica. O projeto foi fundado por Jo\u00e3o Eliel, produtor cultural, realizador e membro do Conselho Municipal de Cultura de <a href=\"https:\/\/aconteceemmacaeeregiao.com.br\/index.php\/category\/regiao\/rio-das-ostras\/\" title=\"Rio das Ostras\">Rio das Ostras<\/a>, que viu no audiovisual uma potente ferramenta de transforma\u00e7\u00e3o social.<\/p>\n\n\n\n<p>&#8220;A proposta do Fia\u00e7\u00e3o.Lab \u00e9 introduzir as pr\u00e1ticas audiovisuais a partir do que as pessoas j\u00e1 t\u00eam em m\u00e3os: o celular. Queremos quebrar a barreira de que para fazer <a href=\"https:\/\/aconteceemmacaeeregiao.com.br\/index.php\/tag\/cinema\/\" title=\"Cinema\">cinema<\/a> \u00e9 preciso ter equipamentos caros. O mais importante \u00e9 ter uma hist\u00f3ria para contar e um olhar sens\u00edvel para o mundo ao redor&#8221;, destaca Jo\u00e3o Eliel.<\/p>\n\n\n\n<p>O impacto do projeto \u00e9 vis\u00edvel nos mais de seis curtas-metragens j\u00e1 produzidos em edi\u00e7\u00f5es em Favelas da Cidade do Rio de Janeiro e, principalmente, na trajet\u00f3ria dos participantes.<\/p>\n\n\n\n<p>Desde sua origem em 2019, na UFF, o Fia\u00e7\u00e3o.Lab j\u00e1 passou por importantes espa\u00e7os, como a Biblioteca Parque da Rocinha, e estabeleceu parcerias de destaque, como a realizada com o Erre\u00f3 Clipe Fest para uma oficina de videoclipes. Com a meta de alcan\u00e7ar 150 participantes at\u00e9 o final do ano, o projeto se consolida como um importante polo de forma\u00e7\u00e3o e difus\u00e3o cultural em Rio das Ostras.<\/p>\n\n\n\n<p>O&nbsp;projeto realizado com recursos da Pol\u00edtica Nacional Aldir Blanc (PNAB), com recursos do Governo Federal, por meio do Minist\u00e9rio da Cultura, e \u00e9 realizado com apoio da Secretaria de Estado de Cultura e Economia Criativa do Rio de Janeiro (SECEC RJ).&nbsp; E conta com parceria com o Centro Cultural de Educa\u00e7\u00e3o Popular de Rio das Ostras, Est\u00fadio Fase e FLIC &#8211; Festa de Literatura e Cultura de Rio das Ostras.&nbsp;<\/p>\n\n\n\n<p><em>Fonte Juliana Portella\u00a0Jornalista<\/em><\/p>\n","protected":false},"excerpt":{"rendered":"<p>O Fia\u00e7\u00e3o.Lab, do coletivo Fia\u00e7\u00e3o, democratiza a produ\u00e7\u00e3o audiovisual e oferece a jovens e adultos de origem popular a chance de contar suas pr\u00f3prias hist\u00f3rias. Inscri\u00e7\u00f5es est\u00e3o abertas at\u00e9 15 de agosto.\u00a0 O que antes era apenas um aparelho para redes sociais, hoje se tornou uma ferramenta de express\u00e3o e arte. A iniciativa gratuita, criada [&hellip;]<\/p>\n","protected":false},"author":2,"featured_media":20423,"comment_status":"closed","ping_status":"closed","sticky":false,"template":"","format":"standard","meta":{"postBodyCss":"","postBodyMargin":[],"postBodyPadding":[],"postBodyBackground":{"backgroundType":"classic","gradient":""},"footnotes":""},"categories":[61,49],"tags":[262,132,82],"class_list":["post-20422","post","type-post","status-publish","format-standard","has-post-thumbnail","hentry","category-educacao","category-rio-das-ostras","tag-cinema","tag-cursos-gratuitos","tag-oportunidade"],"aioseo_notices":[],"_links":{"self":[{"href":"https:\/\/aconteceemmacaeeregiao.com.br\/index.php\/wp-json\/wp\/v2\/posts\/20422","targetHints":{"allow":["GET"]}}],"collection":[{"href":"https:\/\/aconteceemmacaeeregiao.com.br\/index.php\/wp-json\/wp\/v2\/posts"}],"about":[{"href":"https:\/\/aconteceemmacaeeregiao.com.br\/index.php\/wp-json\/wp\/v2\/types\/post"}],"author":[{"embeddable":true,"href":"https:\/\/aconteceemmacaeeregiao.com.br\/index.php\/wp-json\/wp\/v2\/users\/2"}],"replies":[{"embeddable":true,"href":"https:\/\/aconteceemmacaeeregiao.com.br\/index.php\/wp-json\/wp\/v2\/comments?post=20422"}],"version-history":[{"count":0,"href":"https:\/\/aconteceemmacaeeregiao.com.br\/index.php\/wp-json\/wp\/v2\/posts\/20422\/revisions"}],"wp:featuredmedia":[{"embeddable":true,"href":"https:\/\/aconteceemmacaeeregiao.com.br\/index.php\/wp-json\/wp\/v2\/media\/20423"}],"wp:attachment":[{"href":"https:\/\/aconteceemmacaeeregiao.com.br\/index.php\/wp-json\/wp\/v2\/media?parent=20422"}],"wp:term":[{"taxonomy":"category","embeddable":true,"href":"https:\/\/aconteceemmacaeeregiao.com.br\/index.php\/wp-json\/wp\/v2\/categories?post=20422"},{"taxonomy":"post_tag","embeddable":true,"href":"https:\/\/aconteceemmacaeeregiao.com.br\/index.php\/wp-json\/wp\/v2\/tags?post=20422"}],"curies":[{"name":"wp","href":"https:\/\/api.w.org\/{rel}","templated":true}]}}