{"id":20434,"date":"2025-07-23T13:45:31","date_gmt":"2025-07-23T16:45:31","guid":{"rendered":"https:\/\/aconteceemmacaeeregiao.com.br\/?p=20434"},"modified":"2025-07-23T13:45:32","modified_gmt":"2025-07-23T16:45:32","slug":"evento-de-construcao-em-rio-das-ostras-oferta-capacitacao-gratuita-para-profissionais-do-setor","status":"publish","type":"post","link":"https:\/\/aconteceemmacaeeregiao.com.br\/index.php\/2025\/07\/23\/evento-de-construcao-em-rio-das-ostras-oferta-capacitacao-gratuita-para-profissionais-do-setor\/","title":{"rendered":"Evento de Constru\u00e7\u00e3o\u00a0em Rio das Ostras\u00a0oferta capacita\u00e7\u00e3o gratuita para profissionais do setor"},"content":{"rendered":"\n<p><em><strong>Feira Construir acontece entre 7 e 9 de agosto, na Arena Plaza, na Rodovia do Contorno<\/strong><\/em><\/p>\n\n\n\n<p>Durante tr\u00eas dias consecutivos, <a href=\"https:\/\/aconteceemmacaeeregiao.com.br\/index.php\/category\/regiao\/rio-das-ostras\/\" title=\"Rio das Ostras\">Rio das Ostras<\/a> vai levar capacita\u00e7\u00e3o gratuita para profissionais e estudantes do setor da constru\u00e7\u00e3o civil. Entre os dias 7 e 9 de agosto, na Arena Plaza ao lado do Shopping, a Feira Construir levar\u00e1 palestras t\u00e9cnicas, pain\u00e9is tem\u00e1ticos\u00a0e\u00a0podcasts que v\u00e3o trazer as novas tend\u00eancias do mercado, entre outros\u00a0temas da \u00e1rea. O evento, que conta com o apoio da Prefeitura, come\u00e7a a partir das 14h e toda a programa\u00e7\u00e3o pode ser consultada\u00a0<strong><a href=\"https:\/\/www.riodasostras.rj.gov.br\/wp-content\/uploads\/2025\/07\/evento-capacita-gratuitamente-profissionais-do-setor-da-construcao-cronograma-construir-1.pdf\" title=\"\">aqui<\/a><\/strong>.<\/p>\n\n\n\n<p>Entre os temas abordados est\u00e3o: efici\u00eancia energ\u00e9tica, seguran\u00e7a nas edifica\u00e7\u00f5es, boas pr\u00e1ticas de engenharia, planejamento urbano, manuten\u00e7\u00e3o predial e solu\u00e7\u00f5es sustent\u00e1veis. Al\u00e9m do palco principal, haver\u00e1 o Palco Progredir e um espa\u00e7o de atra\u00e7\u00f5es musicais na \u00c1rea Gourmet da feira.<\/p>\n\n\n\n<p>A Feira&nbsp;Construir&nbsp;2025 busca unir profissionais t\u00e9cnicos do setor com empresas, universidades, estudantes e consumidores da&nbsp;Regi\u00e3o em um \u00fanico ambiente. O evento \u00e9 voltado n\u00e3o apenas para quem deseja&nbsp;construir&nbsp;ou reformar, mas tamb\u00e9m para quem atua nas diversas frentes do setor \u2014 como engenheiros, arquitetos, eletricistas prediais, t\u00e9cnicos de seguran\u00e7a do trabalho, projetistas, top\u00f3grafos e prestadores de servi\u00e7os especializados.<\/p>\n\n\n\n<p>A programa\u00e7\u00e3o busca valorizar a integra\u00e7\u00e3o entre conhecimento t\u00e9cnico e pr\u00e1ticas sustent\u00e1veis, destacando o papel do planejamento adequado como fator decisivo para evitar desperd\u00edcios de recursos, retrabalhos e impacto ambiental.<\/p>\n\n\n\n<p>&#8220;A Feira Construir&nbsp;n\u00e3o apenas movimenta a&nbsp;economia do setor de constru\u00e7\u00e3o civil,&nbsp;como&nbsp;tamb\u00e9m qualifica&nbsp;os profissionais que j\u00e1 est\u00e3o&nbsp;nesse mercado&nbsp;e ainda&nbsp;os jovens que est\u00e3o chegando. Apoiar este evento \u00e9 acreditar que Rio das Ostras \u00e9 um lugar que acredita em quem deseja faz\u00ea-la prosperar. Investir em Rio das Ostras \u00e9 uma boa ideia&#8221;,&nbsp;diz&nbsp;Rodrigo Peleteiro, Secret\u00e1rio de Desenvolvimento Econ\u00f4mico e Turismo.<\/p>\n\n\n\n<p>O evento conta com o apoio da Prefeitura Municipal de Rio das Ostras, do Conselho de Arquitetura e Urbanismo do Rio de Janeiro (CAU\/RJ) e da M\u00fatua. Tem patroc\u00ednio do Shopping Plaza Rio das Ostras, do Bairro Harmonia e do Conselho Regional de Engenharia e Agronomia (CREA-RJ), com produ\u00e7\u00e3o da Promover e realiza\u00e7\u00e3o da Associa\u00e7\u00e3o de Arquitetos e Engenheiros de Rio das Ostras &#8211; Aero.<\/p>\n\n\n\n<p><em>Fonte: Secom Pref. Rio das Ostras<\/em><\/p>\n","protected":false},"excerpt":{"rendered":"<p>Feira Construir acontece entre 7 e 9 de agosto, na Arena Plaza, na Rodovia do Contorno Durante tr\u00eas dias consecutivos, Rio das Ostras vai levar capacita\u00e7\u00e3o gratuita para profissionais e estudantes do setor da constru\u00e7\u00e3o civil. Entre os dias 7 e 9 de agosto, na Arena Plaza ao lado do Shopping, a Feira Construir levar\u00e1 [&hellip;]<\/p>\n","protected":false},"author":2,"featured_media":20435,"comment_status":"closed","ping_status":"closed","sticky":false,"template":"","format":"standard","meta":{"postBodyCss":"","postBodyMargin":[],"postBodyPadding":[],"postBodyBackground":{"backgroundType":"classic","gradient":""},"footnotes":""},"categories":[61,73,49],"tags":[132,151,89,571],"class_list":["post-20434","post","type-post","status-publish","format-standard","has-post-thumbnail","hentry","category-educacao","category-emprego","category-rio-das-ostras","tag-cursos-gratuitos","tag-energia","tag-prefeitura","tag-qualificacao"],"aioseo_notices":[],"_links":{"self":[{"href":"https:\/\/aconteceemmacaeeregiao.com.br\/index.php\/wp-json\/wp\/v2\/posts\/20434","targetHints":{"allow":["GET"]}}],"collection":[{"href":"https:\/\/aconteceemmacaeeregiao.com.br\/index.php\/wp-json\/wp\/v2\/posts"}],"about":[{"href":"https:\/\/aconteceemmacaeeregiao.com.br\/index.php\/wp-json\/wp\/v2\/types\/post"}],"author":[{"embeddable":true,"href":"https:\/\/aconteceemmacaeeregiao.com.br\/index.php\/wp-json\/wp\/v2\/users\/2"}],"replies":[{"embeddable":true,"href":"https:\/\/aconteceemmacaeeregiao.com.br\/index.php\/wp-json\/wp\/v2\/comments?post=20434"}],"version-history":[{"count":0,"href":"https:\/\/aconteceemmacaeeregiao.com.br\/index.php\/wp-json\/wp\/v2\/posts\/20434\/revisions"}],"wp:featuredmedia":[{"embeddable":true,"href":"https:\/\/aconteceemmacaeeregiao.com.br\/index.php\/wp-json\/wp\/v2\/media\/20435"}],"wp:attachment":[{"href":"https:\/\/aconteceemmacaeeregiao.com.br\/index.php\/wp-json\/wp\/v2\/media?parent=20434"}],"wp:term":[{"taxonomy":"category","embeddable":true,"href":"https:\/\/aconteceemmacaeeregiao.com.br\/index.php\/wp-json\/wp\/v2\/categories?post=20434"},{"taxonomy":"post_tag","embeddable":true,"href":"https:\/\/aconteceemmacaeeregiao.com.br\/index.php\/wp-json\/wp\/v2\/tags?post=20434"}],"curies":[{"name":"wp","href":"https:\/\/api.w.org\/{rel}","templated":true}]}}