{"id":20437,"date":"2025-07-23T13:53:12","date_gmt":"2025-07-23T16:53:12","guid":{"rendered":"https:\/\/aconteceemmacaeeregiao.com.br\/?p=20437"},"modified":"2025-07-23T13:53:13","modified_gmt":"2025-07-23T16:53:13","slug":"macae-divulga-1463-vagas-de-trabalho-esta-semana","status":"publish","type":"post","link":"https:\/\/aconteceemmacaeeregiao.com.br\/index.php\/2025\/07\/23\/macae-divulga-1463-vagas-de-trabalho-esta-semana\/","title":{"rendered":"Maca\u00e9 divulga 1463 vagas de trabalho esta semana"},"content":{"rendered":"\n<p>A Central do Trabalhador, da Secretaria Municipal de Trabalho e Renda de <a href=\"https:\/\/aconteceemmacaeeregiao.com.br\/index.php\/category\/macae\/\" title=\"Maca\u00e9\">Maca\u00e9<\/a>, divulga esta semana 1463 vagas de emprego, com destaque para diversos cargos na \u00e1rea de<a href=\"https:\/\/aconteceemmacaeeregiao.com.br\/index.php\/tag\/petroleo-e-gas\/\" title=\"Petr\u00f3leo e G\u00e1s\"> \u00f3leo e g\u00e1s<\/a>. Entre eles, camareiro offshore (200) consultor de vendas, interno (100), taifeiro (100), ajudante de cozinha (63), chefe de cozinha offshore (50), cozinheiro offshore (50), saloneiro offshore (50), auxiliar de movimenta\u00e7\u00e3o de cargas (40) e auxiliar de plataforma (40).<br><\/p>\n\n\n\n<p>A lista completa pode ser conferida aqui no site, com n\u00edveis de escolaridade para Fundamental, M\u00e9dio, T\u00e9cnico e Superior. Os interessados tamb\u00e9m podem se dirigir \u00e0 sede da Central do Trabalhador, que funciona das 8h \u00e0s 17h, no Edif\u00edcio Comercial L\u00f3tus, na&nbsp;<a href=\"https:\/\/www.google.com\/maps\/search\/Avenida+Nossa+Senhora+da+Gl%C3%B3ria,+1181,+Praia+Campista?entry=gmail&amp;source=g\">Avenida Nossa Senhora da Gl\u00f3ria, 1181, Praia Campista<\/a>.<br><br>O cadastro tamb\u00e9m pode ser realizado de forma online. A Secretaria de Trabalho e Renda disponibiliza link espec\u00edfico.<br><a href=\"https:\/\/sistemas.macae.rj.gov.br:84\/trabalhoerenda\/index\/mural\">Clique e confira a lista completa de vagas dispon\u00edveis<\/a>.<br><br>Acesso para o empres\u00e1rio&nbsp;<a href=\"https:\/\/sistemas.macae.rj.gov.br:84\/trabalhoerenda\/\">cadastrar vagas de emprego<\/a>.<br><br>Acesso para o trabalhador&nbsp;<a href=\"https:\/\/sistemas.macae.rj.gov.br:84\/trabalhoerenda\/\">efetuar o cadastro para vagas de emprego<\/a>.<\/p>\n\n\n\n<p><em><a href=\"https:\/\/macae.rj.gov.br\/noticias\/leitura\/noticia\/trabalho-e-renda-divulga-1463-vagas-de-trabalho-esta-semana\" title=\"\">Fonte: Secom Pref. Maca\u00e9<\/a><\/em><\/p>\n","protected":false},"excerpt":{"rendered":"<p>A Central do Trabalhador, da Secretaria Municipal de Trabalho e Renda de Maca\u00e9, divulga esta semana 1463 vagas de emprego, com destaque para diversos cargos na \u00e1rea de \u00f3leo e g\u00e1s. Entre eles, camareiro offshore (200) consultor de vendas, interno (100), taifeiro (100), ajudante de cozinha (63), chefe de cozinha offshore (50), cozinheiro offshore (50), [&hellip;]<\/p>\n","protected":false},"author":2,"featured_media":20438,"comment_status":"closed","ping_status":"closed","sticky":false,"template":"","format":"standard","meta":{"postBodyCss":"","postBodyMargin":[],"postBodyPadding":[],"postBodyBackground":{"backgroundType":"classic","gradient":""},"footnotes":""},"categories":[73,42],"tags":[77,82,89,301],"class_list":["post-20437","post","type-post","status-publish","format-standard","has-post-thumbnail","hentry","category-emprego","category-macae","tag-emprego","tag-oportunidade","tag-prefeitura","tag-trabalho"],"aioseo_notices":[],"_links":{"self":[{"href":"https:\/\/aconteceemmacaeeregiao.com.br\/index.php\/wp-json\/wp\/v2\/posts\/20437","targetHints":{"allow":["GET"]}}],"collection":[{"href":"https:\/\/aconteceemmacaeeregiao.com.br\/index.php\/wp-json\/wp\/v2\/posts"}],"about":[{"href":"https:\/\/aconteceemmacaeeregiao.com.br\/index.php\/wp-json\/wp\/v2\/types\/post"}],"author":[{"embeddable":true,"href":"https:\/\/aconteceemmacaeeregiao.com.br\/index.php\/wp-json\/wp\/v2\/users\/2"}],"replies":[{"embeddable":true,"href":"https:\/\/aconteceemmacaeeregiao.com.br\/index.php\/wp-json\/wp\/v2\/comments?post=20437"}],"version-history":[{"count":0,"href":"https:\/\/aconteceemmacaeeregiao.com.br\/index.php\/wp-json\/wp\/v2\/posts\/20437\/revisions"}],"wp:featuredmedia":[{"embeddable":true,"href":"https:\/\/aconteceemmacaeeregiao.com.br\/index.php\/wp-json\/wp\/v2\/media\/20438"}],"wp:attachment":[{"href":"https:\/\/aconteceemmacaeeregiao.com.br\/index.php\/wp-json\/wp\/v2\/media?parent=20437"}],"wp:term":[{"taxonomy":"category","embeddable":true,"href":"https:\/\/aconteceemmacaeeregiao.com.br\/index.php\/wp-json\/wp\/v2\/categories?post=20437"},{"taxonomy":"post_tag","embeddable":true,"href":"https:\/\/aconteceemmacaeeregiao.com.br\/index.php\/wp-json\/wp\/v2\/tags?post=20437"}],"curies":[{"name":"wp","href":"https:\/\/api.w.org\/{rel}","templated":true}]}}