{"id":20440,"date":"2025-07-23T16:39:36","date_gmt":"2025-07-23T19:39:36","guid":{"rendered":"https:\/\/aconteceemmacaeeregiao.com.br\/?p=20440"},"modified":"2025-07-23T16:39:38","modified_gmt":"2025-07-23T19:39:38","slug":"feira-da-economia-do-mar-comeca-nesta-quinta-feira","status":"publish","type":"post","link":"https:\/\/aconteceemmacaeeregiao.com.br\/index.php\/2025\/07\/23\/feira-da-economia-do-mar-comeca-nesta-quinta-feira\/","title":{"rendered":"Feira da Economia do Mar come\u00e7a nesta quinta-feira"},"content":{"rendered":"\n<p>A terceira edi\u00e7\u00e3o da Feira da Economia do Mar come\u00e7a nesta quinta-feira (24), dentro da programa\u00e7\u00e3o do anivers\u00e1rio de <a href=\"https:\/\/aconteceemmacaeeregiao.com.br\/index.php\/category\/macae\/\" title=\"Maca\u00e9\">Maca\u00e9,<\/a> no pavilh\u00e3o do <a href=\"https:\/\/aconteceemmacaeeregiao.com.br\/index.php\/tag\/parque-de-exposicao\/\" title=\"Parque de Exposi\u00e7\u00e3o\">Parque de Exposi\u00e7\u00e3o<\/a>. A programa\u00e7\u00e3o, al\u00e9m de stands abertos para visita\u00e7\u00e3o gratuita do p\u00fablico, reunir\u00e1 especialistas e autoridades em torno de debates sobre o futuro da economia azul e suas oportunidades para o Norte Fluminense e para o Estado do Rio de Janeiro.<br><\/p>\n\n\n\n<p>A programa\u00e7\u00e3o t\u00e9cnica acontece na quinta e na sexta-feira (25). J\u00e1 de s\u00e1bado a ter\u00e7a (26), o pavilh\u00e3o segue aberto com os estandes que estar\u00e3o dispon\u00edveis para visita\u00e7\u00e3o das 13h \u00e0s 20h.<br><br>Na quinta-feira, \u00e0s 13h, ser\u00e1 realizada a cerim\u00f4nia de abertura, com as presen\u00e7as do prefeito de Maca\u00e9, Welberth Rezende; do secret\u00e1rio municipal de Desenvolvimento Econ\u00f4mico, Rodrigo Vianna; do secret\u00e1rio de Estado de Energia e Economia do Mar, C\u00e1ssio Coelho, e de Jo\u00e3o Leal, do Sebrae RJ.<br><br>Em seguida, acontece o Painel 1 que abordar\u00e1 os projetos de e\u00f3licas offshore no Norte Fluminense e seus impactos no cen\u00e1rio regulat\u00f3rio nacional. A media\u00e7\u00e3o ser\u00e1 de Vicente Cardoso, secret\u00e1rio executivo de Pol\u00edticas Energ\u00e9ticas de Maca\u00e9, e contar\u00e1 com as participa\u00e7\u00f5es de S\u00e9rgio Coelho, subsecret\u00e1rio de Energia da Seenemar, e Diego Fernandes, CEO da Mitang.<br><br>O evento segue \u00e0s 16h, com o Painel 2, que ter\u00e1 como tema o turismo n\u00e1utico como alternativa para o desenvolvimento sustent\u00e1vel do Estado do Rio de Janeiro. O debate ser\u00e1 mediado por Jo\u00e3o Leal, superintendente de Portos da Seenemar, e contar\u00e1 com o Almirante S\u00e9rgio Chaves, Rainer Kehl e Rodrigo Bechara como painelistas.<br><br>O primeiro dia ser\u00e1 encerrado \u00e0s 17h30, com falas de representantes do setor produtivo local, como Leonardo Gazire, presidente do Maca\u00e9 Convention &amp; Visitors Bureau, e Frederico Barreto, da Associa\u00e7\u00e3o Comercial e Industrial de Maca\u00e9.<br><br>J\u00e1 na sexta-feira (25), acontece a Rodada de Neg\u00f3cios do Sebrae, das 9h \u00e0s 13h, reunindo empresas e institui\u00e7\u00f5es estrat\u00e9gicas para a gera\u00e7\u00e3o de novas oportunidades. Entre os participantes confirmados est\u00e3o ARKE Energia, Zurich Airport, Ferroport, SLB, Subsea 7, EDF Holding, Global Ship, Oceanee, al\u00e9m da Prefeitura de Maca\u00e9. A programa\u00e7\u00e3o segue na parte da tarde com a realiza\u00e7\u00e3o de dois pain\u00e9is, encerrando \u00e0s 17h30.<br><br>Veja os detalhes da edi\u00e7\u00e3o 2025 da Feira da Economia do Mar:<br><br><strong>Quinta-feira, 24 de julho<br><\/strong>13h | Abertura dos Estandes e Cerim\u00f4nia com Autoridades<br><br>C\u00e1ssio Coelho \u2013 Secret\u00e1rio de Estado de Energia e Economia do Mar<br><br>Welberth Rezende \u2013 Prefeito Municipal de Maca\u00e9<br><br>Rodrigo Vianna \u2013 Secret\u00e1rio Municipal de Desenvolvimento Econ\u00f4mico de Maca\u00e9<br><br>Jo\u00e3o Leal \u2013 Assessor da Presid\u00eancia do Conselho Deliberativo do Sebrae RJ<br><br><br>14h | Painel 1<br><br>Projetos de E\u00f3licas Offshore no Norte Fluminense no contexto dos marcos regulat\u00f3rios<br><br>Mediador: Vicente Cardoso \u2013 Secret\u00e1rio Executivo de Pol\u00edticas Energ\u00e9ticas de Maca\u00e9<br><br>Painelistas:<br><br>S\u00e9rgio Coelho \u2013 Subsecret\u00e1rio de Energia da Seenemar<br><br>Diego Fernandes \u2013 CEO da Mitang<br><br><br>15h30 | Intervalo<br><br><br>16h | Painel 2<br><br>Turismo N\u00e1utico como alternativa para o Desenvolvimento Sustent\u00e1vel do ERJ<br><br>Mediador: Jo\u00e3o Leal \u2013 Superintendente de Portos da Seenemar<br><br>Painelistas:<br><br>Almirante S\u00e9rgio Chaves \u2013 Subsecret\u00e1rio T\u00e9cnico da Seenemar<br><br>Rainer Kehl \u2013 Presidente da Sociedade Amigos da Marinha de Maca\u00e9<br><br>Rodrigo Bechara \u2013 Diretor N\u00e1utico do Iate Clube de Maca\u00e9<br><br><br>17h30 | Encerramento<br><br>Leonardo Gazire \u2013 Presidente do Maca\u00e9 Convention &amp; Visitors Bureau<br><br>Frederico Barreto \u2013 Associa\u00e7\u00e3o Comercial e Industrial de Maca\u00e9<br><br><strong>Sexta-feira, 25 de julho<br><\/strong>9h \u00e0s 13h | Rodada de Neg\u00f3cios Sebrae<br><br>Encontro entre empresas e institui\u00e7\u00f5es estrat\u00e9gicas.<br><br>Participantes confirmados:<br><br>ARKE Energia, Prefeitura de Maca\u00e9, Zurich Airport, Ferroport, SLB, Ventura, Oil States, Engeman, Subsea 7, EDF Holding, Global Ship, Oceanee.<br><br><br>14h | Abertura do 2\u00ba Dia<br><br>Welberth Rezende \u2013 Prefeito de Maca\u00e9<br><br>Robson Carneiro \u2013 Presidente do Conselho Deliberativo do Sebrae RJ<br><br><br>14h15 | Painel 3<br><br>O Arranjo Produtivo da Economia Azul Fluminense e a Certifica\u00e7\u00e3o dos Munic\u00edpios Costeiros<br><br>Mediador: Maur\u00edcio Cabral \u2013 GT Economia do Mar \u2013 L\u00edder Norte<br><br>Painelistas:<br><br>Renato Regazzi \u2013 Chefe de Gabinete CDE do Sebrae RJ<br><br>Matheus M\u00f4nica \u2013 Secret\u00e1rio de Gest\u00e3o Territorial e Economia Azul de Cabo Frio<br><br>Jo\u00e3o Azeredo \u2013 Presidente da ABEEMAR<br><br><br>15h30 | Intervalo<br><br>16h | Painel 4<br><br>O Estado do Rio como o Recanto da Pesca e da Gastronomia do Mar<br><br>Mediador: Luiz Henrique Salgado \u2013 Funda\u00e7\u00e3o Instituto de Pesca do RJ \u2013 Escrit\u00f3rio Norte Fluminense II<br><br>Painelistas:<br><br>Carlos Eduardo Macedo da Silva \u2013 Col\u00f4nia de Pescadores de Maca\u00e9 Z-03<br><br>Renato Nicoli \u2013 Presidente do Polo Gastron\u00f4mico de Maca\u00e9<br><br>Andr\u00e9 Nunes \u2013 CEO Bluetech Beta-i<br><br><br>17h30 | Encerramento<br><br>Luis Fragoso \u2013 Presidente da CDL-Maca\u00e9<br><br>Max Lamoglia \u2013 Presidente do Sinco Maca\u00e9.<\/p>\n\n\n\n<p><em><a href=\"https:\/\/macae.rj.gov.br\/noticias\/leitura\/noticia\/feira-da-economia-do-mar-comeca-nesta-quinta-feira\" title=\"\">Fonte: Secom Pref. Maca\u00e9<\/a><\/em><\/p>\n","protected":false},"excerpt":{"rendered":"<p>A terceira edi\u00e7\u00e3o da Feira da Economia do Mar come\u00e7a nesta quinta-feira (24), dentro da programa\u00e7\u00e3o do anivers\u00e1rio de Maca\u00e9, no pavilh\u00e3o do Parque de Exposi\u00e7\u00e3o. A programa\u00e7\u00e3o, al\u00e9m de stands abertos para visita\u00e7\u00e3o gratuita do p\u00fablico, reunir\u00e1 especialistas e autoridades em torno de debates sobre o futuro da economia azul e suas oportunidades para [&hellip;]<\/p>\n","protected":false},"author":2,"featured_media":20441,"comment_status":"closed","ping_status":"closed","sticky":false,"template":"","format":"standard","meta":{"postBodyCss":"","postBodyMargin":[],"postBodyPadding":[],"postBodyBackground":{"backgroundType":"classic","gradient":""},"footnotes":""},"categories":[45,42],"tags":[377,185,656,255,89],"class_list":["post-20440","post","type-post","status-publish","format-standard","has-post-thumbnail","hentry","category-economia","category-macae","tag-centro-de-convencoes","tag-exposicao","tag-mar","tag-norte-fluminense","tag-prefeitura"],"aioseo_notices":[],"_links":{"self":[{"href":"https:\/\/aconteceemmacaeeregiao.com.br\/index.php\/wp-json\/wp\/v2\/posts\/20440","targetHints":{"allow":["GET"]}}],"collection":[{"href":"https:\/\/aconteceemmacaeeregiao.com.br\/index.php\/wp-json\/wp\/v2\/posts"}],"about":[{"href":"https:\/\/aconteceemmacaeeregiao.com.br\/index.php\/wp-json\/wp\/v2\/types\/post"}],"author":[{"embeddable":true,"href":"https:\/\/aconteceemmacaeeregiao.com.br\/index.php\/wp-json\/wp\/v2\/users\/2"}],"replies":[{"embeddable":true,"href":"https:\/\/aconteceemmacaeeregiao.com.br\/index.php\/wp-json\/wp\/v2\/comments?post=20440"}],"version-history":[{"count":0,"href":"https:\/\/aconteceemmacaeeregiao.com.br\/index.php\/wp-json\/wp\/v2\/posts\/20440\/revisions"}],"wp:featuredmedia":[{"embeddable":true,"href":"https:\/\/aconteceemmacaeeregiao.com.br\/index.php\/wp-json\/wp\/v2\/media\/20441"}],"wp:attachment":[{"href":"https:\/\/aconteceemmacaeeregiao.com.br\/index.php\/wp-json\/wp\/v2\/media?parent=20440"}],"wp:term":[{"taxonomy":"category","embeddable":true,"href":"https:\/\/aconteceemmacaeeregiao.com.br\/index.php\/wp-json\/wp\/v2\/categories?post=20440"},{"taxonomy":"post_tag","embeddable":true,"href":"https:\/\/aconteceemmacaeeregiao.com.br\/index.php\/wp-json\/wp\/v2\/tags?post=20440"}],"curies":[{"name":"wp","href":"https:\/\/api.w.org\/{rel}","templated":true}]}}