{"id":20446,"date":"2025-07-23T21:28:42","date_gmt":"2025-07-24T00:28:42","guid":{"rendered":"https:\/\/aconteceemmacaeeregiao.com.br\/?p=20446"},"modified":"2025-07-23T22:08:00","modified_gmt":"2025-07-24T01:08:00","slug":"expo-macae-festa-comeca-nesta-quinta-feira","status":"publish","type":"post","link":"https:\/\/aconteceemmacaeeregiao.com.br\/index.php\/2025\/07\/23\/expo-macae-festa-comeca-nesta-quinta-feira\/","title":{"rendered":"Expo Maca\u00e9: festa come\u00e7a nesta quinta-feira"},"content":{"rendered":"\n<p>A tradicional <a href=\"https:\/\/aconteceemmacaeeregiao.com.br\/index.php\/2023\/09\/08\/expo-samba-macae-segue-ate-sabado\/\" title=\"Expo Samba Maca\u00e9 segue at\u00e9 s\u00e1bado\">Expo Maca\u00e9 <\/a>come\u00e7a nesta quinta-feira (24). A programa\u00e7\u00e3o que celebra os 212 anos da cidade est\u00e1 repleta de atra\u00e7\u00f5es como shows, rodeios e oportunidade para neg\u00f3cios. O evento \u00e9 gratuito e acontece em diferentes setores dentro do Parque de Exposi\u00e7\u00f5es.<\/p>\n\n\n\n<p>Veja o detalhamento da programa\u00e7\u00e3o que tamb\u00e9m \u00e9 composta por Feirinha da Ro\u00e7a, estandes de gastronomia, produtos t\u00edpicos, artesanato, fazendinha, al\u00e9m da oferta de servi\u00e7os por \u00f3rg\u00e3os da Prefeitura e outras atividades culturais.<br><br><strong>Quinta-feira, 24 de julho<br><\/strong>13h \u00e0s 20h &#8211; Feira da Economia do Mar<br><br>Local: Pavilh\u00e3o<br><br>Palestras t\u00e9cnicas at\u00e9 as 17h30<br><br>Visita\u00e7\u00e3o gratuita aos estandes at\u00e9 as 20h<br><br>A partir das 19h &#8211; Shows<br><br>Palco Principal: Grupo Preto no Branco (Gospel)<br><br>Palco 2: Carlinho Dj, Damiana Velasco e Dj Cleytinho de Maca\u00e9<br><br>20h30 &#8211; Rodeio (Arena)<br><br><strong>Sexta-feira, 25 de julho<br><\/strong>8h \u00e0s 12h e das 14h \u00e0s 22h &#8211; Programa\u00e7\u00e3o Agropecu\u00e1ria<br><br>13h \u00e0s 20h &#8211; Feira da Economia do Mar<br><br>Local: Pavilh\u00e3o<br><br>Palestras t\u00e9cnicas at\u00e9 as 17h30<br><br>Visita\u00e7\u00e3o gratuita aos estandes at\u00e9 as 20h<br><br>A partir das 19h &#8211; Shows<br><br>Palco Principal: Ra\u00e7a Negra<br><br>Palco 2: Rodrigo Victor e Sandro Martins<br><br>20h30 &#8211; Rodeio (Arena)<br><\/p>\n\n\n\n<p><br><strong>S\u00e1bado, 26 de julho<br><\/strong>8h \u00e0s 12h e das 14h \u00e0s 22h &#8211; Programa\u00e7\u00e3o Agropecu\u00e1ria<br><br>Leil\u00e3o de Gado de Corte \u00e0s 20h<br><br>13h \u00e0s 20h &#8211; Feira da Economia do Mar<br><br>Local: Pavilh\u00e3o<br><br>A partir das 19h &#8211; Shows<br><br>Palco Principal: C\u00e9sar Menotti &amp; Fabiano<br><br>Palco 2: Grupo Independ\u00eancia e \u00c9rica Carvalho<br><br>20h30 &#8211; Rodeio (Arena)<br><br><strong>Domingo, 27 de julho<br><\/strong>8h \u00e0s 12h e das 14h \u00e0s 22h &#8211; Programa\u00e7\u00e3o Agropecu\u00e1ria<br><br>13h \u00e0s 20h &#8211; Feira da Economia do Mar<br><br>Local: Pavilh\u00e3o<br><br>A partir das 19h &#8211; Shows<br><br>Palco Principal: Mumuzinho<br><br>Palco 2: Sou + Elas e Amanda Amado<br><br>20h30 &#8211; Rodeio (Arena)<\/p>\n\n\n\n<div class=\"wp-block-cover aligncenter wp-duotone-unset-1\" style=\"margin-top:0;padding-top:4vw;padding-right:4vw;padding-bottom:4vw;padding-left:4vw;min-height:50vh;aspect-ratio:unset;\"><img fetchpriority=\"high\" decoding=\"async\" width=\"420\" height=\"430\" class=\"wp-block-cover__image-background wp-image-20392 size-full\" alt=\"\" src=\"https:\/\/aconteceemmacaeeregiao.com.br\/wp-content\/uploads\/2025\/07\/image-58.jpg\" data-object-fit=\"cover\" srcset=\"https:\/\/aconteceemmacaeeregiao.com.br\/wp-content\/uploads\/2025\/07\/image-58.jpg 420w, https:\/\/aconteceemmacaeeregiao.com.br\/wp-content\/uploads\/2025\/07\/image-58-293x300.jpg 293w\" sizes=\"(max-width: 420px) 100vw, 420px\" \/><span aria-hidden=\"true\" class=\"wp-block-cover__background has-background-dim-90 has-background-dim\" style=\"background-color:#2c3066\"><\/span><div class=\"wp-block-cover__inner-container is-layout-flow wp-block-cover-is-layout-flow\">\n<div class=\"wp-block-group\"><div class=\"wp-block-group__inner-container is-layout-flow wp-block-group-is-layout-flow\">\n<h2 class=\"wp-block-heading has-text-align-center\"><mark style=\"background-color:rgba(0, 0, 0, 0)\" class=\"has-inline-color has-luminous-vivid-amber-color\">Treine no seu tempo, com o seu corpo e sem press\u00e3o!<br><\/mark><\/h2>\n\n\n\n<div style=\"height:48px\" aria-hidden=\"true\" class=\"wp-block-spacer\"><\/div>\n\n\n\n<div class=\"wp-block-buttons is-content-justification-center is-layout-flex wp-container-core-buttons-is-layout-16018d1d wp-block-buttons-is-layout-flex\">\n<div class=\"wp-block-button\"><a class=\"wp-block-button__link has-text-color has-background has-custom-font-size wp-element-button\" href=\"http:\/\/hotm.art\/hRZ3wm\" style=\"color:#2c3066;background-color:#ffb23d;padding-top:32px;padding-right:48px;padding-bottom:32px;padding-left:48px;font-size:20px;font-style:normal;font-weight:700;letter-spacing:1px;text-transform:uppercase\">saiba mais<\/a><\/div>\n<\/div>\n<\/div><\/div>\n<\/div><\/div>\n\n\n\n<p><br><br><strong>Segunda, 28 de julho<br><\/strong>8h \u00e0s 12h e das 14h \u00e0s 22h &#8211; Programa\u00e7\u00e3o Agropecu\u00e1ria<br><br>13h \u00e0s 20h &#8211; Feira da Economia do Mar<br><br>Local: Pavilh\u00e3o<br><br>A partir das 19h &#8211; Shows<br><br>Palco Principal: Natanzinho<br><br>Palco 2: Fred Pereira, Bira Bello e C\u00e1tia Valois<br><br>20h30 &#8211; Rodeio (Arena)<br><br><strong>Ter\u00e7a, 29 de julho<br><\/strong>8h \u00e0s 12h e das 14h \u00e0s 22h &#8211; Programa\u00e7\u00e3o Agropecu\u00e1ria<br><br>13h \u00e0s 20h &#8211; Feira da Economia do Mar<br><br>Local: Pavilh\u00e3o<br><br>A partir das 19h &#8211; Shows<br><br>Palco Principal: Simone Mendes<br><br>Palco 2: Grupo Batukada e Sarah Freitas<br><br>20h30 &#8211; Rodeio (Arena).<\/p>\n\n\n\n<p><em><a href=\"https:\/\/macae.rj.gov.br\/noticias\/leitura\/noticia\/expo-macae-festa-comeca-nesta-quinta-feira\" title=\"\">Fonte: Secom Pref. Maca\u00e9<\/a><\/em><\/p>\n\n\n\n<p><\/p>\n","protected":false},"excerpt":{"rendered":"<p>A tradicional Expo Maca\u00e9 come\u00e7a nesta quinta-feira (24). A programa\u00e7\u00e3o que celebra os 212 anos da cidade est\u00e1 repleta de atra\u00e7\u00f5es como shows, rodeios e oportunidade para neg\u00f3cios. O evento \u00e9 gratuito e acontece em diferentes setores dentro do Parque de Exposi\u00e7\u00f5es. Veja o detalhamento da programa\u00e7\u00e3o que tamb\u00e9m \u00e9 composta por Feirinha da Ro\u00e7a, [&hellip;]<\/p>\n","protected":false},"author":2,"featured_media":20447,"comment_status":"closed","ping_status":"closed","sticky":false,"template":"","format":"standard","meta":{"postBodyCss":"","postBodyMargin":[],"postBodyPadding":[],"postBodyBackground":{"backgroundType":"classic","gradient":""},"footnotes":""},"categories":[46,42],"tags":[438,474,89],"class_list":["post-20446","post","type-post","status-publish","format-standard","has-post-thumbnail","hentry","category-diversao","category-macae","tag-aniversario","tag-parque-de-exposicao","tag-prefeitura"],"aioseo_notices":[],"_links":{"self":[{"href":"https:\/\/aconteceemmacaeeregiao.com.br\/index.php\/wp-json\/wp\/v2\/posts\/20446","targetHints":{"allow":["GET"]}}],"collection":[{"href":"https:\/\/aconteceemmacaeeregiao.com.br\/index.php\/wp-json\/wp\/v2\/posts"}],"about":[{"href":"https:\/\/aconteceemmacaeeregiao.com.br\/index.php\/wp-json\/wp\/v2\/types\/post"}],"author":[{"embeddable":true,"href":"https:\/\/aconteceemmacaeeregiao.com.br\/index.php\/wp-json\/wp\/v2\/users\/2"}],"replies":[{"embeddable":true,"href":"https:\/\/aconteceemmacaeeregiao.com.br\/index.php\/wp-json\/wp\/v2\/comments?post=20446"}],"version-history":[{"count":0,"href":"https:\/\/aconteceemmacaeeregiao.com.br\/index.php\/wp-json\/wp\/v2\/posts\/20446\/revisions"}],"wp:featuredmedia":[{"embeddable":true,"href":"https:\/\/aconteceemmacaeeregiao.com.br\/index.php\/wp-json\/wp\/v2\/media\/20447"}],"wp:attachment":[{"href":"https:\/\/aconteceemmacaeeregiao.com.br\/index.php\/wp-json\/wp\/v2\/media?parent=20446"}],"wp:term":[{"taxonomy":"category","embeddable":true,"href":"https:\/\/aconteceemmacaeeregiao.com.br\/index.php\/wp-json\/wp\/v2\/categories?post=20446"},{"taxonomy":"post_tag","embeddable":true,"href":"https:\/\/aconteceemmacaeeregiao.com.br\/index.php\/wp-json\/wp\/v2\/tags?post=20446"}],"curies":[{"name":"wp","href":"https:\/\/api.w.org\/{rel}","templated":true}]}}