{"id":20459,"date":"2025-07-25T22:52:47","date_gmt":"2025-07-26T01:52:47","guid":{"rendered":"https:\/\/aconteceemmacaeeregiao.com.br\/?p=20459"},"modified":"2025-07-25T22:52:48","modified_gmt":"2025-07-26T01:52:48","slug":"14a-edicao-do-festival-kolirius-internacional-de-arte-urbana-acontece-neste-domingo","status":"publish","type":"post","link":"https:\/\/aconteceemmacaeeregiao.com.br\/index.php\/2025\/07\/25\/14a-edicao-do-festival-kolirius-internacional-de-arte-urbana-acontece-neste-domingo\/","title":{"rendered":"14\u00aa edi\u00e7\u00e3o do Festival Kolirius Internacional de Arte Urbana acontece neste domingo"},"content":{"rendered":"\n<p>A celebra\u00e7\u00e3o de anivers\u00e1rio de 212 anos de <a href=\"https:\/\/aconteceemmacaeeregiao.com.br\/index.php\/category\/macae\/\" title=\"Maca\u00e9\">Maca\u00e9<\/a>, que ser\u00e1 comemorada nesta ter\u00e7a-feira (29), ser\u00e1 marcada pela 14\u00aa edi\u00e7\u00e3o do Festival Kolirius Internacional de Arte Urbana. A programa\u00e7\u00e3o est\u00e1 no muro do Col\u00e9gio Estadual Luiz Reid, Centro da cidade, das 9h \u00e0s 18h. Quem passar at\u00e9 este domingo (27) pela Rua Tenente Rui Lopes Ribeiro poder\u00e1 apreciar as o mais tradicional evento de Muralismo do pa\u00eds A interven\u00e7\u00e3o conta com o talento, criatividade e habilidade de mais de vinte artistas locais e convidados de outros estados e pa\u00edses, ou que atuam internacionalmente.<\/p>\n\n\n\n<p>A a\u00e7\u00e3o, com apoio da Prefeitura, \u00e9 idealizada pelo artista macaense Marlon Muk,e tem como objetivo refor\u00e7ar a identidade cultural da cidade. Esta edi\u00e7\u00e3o homenageia o professor e autor do hino da cidade, Ant\u00f4nio Alvarez Parada, em seu centen\u00e1rio. Todavia, os temas das obras s\u00e3o livres e abrangentes e as produ\u00e7\u00f5es ser\u00e3o criadas em diversas t\u00e9cnicas, al\u00e9m do grafite (spray). Artistas do <a href=\"https:\/\/aconteceemmacaeeregiao.com.br\/index.php\/tag\/rio-de-janeiro\/\" title=\"Rio de Janeiro\">Rio de Janeiro<\/a>, S\u00e3o Paulo, Tocantins, Goi\u00e2nia e at\u00e9 da Rep\u00fablica Dominicana, Angola e M\u00e9xico. Os participantes est\u00e3o elogiando o Festival e a passagem pela cidade.<\/p>\n\n\n<div class=\"wp-block-image\">\n<figure class=\"aligncenter size-large\"><img fetchpriority=\"high\" decoding=\"async\" width=\"1024\" height=\"683\" src=\"https:\/\/aconteceemmacaeeregiao.com.br\/wp-content\/uploads\/2025\/07\/20250725-14-Festival-Kolirius-Internacional-de-Arte-Urbana-Foto-Ana-Chaffin-13-1024x683.jpg\" alt=\"\" class=\"wp-image-20461\" srcset=\"https:\/\/aconteceemmacaeeregiao.com.br\/wp-content\/uploads\/2025\/07\/20250725-14-Festival-Kolirius-Internacional-de-Arte-Urbana-Foto-Ana-Chaffin-13-1024x683.jpg 1024w, https:\/\/aconteceemmacaeeregiao.com.br\/wp-content\/uploads\/2025\/07\/20250725-14-Festival-Kolirius-Internacional-de-Arte-Urbana-Foto-Ana-Chaffin-13-300x200.jpg 300w, https:\/\/aconteceemmacaeeregiao.com.br\/wp-content\/uploads\/2025\/07\/20250725-14-Festival-Kolirius-Internacional-de-Arte-Urbana-Foto-Ana-Chaffin-13-768x512.jpg 768w, https:\/\/aconteceemmacaeeregiao.com.br\/wp-content\/uploads\/2025\/07\/20250725-14-Festival-Kolirius-Internacional-de-Arte-Urbana-Foto-Ana-Chaffin-13-1536x1024.jpg 1536w, https:\/\/aconteceemmacaeeregiao.com.br\/wp-content\/uploads\/2025\/07\/20250725-14-Festival-Kolirius-Internacional-de-Arte-Urbana-Foto-Ana-Chaffin-13-2048x1365.jpg 2048w, https:\/\/aconteceemmacaeeregiao.com.br\/wp-content\/uploads\/2025\/07\/20250725-14-Festival-Kolirius-Internacional-de-Arte-Urbana-Foto-Ana-Chaffin-13-1200x800.jpg 1200w\" sizes=\"(max-width: 1024px) 100vw, 1024px\" \/><\/figure>\n<\/div>\n\n\n<p>Muitos artistas visitaram a cidade pela primeira vez e aprovaram a programa\u00e7\u00e3o. Moradora de S\u00e3o Paulo, Monalisa Oliveira Santos diz que est\u00e1 encantada com a programa\u00e7\u00e3o.&#8221;Estou muito feliz de estar aqui. Estou produzindo uma arte com movimento e cores. Quero retornar a Maca\u00e9, pois gostei de estar com outros artistas e compartilhar experi\u00eancias&#8221;, destacou .<\/p>\n\n\n\n<p>Tamb\u00e9m entusiasmada, a macaense Karol Castro afirmou que estar no Festival \u00e9 uma oportunidade \u00fanica. &#8220;O Festival \u00e9 uma vitrine para n\u00f3s artistas e um divisor de \u00e1gua para aqueles que se dedicam \u00e0s artes profissionalmente . &#8220;Minha arte no muro&#8221; \u00e9 em homenagem \u00e0 literatura e ao time feminino com destaque para a escritora Carolina Maria de Jesus. \u00c9 realmente muito significativo ter este interc\u00e2mbio no festival&#8221;, comentou.<\/p>\n\n\n\n<p>Para alguns participantes a volta ao Festival <a href=\"https:\/\/aconteceemmacaeeregiao.com.br\/index.php\/2024\/07\/31\/mural-homenageia-forca-feminina-no-32o-batalhao-da-pm-em-macae\/\" title=\"Mural homenageia for\u00e7a feminina no 32\u00ba Batalh\u00e3o da PM em Maca\u00e9\">Kolirius<\/a> Internacional de Arte Urbana \u00e9 uma oportunidade de encontros e reencontros. &#8220;Vim com o meu grupo Santa Crew para Maca\u00e9. A \u00faltima vez que estive aqui foi antes da pandemia e sempre consideramos este festival positivo para nossa trajet\u00f3ria&#8221;, contou Duim.<\/p>\n\n\n\n<p>Entusiasmado, o curador Marlon Muk agradeceu o apoio da Prefeitura. &#8220;Se o Governo Municipal n\u00e3o desse aten\u00e7\u00e3o ao Festival ele n\u00e3o estaria acontecendo em sua 14\u00aa edi\u00e7\u00e3o. Agrade\u00e7o \u00e0 Secretaria Estadual de <a href=\"https:\/\/aconteceemmacaeeregiao.com.br\/index.php\/tag\/cultura\/\" title=\"Cultura\">Cultura<\/a> e tamb\u00e9m ao prefeito Welberth Rezende, que elogia a programa\u00e7\u00e3o, visitou nosso ateli\u00ea e procurou conhecer nossas t\u00e9cnicas. A programa\u00e7\u00e3o \u00e9 a prova que a arte no munic\u00edpio cresce cada vez mais. Tenho certeza que este muro ficar\u00e1 maravilhoso, e fico feliz em ver a iniciativa p\u00fablica, privada e resid\u00eancias cada vez mais valorizando esta arte. Com certeza este promete ser um dos maiores e mais belos festivais que nossa cidade j\u00e1 teve a honra de receber&#8221;, disse<\/p>\n\n\n<div class=\"wp-block-image\">\n<figure class=\"aligncenter size-large\"><img decoding=\"async\" width=\"1024\" height=\"683\" data-src=\"https:\/\/aconteceemmacaeeregiao.com.br\/wp-content\/uploads\/2025\/07\/20250725-14-Festival-Kolirius-Internacional-de-Arte-Urbana-Foto-Ana-Chaffin-5-1-1024x683.jpg\" alt=\"\" class=\"wp-image-20460 lazyload\" data-srcset=\"https:\/\/aconteceemmacaeeregiao.com.br\/wp-content\/uploads\/2025\/07\/20250725-14-Festival-Kolirius-Internacional-de-Arte-Urbana-Foto-Ana-Chaffin-5-1-1024x683.jpg 1024w, https:\/\/aconteceemmacaeeregiao.com.br\/wp-content\/uploads\/2025\/07\/20250725-14-Festival-Kolirius-Internacional-de-Arte-Urbana-Foto-Ana-Chaffin-5-1-300x200.jpg 300w, https:\/\/aconteceemmacaeeregiao.com.br\/wp-content\/uploads\/2025\/07\/20250725-14-Festival-Kolirius-Internacional-de-Arte-Urbana-Foto-Ana-Chaffin-5-1-768x512.jpg 768w, https:\/\/aconteceemmacaeeregiao.com.br\/wp-content\/uploads\/2025\/07\/20250725-14-Festival-Kolirius-Internacional-de-Arte-Urbana-Foto-Ana-Chaffin-5-1-1536x1024.jpg 1536w, https:\/\/aconteceemmacaeeregiao.com.br\/wp-content\/uploads\/2025\/07\/20250725-14-Festival-Kolirius-Internacional-de-Arte-Urbana-Foto-Ana-Chaffin-5-1-2048x1365.jpg 2048w, https:\/\/aconteceemmacaeeregiao.com.br\/wp-content\/uploads\/2025\/07\/20250725-14-Festival-Kolirius-Internacional-de-Arte-Urbana-Foto-Ana-Chaffin-5-1-1200x800.jpg 1200w\" data-sizes=\"(max-width: 1024px) 100vw, 1024px\" src=\"data:image\/svg+xml;base64,PHN2ZyB3aWR0aD0iMSIgaGVpZ2h0PSIxIiB4bWxucz0iaHR0cDovL3d3dy53My5vcmcvMjAwMC9zdmciPjwvc3ZnPg==\" style=\"--smush-placeholder-width: 1024px; --smush-placeholder-aspect-ratio: 1024\/683;\" \/><\/figure>\n<\/div>\n\n\n<p>O evento \u00e9 patrocinado desde o seu lan\u00e7amento pela EDF Power Solutions. O Col\u00e9gio Estadual Luiz Reid se localiza na rua Teixeira de Gouveia, 942. Os artistas iniciaram, na manh\u00e3 desta quinta-feira (24,) os preparativos do muro para o festival.<\/p>\n\n\n\n<p>Participam do &#8217;14\u00ba Festival Kolirius Internacional de Arte Urbana&#8217;: Muk; J\u00fanior Ferreira (Mais1); Felipe Moraes (Talu); Alex Dos Santos (Fawe); Beatriz Bignone (Bia); Karol Castro (Karol); Isabela Rodrigues (Bella) e Roni Linhares (Fen2). J\u00e1 os convidados s\u00e3o: Diangani Fumu (Elohim), Angola; Eduardo Alejandro, M\u00e9xico; Ant\u00f4nio Baez (Lomotete), Rep\u00fablica Dominicana; Ludmilla Weber (Lud), Tocantins; Monaliza Oliveira (Monaliza), Goi\u00e1s; Jo\u00e3o Ernesto (Rizo); Francisco Dias (Fabiano Dias), Cear\u00e1; Hely Costa (Hely), de Belo Horizonte e S\u00e9rgio L\u00eddio (L\u00eddio), Belo Horizonte. De S\u00e3o Paulo vir\u00e3o: S\u00e9rgio Henrique (Snek), Marcos Vin\u00edcius (Tuf\u00e3o), Denys da Cunha (Evol), Jeferson Duarte (Bart), Guilherme Fernandes (Asthma), Laura Mendon\u00e7a e Weslen de Almeida (Gelin).<\/p>\n\n\n\n<p><em>Fonte: Secom Pref. Maca\u00e9<\/em><\/p>\n","protected":false},"excerpt":{"rendered":"<p>A celebra\u00e7\u00e3o de anivers\u00e1rio de 212 anos de Maca\u00e9, que ser\u00e1 comemorada nesta ter\u00e7a-feira (29), ser\u00e1 marcada pela 14\u00aa edi\u00e7\u00e3o do Festival Kolirius Internacional de Arte Urbana. A programa\u00e7\u00e3o est\u00e1 no muro do Col\u00e9gio Estadual Luiz Reid, Centro da cidade, das 9h \u00e0s 18h. Quem passar at\u00e9 este domingo (27) pela Rua Tenente Rui Lopes [&hellip;]<\/p>\n","protected":false},"author":2,"featured_media":20462,"comment_status":"closed","ping_status":"closed","sticky":false,"template":"","format":"standard","meta":{"postBodyCss":"","postBodyMargin":[],"postBodyPadding":[],"postBodyBackground":{"backgroundType":"classic","gradient":""},"footnotes":""},"categories":[86,42],"tags":[214,461,319,89],"class_list":["post-20459","post","type-post","status-publish","format-standard","has-post-thumbnail","hentry","category-cultura","category-macae","tag-artes","tag-festival","tag-grafite","tag-prefeitura"],"aioseo_notices":[],"_links":{"self":[{"href":"https:\/\/aconteceemmacaeeregiao.com.br\/index.php\/wp-json\/wp\/v2\/posts\/20459","targetHints":{"allow":["GET"]}}],"collection":[{"href":"https:\/\/aconteceemmacaeeregiao.com.br\/index.php\/wp-json\/wp\/v2\/posts"}],"about":[{"href":"https:\/\/aconteceemmacaeeregiao.com.br\/index.php\/wp-json\/wp\/v2\/types\/post"}],"author":[{"embeddable":true,"href":"https:\/\/aconteceemmacaeeregiao.com.br\/index.php\/wp-json\/wp\/v2\/users\/2"}],"replies":[{"embeddable":true,"href":"https:\/\/aconteceemmacaeeregiao.com.br\/index.php\/wp-json\/wp\/v2\/comments?post=20459"}],"version-history":[{"count":0,"href":"https:\/\/aconteceemmacaeeregiao.com.br\/index.php\/wp-json\/wp\/v2\/posts\/20459\/revisions"}],"wp:featuredmedia":[{"embeddable":true,"href":"https:\/\/aconteceemmacaeeregiao.com.br\/index.php\/wp-json\/wp\/v2\/media\/20462"}],"wp:attachment":[{"href":"https:\/\/aconteceemmacaeeregiao.com.br\/index.php\/wp-json\/wp\/v2\/media?parent=20459"}],"wp:term":[{"taxonomy":"category","embeddable":true,"href":"https:\/\/aconteceemmacaeeregiao.com.br\/index.php\/wp-json\/wp\/v2\/categories?post=20459"},{"taxonomy":"post_tag","embeddable":true,"href":"https:\/\/aconteceemmacaeeregiao.com.br\/index.php\/wp-json\/wp\/v2\/tags?post=20459"}],"curies":[{"name":"wp","href":"https:\/\/api.w.org\/{rel}","templated":true}]}}