{"id":20467,"date":"2025-07-29T18:00:07","date_gmt":"2025-07-29T21:00:07","guid":{"rendered":"https:\/\/aconteceemmacaeeregiao.com.br\/?p=20467"},"modified":"2025-07-29T18:00:08","modified_gmt":"2025-07-29T21:00:08","slug":"balizadores-reforcam-seguranca-no-calcadao-da-rui-barbosa-e-substituem-antigas-estruturas","status":"publish","type":"post","link":"https:\/\/aconteceemmacaeeregiao.com.br\/index.php\/2025\/07\/29\/balizadores-reforcam-seguranca-no-calcadao-da-rui-barbosa-e-substituem-antigas-estruturas\/","title":{"rendered":"Balizadores refor\u00e7am seguran\u00e7a no Cal\u00e7ad\u00e3o da Rui Barbosa e substituem antigas estruturas"},"content":{"rendered":"\n<p>A Prefeitura de <a href=\"https:\/\/aconteceemmacaeeregiao.com.br\/index.php\/category\/macae\/\" title=\"Maca\u00e9\">Maca\u00e9<\/a>, atrav\u00e9s da Secretaria Executiva de Servi\u00e7os P\u00fablicos, finalizou a instala\u00e7\u00e3o de balizadores de concreto no <a href=\"https:\/\/aconteceemmacaeeregiao.com.br\/index.php\/tag\/calcadao\/\" title=\"Cal\u00e7ad\u00e3o\">Cal\u00e7ad\u00e3o<\/a> da Avenida Rui Barbosa, no Centro. Esses equipamentos vieram para substituir as antigas bolas de concreto que haviam sido colocadas durante a reforma da \u00e1rea e que geraram diversas reclama\u00e7\u00f5es de comerciantes e frequentadores.<\/p>\n\n\n\n<p>Nas sess\u00f5es da <a href=\"https:\/\/aconteceemmacaeeregiao.com.br\/index.php\/tag\/camara-municipal-de-macae\/\" title=\"C\u00e2mara Municipal de Maca\u00e9\">C\u00e2mara Municipal,<\/a> foram destacados os r<a href=\"https:\/\/aconteceemmacaeeregiao.com.br\/index.php\/2024\/05\/24\/vereadores-pedem-retirada-de-esferas-do-calcadao\/\" title=\"Vereadores pedem retirada de esferas do Cal\u00e7ad\u00e3o\">iscos causados pelas bolas<\/a>, especialmente para crian\u00e7as e idosos, que chegaram a se machucar ao trope\u00e7ar nelas. Al\u00e9m da dificuldade de visualiza\u00e7\u00e3o, os relatos tamb\u00e9m apontavam para o inc\u00f4modo est\u00e9tico e a falta de funcionalidade.<br><br>Agora, os novos balizadores, al\u00e9m de serem mais altos e vis\u00edveis, t\u00eam uma fun\u00e7\u00e3o fundamental: demarcar o corredor t\u00e9cnico do cal\u00e7ad\u00e3o, por onde circulam ve\u00edculos autorizados, como viaturas policiais e transportes para carga e descarga de mercadorias destinadas ao com\u00e9rcio local. Vale lembrar que o uso de bicicletas continua proibido: quem estiver pedalando, deve descer e empurrar.<br><\/p>\n\n\n\n<div class=\"wp-block-cover aligncenter wp-duotone-rgb4448102-ffb23d-1\"><img fetchpriority=\"high\" decoding=\"async\" width=\"420\" height=\"430\" class=\"wp-block-cover__image-background wp-image-20392\" alt=\"\" src=\"https:\/\/aconteceemmacaeeregiao.com.br\/wp-content\/uploads\/2025\/07\/image-58.jpg\" data-object-fit=\"cover\" srcset=\"https:\/\/aconteceemmacaeeregiao.com.br\/wp-content\/uploads\/2025\/07\/image-58.jpg 420w, https:\/\/aconteceemmacaeeregiao.com.br\/wp-content\/uploads\/2025\/07\/image-58-293x300.jpg 293w\" sizes=\"(max-width: 420px) 100vw, 420px\" \/><span aria-hidden=\"true\" class=\"wp-block-cover__background has-background-dim\"><\/span><div class=\"wp-block-cover__inner-container is-layout-flow wp-block-cover-is-layout-flow\">\n<h2 class=\"wp-block-heading\"><a href=\"https:\/\/aconteceemmacaeeregiao.com.br\/index.php\/2025\/07\/09\/transforme-seu-corpo-e-sua-mente-com-poucos-minutos-por-dia\/\">Treine no seu tempo, com o seu corpo e sem press\u00e3o!<\/a><\/h2>\n<\/div><\/div>\n\n\n\n<blockquote class=\"wp-block-quote is-layout-flow wp-block-quote-is-layout-flow\">\n<p>\u201cO objetivo principal dessa substitui\u00e7\u00e3o \u00e9 garantir seguran\u00e7a e organizar melhor o espa\u00e7o urbano. Esses balizadores ajudam a evitar acidentes, orientam os ve\u00edculos autorizados e mant\u00eam o cal\u00e7ad\u00e3o acess\u00edvel para todos,\u201d afirmou o secret\u00e1rio executivo de Servi\u00e7os P\u00fablicos.<\/p>\n<\/blockquote>\n\n\n\n<p>A instala\u00e7\u00e3o segue um padr\u00e3o adotado pela Prefeitura em outros pontos da cidade, como orlas e pra\u00e7as, consolidando os balizadores como parte das melhorias na mobilidade e no ordenamento p\u00fablico de Maca\u00e9.<\/p>\n\n\n\n<p><em>Fonte: Secom Pref. Maca\u00e9<\/em><\/p>\n","protected":false},"excerpt":{"rendered":"<p>A Prefeitura de Maca\u00e9, atrav\u00e9s da Secretaria Executiva de Servi\u00e7os P\u00fablicos, finalizou a instala\u00e7\u00e3o de balizadores de concreto no Cal\u00e7ad\u00e3o da Avenida Rui Barbosa, no Centro. Esses equipamentos vieram para substituir as antigas bolas de concreto que haviam sido colocadas durante a reforma da \u00e1rea e que geraram diversas reclama\u00e7\u00f5es de comerciantes e frequentadores. Nas [&hellip;]<\/p>\n","protected":false},"author":2,"featured_media":20471,"comment_status":"closed","ping_status":"closed","sticky":false,"template":"","format":"standard","meta":{"postBodyCss":"","postBodyMargin":[],"postBodyPadding":[],"postBodyBackground":{"backgroundType":"classic","gradient":""},"footnotes":""},"categories":[42,44],"tags":[937,94,89],"class_list":["post-20467","post","type-post","status-publish","format-standard","has-post-thumbnail","hentry","category-macae","category-politica","tag-calcadao","tag-camara-municipal-de-macae","tag-prefeitura"],"aioseo_notices":[],"_links":{"self":[{"href":"https:\/\/aconteceemmacaeeregiao.com.br\/index.php\/wp-json\/wp\/v2\/posts\/20467","targetHints":{"allow":["GET"]}}],"collection":[{"href":"https:\/\/aconteceemmacaeeregiao.com.br\/index.php\/wp-json\/wp\/v2\/posts"}],"about":[{"href":"https:\/\/aconteceemmacaeeregiao.com.br\/index.php\/wp-json\/wp\/v2\/types\/post"}],"author":[{"embeddable":true,"href":"https:\/\/aconteceemmacaeeregiao.com.br\/index.php\/wp-json\/wp\/v2\/users\/2"}],"replies":[{"embeddable":true,"href":"https:\/\/aconteceemmacaeeregiao.com.br\/index.php\/wp-json\/wp\/v2\/comments?post=20467"}],"version-history":[{"count":0,"href":"https:\/\/aconteceemmacaeeregiao.com.br\/index.php\/wp-json\/wp\/v2\/posts\/20467\/revisions"}],"wp:featuredmedia":[{"embeddable":true,"href":"https:\/\/aconteceemmacaeeregiao.com.br\/index.php\/wp-json\/wp\/v2\/media\/20471"}],"wp:attachment":[{"href":"https:\/\/aconteceemmacaeeregiao.com.br\/index.php\/wp-json\/wp\/v2\/media?parent=20467"}],"wp:term":[{"taxonomy":"category","embeddable":true,"href":"https:\/\/aconteceemmacaeeregiao.com.br\/index.php\/wp-json\/wp\/v2\/categories?post=20467"},{"taxonomy":"post_tag","embeddable":true,"href":"https:\/\/aconteceemmacaeeregiao.com.br\/index.php\/wp-json\/wp\/v2\/tags?post=20467"}],"curies":[{"name":"wp","href":"https:\/\/api.w.org\/{rel}","templated":true}]}}