{"id":20599,"date":"2025-09-03T17:40:28","date_gmt":"2025-09-03T20:40:28","guid":{"rendered":"https:\/\/aconteceemmacaeeregiao.com.br\/?p=20599"},"modified":"2025-09-03T17:40:28","modified_gmt":"2025-09-03T20:40:28","slug":"projeto-raia-situacao-atual-e-proximos-passos-sao-apresentados-a-prefeitura","status":"publish","type":"post","link":"https:\/\/aconteceemmacaeeregiao.com.br\/index.php\/2025\/09\/03\/projeto-raia-situacao-atual-e-proximos-passos-sao-apresentados-a-prefeitura\/","title":{"rendered":"Projeto Raia: situa\u00e7\u00e3o atual e pr\u00f3ximos passos s\u00e3o apresentados \u00e0 Prefeitura"},"content":{"rendered":"\n<p>A situa\u00e7\u00e3o atual e os pr\u00f3ximos passos a serem seguidos do Projeto Raia, um dos maiores projetos de g\u00e1s natural em desenvolvimento no Brasil, da multinacional norueguesa Equinor, foram apresentados a representantes da Prefeitura de <a href=\"https:\/\/aconteceemmacaeeregiao.com.br\/index.php\/category\/macae\/\" title=\"Maca\u00e9\">Maca\u00e9 <\/a>na sede da Secretaria Municipal de Desenvolvimento Econ\u00f4mico, na manh\u00e3 desta quarta-feira (03). Alguns dos temas abordados foram meio ambiente, responsabilidade social e mobilidade urbana.<\/p>\n\n\n\n<p>O Projeto Raia est\u00e1 localizado no pr\u00e9-sal da <a href=\"https:\/\/aconteceemmacaeeregiao.com.br\/index.php\/tag\/bacia-de-campos\/\" title=\"Bacia de Campos\">Bacia de Campos<\/a>, a cerca de 175 quil\u00f4metros do munic\u00edpio de Arma\u00e7\u00e3o dos B\u00fazios, onde a l\u00e2mina d\u2019\u00e1gua varia de 2.550 a 2.860 metros. O desenvolvimento do bloco compreender\u00e1 atividades mar\u00edtimas (offshore) e terrestres (onshore), considerando o sistema de produ\u00e7\u00e3o e escoamento, bem como as demais atividades relacionadas \u00e0 produ\u00e7\u00e3o de \u00f3leo e g\u00e1s.<br><br>O sistema de produ\u00e7\u00e3o ser\u00e1 composto por uma unidade de produ\u00e7\u00e3o flutuante de armazenamento e transfer\u00eancia do tipo FPSO (&#8220;Floating Production Storage and Offloading&#8221;, em ingl\u00eas), al\u00e9m de po\u00e7os mar\u00edtimos de produ\u00e7\u00e3o de petr\u00f3leo e g\u00e1s e de inje\u00e7\u00e3o de g\u00e1s (integrantes de outro processo de licenciamento ambiental), equipamentos submarinos e um gasoduto de exporta\u00e7\u00e3o em trechos mar\u00edtimo e terrestre.<br><br>O escoamento do \u00f3leo produzido se dar\u00e1 por meio de navios aliviadores. O escoamento de g\u00e1s natural processado ser\u00e1 feito por meio de um gasoduto de exporta\u00e7\u00e3o, com cerca de 200 quil\u00f4metros de trecho mar\u00edtimo, desde a unidade de produ\u00e7\u00e3o em \u00e1guas ultra profundas at\u00e9 sua chegada em terra, na praia de Lagomar, em Maca\u00e9. O trecho terrestre do gasoduto ser\u00e1 instalado em uma faixa de dutos existente em Maca\u00e9, onde j\u00e1 existem os dutos Enchov\u00e3o e Rota 2.<br><br>&#8220;A Equinor eleva a nossa posi\u00e7\u00e3o na produ\u00e7\u00e3o, processamento e distribui\u00e7\u00e3o do g\u00e1s no Brasil. Estamos diante de um horizonte de grandes oportunidades, investimentos robustos e gera\u00e7\u00e3o de muitos empregos. \u00c9 um projeto muito amplo, gigantesco, e important\u00edssimo para a continuidade do desenvolvimento de Maca\u00e9&#8221;, afirmou o Secret\u00e1rio Municipal de Desenvolvimento Econ\u00f4mico, Rodrigo Vianna.<br><br>&#8220;O Projeto Raia tem capacidade para fornecer at\u00e9 16 milh\u00f5es de metros c\u00fabicos de g\u00e1s natural por dia, o que corresponde a 15% da demanda nacional de g\u00e1s quando estiver em produ\u00e7\u00e3o, prevista para 2028. Por ser um projeto estrat\u00e9gico para a seguran\u00e7a energ\u00e9tica do Brasil, Raia foi inclu\u00edda no Novo Programa de Acelera\u00e7\u00e3o do Crescimento (PAC). O investimento \u00e9 de cerca de US$ 9 bilh\u00f5es&#8221;, disse o coordenador de rela\u00e7\u00f5es institucionais da Equinor, Jorge Sequeira.<br><br>Tamb\u00e9m estiveram presentes o Secret\u00e1rio Executivo de Obras, Felipe Bastos; o coordenador de Urbanismo da Secretaria Executiva de Obras, Jader Gomes; e integrantes das Secretarias de Mobilidade Urbana; Ambiente Sustentabilidade e Clima; e Habita\u00e7\u00e3o. E, ainda, representantes da prestadora de servi\u00e7os da Equinor, Azevedo &amp; Travassos S.A., empresa de capital aberto que \u00e9 a holding de um grupo empresarial de infraestrutura formado por duas empresas operacionais.<\/p>\n\n\n\n<p><em>Fonte: Secom Pref. Maca\u00e9<\/em><\/p>\n","protected":false},"excerpt":{"rendered":"<p>A situa\u00e7\u00e3o atual e os pr\u00f3ximos passos a serem seguidos do Projeto Raia, um dos maiores projetos de g\u00e1s natural em desenvolvimento no Brasil, da multinacional norueguesa Equinor, foram apresentados a representantes da Prefeitura de Maca\u00e9 na sede da Secretaria Municipal de Desenvolvimento Econ\u00f4mico, na manh\u00e3 desta quarta-feira (03). Alguns dos temas abordados foram meio [&hellip;]<\/p>\n","protected":false},"author":2,"featured_media":20600,"comment_status":"closed","ping_status":"closed","sticky":false,"template":"","format":"standard","meta":{"postBodyCss":"","postBodyMargin":[],"postBodyPadding":[],"postBodyBackground":{"backgroundType":"classic","gradient":""},"footnotes":""},"categories":[45,42],"tags":[179,174,246,89],"class_list":["post-20599","post","type-post","status-publish","format-standard","has-post-thumbnail","hentry","category-economia","category-macae","tag-bacia-de-campos","tag-investimentos","tag-petroleo-e-gas","tag-prefeitura"],"aioseo_notices":[],"_links":{"self":[{"href":"https:\/\/aconteceemmacaeeregiao.com.br\/index.php\/wp-json\/wp\/v2\/posts\/20599","targetHints":{"allow":["GET"]}}],"collection":[{"href":"https:\/\/aconteceemmacaeeregiao.com.br\/index.php\/wp-json\/wp\/v2\/posts"}],"about":[{"href":"https:\/\/aconteceemmacaeeregiao.com.br\/index.php\/wp-json\/wp\/v2\/types\/post"}],"author":[{"embeddable":true,"href":"https:\/\/aconteceemmacaeeregiao.com.br\/index.php\/wp-json\/wp\/v2\/users\/2"}],"replies":[{"embeddable":true,"href":"https:\/\/aconteceemmacaeeregiao.com.br\/index.php\/wp-json\/wp\/v2\/comments?post=20599"}],"version-history":[{"count":0,"href":"https:\/\/aconteceemmacaeeregiao.com.br\/index.php\/wp-json\/wp\/v2\/posts\/20599\/revisions"}],"wp:featuredmedia":[{"embeddable":true,"href":"https:\/\/aconteceemmacaeeregiao.com.br\/index.php\/wp-json\/wp\/v2\/media\/20600"}],"wp:attachment":[{"href":"https:\/\/aconteceemmacaeeregiao.com.br\/index.php\/wp-json\/wp\/v2\/media?parent=20599"}],"wp:term":[{"taxonomy":"category","embeddable":true,"href":"https:\/\/aconteceemmacaeeregiao.com.br\/index.php\/wp-json\/wp\/v2\/categories?post=20599"},{"taxonomy":"post_tag","embeddable":true,"href":"https:\/\/aconteceemmacaeeregiao.com.br\/index.php\/wp-json\/wp\/v2\/tags?post=20599"}],"curies":[{"name":"wp","href":"https:\/\/api.w.org\/{rel}","templated":true}]}}