{"id":20613,"date":"2025-09-10T18:12:15","date_gmt":"2025-09-10T21:12:15","guid":{"rendered":"https:\/\/aconteceemmacaeeregiao.com.br\/?p=20613"},"modified":"2025-09-10T18:12:16","modified_gmt":"2025-09-10T21:12:16","slug":"secretaria-de-desenvolvimento-social-de-buzios-recebe-novo-processo-seletivo-de-empresa-do-ramo-varejista","status":"publish","type":"post","link":"https:\/\/aconteceemmacaeeregiao.com.br\/index.php\/2025\/09\/10\/secretaria-de-desenvolvimento-social-de-buzios-recebe-novo-processo-seletivo-de-empresa-do-ramo-varejista\/","title":{"rendered":"Secretaria de Desenvolvimento Social de B\u00fazios recebe novo processo seletivo de empresa do ramo varejista"},"content":{"rendered":"\n<p>A Secretaria de Desenvolvimento Social, Trabalho e Renda de <a href=\"https:\/\/aconteceemmacaeeregiao.com.br\/index.php\/tag\/buzios\/\" title=\"b\u00fazios\">B\u00fazio<\/a>s, por meio da Coordenadoria do Trabalho e Renda, abriu espa\u00e7o, no \u00faltimo dia 8 de setembro, para a realiza\u00e7\u00e3o de um processo seletivo promovido por uma empresa do ramo varejista. Diante da grande procura, a a\u00e7\u00e3o ser\u00e1 realizada novamente, nos dias 16 e 17 de setembro, ao longo do dia, at\u00e9 \u00e0s 15h, na sede da Secretaria.<\/p>\n\n\n\n<p>Diversas oportunidades est\u00e3o sendo oferecidas, abrangendo diferentes \u00e1reas de atua\u00e7\u00e3o. As vagas dispon\u00edveis s\u00e3o para: conferente, cozinheiro(a), encarregado(a) de dep\u00f3sito, encarregado(a) de mercearia, encarregado(a) de perec\u00edveis, encarregado(a) de hortifruti, encarregado(a) de patrim\u00f4nio, encarregado(a) de frente de loja, t\u00e9cnico(a) de manuten\u00e7\u00e3o, operador(a) de empilhadeira, assistente de recebimento, a\u00e7ougueiro(a), ajudante de a\u00e7ougue, operador(a) de caixa e vendedor(a) externo.<\/p>\n\n\n\n<p>Para participar do processo seletivo, os candidatos precisam apresentar os seguintes documentos: identidade, CPF, PIS, certificado de reservista, comprovante de resid\u00eancia, t\u00edtulo de eleitor e curr\u00edculo atualizado.<\/p>\n\n\n\n<p>A secret\u00e1ria de Desenvolvimento Social, Trabalho e Renda, Josiani Meira, destacou a import\u00e2ncia da iniciativa:<\/p>\n\n\n\n<p>&#8220;Nosso objetivo \u00e9 aproximar a popula\u00e7\u00e3o de B\u00fazios do mercado de trabalho, ampliando as chances de emprego e gera\u00e7\u00e3o de renda. Ao abrir as portas da Secretaria para processos seletivos como este, fortalecemos a parceria com o setor privado e garantimos que mais pessoas tenham acesso a oportunidades de forma organizada e transparente.&#8221;<\/p>\n\n\n\n<p>A iniciativa, realizada atrav\u00e9s da Coordenadoria do Trabalho e Renda, refor\u00e7a o compromisso da Prefeitura de B\u00fazios em apoiar a\u00e7\u00f5es que favore\u00e7am a inclus\u00e3o produtiva e a valoriza\u00e7\u00e3o da m\u00e3o de obra local.<\/p>\n\n\n\n<p><em>Fonte: Secom Pref de B\u00fazios<\/em><\/p>\n","protected":false},"excerpt":{"rendered":"<p>A Secretaria de Desenvolvimento Social, Trabalho e Renda de B\u00fazios, por meio da Coordenadoria do Trabalho e Renda, abriu espa\u00e7o, no \u00faltimo dia 8 de setembro, para a realiza\u00e7\u00e3o de um processo seletivo promovido por uma empresa do ramo varejista. Diante da grande procura, a a\u00e7\u00e3o ser\u00e1 realizada novamente, nos dias 16 e 17 de [&hellip;]<\/p>\n","protected":false},"author":2,"featured_media":20614,"comment_status":"closed","ping_status":"closed","sticky":false,"template":"","format":"standard","meta":{"postBodyCss":"","postBodyMargin":[],"postBodyPadding":[],"postBodyBackground":{"backgroundType":"classic","gradient":""},"footnotes":""},"categories":[168,73],"tags":[77,82,89],"class_list":["post-20613","post","type-post","status-publish","format-standard","has-post-thumbnail","hentry","category-buzios","category-emprego","tag-emprego","tag-oportunidade","tag-prefeitura"],"aioseo_notices":[],"_links":{"self":[{"href":"https:\/\/aconteceemmacaeeregiao.com.br\/index.php\/wp-json\/wp\/v2\/posts\/20613","targetHints":{"allow":["GET"]}}],"collection":[{"href":"https:\/\/aconteceemmacaeeregiao.com.br\/index.php\/wp-json\/wp\/v2\/posts"}],"about":[{"href":"https:\/\/aconteceemmacaeeregiao.com.br\/index.php\/wp-json\/wp\/v2\/types\/post"}],"author":[{"embeddable":true,"href":"https:\/\/aconteceemmacaeeregiao.com.br\/index.php\/wp-json\/wp\/v2\/users\/2"}],"replies":[{"embeddable":true,"href":"https:\/\/aconteceemmacaeeregiao.com.br\/index.php\/wp-json\/wp\/v2\/comments?post=20613"}],"version-history":[{"count":0,"href":"https:\/\/aconteceemmacaeeregiao.com.br\/index.php\/wp-json\/wp\/v2\/posts\/20613\/revisions"}],"wp:featuredmedia":[{"embeddable":true,"href":"https:\/\/aconteceemmacaeeregiao.com.br\/index.php\/wp-json\/wp\/v2\/media\/20614"}],"wp:attachment":[{"href":"https:\/\/aconteceemmacaeeregiao.com.br\/index.php\/wp-json\/wp\/v2\/media?parent=20613"}],"wp:term":[{"taxonomy":"category","embeddable":true,"href":"https:\/\/aconteceemmacaeeregiao.com.br\/index.php\/wp-json\/wp\/v2\/categories?post=20613"},{"taxonomy":"post_tag","embeddable":true,"href":"https:\/\/aconteceemmacaeeregiao.com.br\/index.php\/wp-json\/wp\/v2\/tags?post=20613"}],"curies":[{"name":"wp","href":"https:\/\/api.w.org\/{rel}","templated":true}]}}