{"id":20619,"date":"2025-09-10T18:36:07","date_gmt":"2025-09-10T21:36:07","guid":{"rendered":"https:\/\/aconteceemmacaeeregiao.com.br\/?p=20619"},"modified":"2025-09-10T18:36:08","modified_gmt":"2025-09-10T21:36:08","slug":"macae-realiza-5a-convocacao-do-programa-de-estagio","status":"publish","type":"post","link":"https:\/\/aconteceemmacaeeregiao.com.br\/index.php\/2025\/09\/10\/macae-realiza-5a-convocacao-do-programa-de-estagio\/","title":{"rendered":"Maca\u00e9 realiza 5\u00aa convoca\u00e7\u00e3o do Programa de Est\u00e1gio"},"content":{"rendered":"\n<p>A Comiss\u00e3o de Implementa\u00e7\u00e3o e Acompanhamento do Processo Seletivo Simplificado (Edital n\u00ba 003\/2024) divulgou a 5\u00aa convoca\u00e7\u00e3o do Programa de Est\u00e1gio Remunerado. A acad\u00eamica listada deve comparecer no pr\u00f3ximo dia 11, \u00e0s 13 horas, \u00e0 sede da Secretaria Municipal de Gest\u00e3o de Pessoas para celebra\u00e7\u00e3o do Termo de Compromisso de Est\u00e1gio.<\/p>\n\n\n\n<p>Durante a apresenta\u00e7\u00e3o \u00e9 indispens\u00e1vel que a convocada leve todos os documentos exigidos no subitem 11.2 do edital.<\/p>\n\n\n\n<p>O programa de<a href=\"https:\/\/aconteceemmacaeeregiao.com.br\/index.php\/tag\/estagio\/\" title=\"Est\u00e1gio\"> Est\u00e1gio<\/a> tem como objetivo proporcionar aos estudantes experi\u00eancia pr\u00e1tica em suas \u00e1reas de forma\u00e7\u00e3o, contribuindo com o desenvolvimento profissional e com o fortalecimento dos servi\u00e7os p\u00fablicos prestados pelo munic\u00edpio.<\/p>\n\n\n\n<p>A Secretaria Municipal de Gest\u00e3o de Pessoas est\u00e1 localizada na Avenida Presidente Feliciano Sodr\u00e9, n\u00famero 466, 1\u00ba andar, no Centro Administrativo Luiz Oz\u00f3rio, no Centro.<\/p>\n\n\n\n<p><em>Fonte: Secom Pref. Maca\u00e9<\/em><\/p>\n","protected":false},"excerpt":{"rendered":"<p>A Comiss\u00e3o de Implementa\u00e7\u00e3o e Acompanhamento do Processo Seletivo Simplificado (Edital n\u00ba 003\/2024) divulgou a 5\u00aa convoca\u00e7\u00e3o do Programa de Est\u00e1gio Remunerado. A acad\u00eamica listada deve comparecer no pr\u00f3ximo dia 11, \u00e0s 13 horas, \u00e0 sede da Secretaria Municipal de Gest\u00e3o de Pessoas para celebra\u00e7\u00e3o do Termo de Compromisso de Est\u00e1gio. Durante a apresenta\u00e7\u00e3o \u00e9 [&hellip;]<\/p>\n","protected":false},"author":2,"featured_media":17543,"comment_status":"closed","ping_status":"closed","sticky":false,"template":"","format":"standard","meta":{"postBodyCss":"","postBodyMargin":[],"postBodyPadding":[],"postBodyBackground":{"backgroundType":"classic","gradient":""},"footnotes":""},"categories":[73,42],"tags":[194,82,89,87],"class_list":["post-20619","post","type-post","status-publish","format-standard","has-post-thumbnail","hentry","category-emprego","category-macae","tag-estagio","tag-oportunidade","tag-prefeitura","tag-vagas"],"aioseo_notices":[],"_links":{"self":[{"href":"https:\/\/aconteceemmacaeeregiao.com.br\/index.php\/wp-json\/wp\/v2\/posts\/20619","targetHints":{"allow":["GET"]}}],"collection":[{"href":"https:\/\/aconteceemmacaeeregiao.com.br\/index.php\/wp-json\/wp\/v2\/posts"}],"about":[{"href":"https:\/\/aconteceemmacaeeregiao.com.br\/index.php\/wp-json\/wp\/v2\/types\/post"}],"author":[{"embeddable":true,"href":"https:\/\/aconteceemmacaeeregiao.com.br\/index.php\/wp-json\/wp\/v2\/users\/2"}],"replies":[{"embeddable":true,"href":"https:\/\/aconteceemmacaeeregiao.com.br\/index.php\/wp-json\/wp\/v2\/comments?post=20619"}],"version-history":[{"count":0,"href":"https:\/\/aconteceemmacaeeregiao.com.br\/index.php\/wp-json\/wp\/v2\/posts\/20619\/revisions"}],"wp:featuredmedia":[{"embeddable":true,"href":"https:\/\/aconteceemmacaeeregiao.com.br\/index.php\/wp-json\/wp\/v2\/media\/17543"}],"wp:attachment":[{"href":"https:\/\/aconteceemmacaeeregiao.com.br\/index.php\/wp-json\/wp\/v2\/media?parent=20619"}],"wp:term":[{"taxonomy":"category","embeddable":true,"href":"https:\/\/aconteceemmacaeeregiao.com.br\/index.php\/wp-json\/wp\/v2\/categories?post=20619"},{"taxonomy":"post_tag","embeddable":true,"href":"https:\/\/aconteceemmacaeeregiao.com.br\/index.php\/wp-json\/wp\/v2\/tags?post=20619"}],"curies":[{"name":"wp","href":"https:\/\/api.w.org\/{rel}","templated":true}]}}