{"id":20621,"date":"2025-09-10T18:51:02","date_gmt":"2025-09-10T21:51:02","guid":{"rendered":"https:\/\/aconteceemmacaeeregiao.com.br\/?p=20621"},"modified":"2025-09-10T18:51:03","modified_gmt":"2025-09-10T21:51:03","slug":"qualificacao-profissional-abre-inscricoes-para-15-cursos-com-426-vagas","status":"publish","type":"post","link":"https:\/\/aconteceemmacaeeregiao.com.br\/index.php\/2025\/09\/10\/qualificacao-profissional-abre-inscricoes-para-15-cursos-com-426-vagas\/","title":{"rendered":"Qualifica\u00e7\u00e3o Profissional abre inscri\u00e7\u00f5es para 15 cursos com 426 vagas"},"content":{"rendered":"\n<p>Com a proposta de preparar os moradores de<a href=\"https:\/\/aconteceemmacaeeregiao.com.br\/index.php\/category\/macae\/\" title=\"Maca\u00e9\"> Maca\u00e9<\/a> para oportunidades do mercado de trabalho, a Secretaria Executiva de Qualifica\u00e7\u00e3o Profissional est\u00e1 com inscri\u00e7\u00f5es abertas desta quarta (10) a sexta-feira (12), das 9h \u00e0s 19h, na sede do \u00f3rg\u00e3o, localizada na Rua Alfredo Backer, 363, Centro. S\u00e3o oferecidas 426 vagas em 15 cursos de diversas \u00e1reas.\u00a0<\/p>\n\n\n\n<p>Os cursos s\u00e3o: Inform\u00e1tica B\u00e1sica; Pacote Office; Auxiliar Administrativo; Forma\u00e7\u00e3o Profissional Jovem; Rotinas Administrativas para Jovem Aprendiz; Recreador Infantil; Recep\u00e7\u00e3o Hospitalar; Auxiliar de Sa\u00fade Bucal; Primeiros Socorros; Ingl\u00eas B\u00e1sico; Ingl\u00eas B\u00e1sico para Hotelaria e Turismo; Saloneiro; Taifeiro; Homem de \u00c1rea; SSP (Supervisor de Seguran\u00e7a Patrimonial).&nbsp;<a href=\"https:\/\/www.macae.rj.gov.br\/qp\/conteudo\/titulo\/editais-de-cursos-2025\">Confira o edital<\/a>.&nbsp;<br><br>Para se inscrever \u00e9 necess\u00e1rio preencher a ficha de cadastro e comparecer com os seguintes documentos originais e c\u00f3pias: documento oficial de identifica\u00e7\u00e3o com foto (Carteira de Identidade \u2013 RG ou equivalente); Cadastro de Pessoa F\u00edsica (CPF); comprovante de escolaridade; comprovante de resid\u00eancia atualizado, emitido nos \u00faltimos tr\u00eas meses, em nome do candidato, de seu c\u00f4njuge ou de um dos pais, podendo ser conta de \u00e1gua, luz ou correspond\u00eancia banc\u00e1ria emitida por ag\u00eancia f\u00edsica.<br><br>O resultado preliminar est\u00e1 previsto para o dia 20 de setembro. O resultado parcial, com a classifica\u00e7\u00e3o dos candidatos, estar\u00e1 dispon\u00edvel para consulta na Secretaria Executiva de Qualifica\u00e7\u00e3o Profissional de Maca\u00e9, bem como no site oficial da&nbsp;<a href=\"https:\/\/www.macae.rj.gov.br\/qp\/conteudo\/titulo\/editais-de-cursos-2025\">Prefeitura Municipal de Maca\u00e9<\/a>. A lista conter\u00e1 a rela\u00e7\u00e3o dos candidatos desclassificados, acompanhada da justificativa t\u00e9cnica, com base na an\u00e1lise documental realizada no ato da inscri\u00e7\u00e3o.<br><br>Os recursos podem ser realizados na sede da secretaria no dia 22 de setembro, das 9h \u00e0s 16h. O resultado final ser\u00e1 publicado no site&nbsp;<a href=\"https:\/\/www.macae.rj.gov.br\/\">www.macae.rj.gov.br<\/a>&nbsp;no dia 27 deste m\u00eas, com convoca\u00e7\u00f5es para matr\u00edcula entre os dias 29 de setembro e 1\u00ba de outubro. O in\u00edcio das aulas est\u00e1 previsto para o dia 6 de outubro.<\/p>\n\n\n\n<p><em><a href=\"https:\/\/macae.rj.gov.br\/noticias\/leitura\/noticia\/qualificacao-profissional-abre-inscricoes-para-15-cursos-com-426-vagas\" title=\"\">Fonte: Secom Pref. Maca\u00e9<\/a><\/em><\/p>\n","protected":false},"excerpt":{"rendered":"<p>Com a proposta de preparar os moradores de Maca\u00e9 para oportunidades do mercado de trabalho, a Secretaria Executiva de Qualifica\u00e7\u00e3o Profissional est\u00e1 com inscri\u00e7\u00f5es abertas desta quarta (10) a sexta-feira (12), das 9h \u00e0s 19h, na sede do \u00f3rg\u00e3o, localizada na Rua Alfredo Backer, 363, Centro. S\u00e3o oferecidas 426 vagas em 15 cursos de diversas [&hellip;]<\/p>\n","protected":false},"author":2,"featured_media":20623,"comment_status":"closed","ping_status":"closed","sticky":false,"template":"","format":"standard","meta":{"postBodyCss":"","postBodyMargin":[],"postBodyPadding":[],"postBodyBackground":{"backgroundType":"classic","gradient":""},"footnotes":""},"categories":[73,42],"tags":[132,149,82,89,87],"class_list":["post-20621","post","type-post","status-publish","format-standard","has-post-thumbnail","hentry","category-emprego","category-macae","tag-cursos-gratuitos","tag-edital","tag-oportunidade","tag-prefeitura","tag-vagas"],"aioseo_notices":[],"_links":{"self":[{"href":"https:\/\/aconteceemmacaeeregiao.com.br\/index.php\/wp-json\/wp\/v2\/posts\/20621","targetHints":{"allow":["GET"]}}],"collection":[{"href":"https:\/\/aconteceemmacaeeregiao.com.br\/index.php\/wp-json\/wp\/v2\/posts"}],"about":[{"href":"https:\/\/aconteceemmacaeeregiao.com.br\/index.php\/wp-json\/wp\/v2\/types\/post"}],"author":[{"embeddable":true,"href":"https:\/\/aconteceemmacaeeregiao.com.br\/index.php\/wp-json\/wp\/v2\/users\/2"}],"replies":[{"embeddable":true,"href":"https:\/\/aconteceemmacaeeregiao.com.br\/index.php\/wp-json\/wp\/v2\/comments?post=20621"}],"version-history":[{"count":0,"href":"https:\/\/aconteceemmacaeeregiao.com.br\/index.php\/wp-json\/wp\/v2\/posts\/20621\/revisions"}],"wp:featuredmedia":[{"embeddable":true,"href":"https:\/\/aconteceemmacaeeregiao.com.br\/index.php\/wp-json\/wp\/v2\/media\/20623"}],"wp:attachment":[{"href":"https:\/\/aconteceemmacaeeregiao.com.br\/index.php\/wp-json\/wp\/v2\/media?parent=20621"}],"wp:term":[{"taxonomy":"category","embeddable":true,"href":"https:\/\/aconteceemmacaeeregiao.com.br\/index.php\/wp-json\/wp\/v2\/categories?post=20621"},{"taxonomy":"post_tag","embeddable":true,"href":"https:\/\/aconteceemmacaeeregiao.com.br\/index.php\/wp-json\/wp\/v2\/tags?post=20621"}],"curies":[{"name":"wp","href":"https:\/\/api.w.org\/{rel}","templated":true}]}}