{"id":20625,"date":"2025-09-10T21:28:17","date_gmt":"2025-09-11T00:28:17","guid":{"rendered":"https:\/\/aconteceemmacaeeregiao.com.br\/?p=20625"},"modified":"2025-09-10T21:28:18","modified_gmt":"2025-09-11T00:28:18","slug":"grime-brasileiro-ganha-destaque-em-nova-edicao-de-evento-cultural-em-malvinas","status":"publish","type":"post","link":"https:\/\/aconteceemmacaeeregiao.com.br\/index.php\/2025\/09\/10\/grime-brasileiro-ganha-destaque-em-nova-edicao-de-evento-cultural-em-malvinas\/","title":{"rendered":"Grime brasileiro ganha destaque em nova edi\u00e7\u00e3o de evento cultural em Malvinas"},"content":{"rendered":"\n<p>A cidade se prepara para receber mais uma edi\u00e7\u00e3o da tradicional celebra\u00e7\u00e3o dedicada \u00e0 cultura Hip-Hop, marcada para o dia 20 de setembro, na Pista de Skate das<a href=\"https:\/\/aconteceemmacaeeregiao.com.br\/index.php\/tag\/malvinas\/\" title=\"Malvinas\"> Malvinas<\/a>. A programa\u00e7\u00e3o contar\u00e1 com a presen\u00e7a do rapper\u00a0<a href=\"https:\/\/www.instagram.com\/aka.afk\"><strong>@aka.afk<\/strong><\/a>, um dos nomes mais representativos da cena Grime no Brasil.<\/p>\n\n\n\n<p>Natural de S\u00e3o Paulo, o artista j\u00e1 acumula mais de 3,2 milh\u00f5es de reprodu\u00e7\u00f5es nas plataformas digitais. Ganhou notoriedade ap\u00f3s o lan\u00e7amento do \u00e1lbum BR140 e da mixtape em colabora\u00e7\u00e3o com o produtor brit\u00e2nico Felix Dubs. Com trabalhos recentes como a faixa \u201c95 Pisa na Inveja\u201d e participa\u00e7\u00f5es em projetos como M\u00fasicas pra sair na m\u00e3o, Vol.1, o MC vem expandindo os limites do g\u00eanero Grime dentro da m\u00fasica urbana brasileira.<br><br>Com passagens por palcos relevantes como o Boiler Room e o Brasil Grime Show,&nbsp;<a href=\"https:\/\/www.instagram.com\/aka.afk\"><strong>@aka.afk<\/strong><\/a>&nbsp;atualmente trabalha na produ\u00e7\u00e3o de um novo \u00e1lbum, previsto para 2025, com a proposta de aprofundar sua pesquisa est\u00e9tica e sonora.<br><br>O evento ser\u00e1 realizado das 17h \u00e0s 22h e tem como objetivo promover a valoriza\u00e7\u00e3o da cultura perif\u00e9rica e fortalecer a cena independente por meio da m\u00fasica, arte e conviv\u00eancia em espa\u00e7o p\u00fablico.<br><br><strong>Servi\u00e7o<\/strong><br><br>Data: 20 de setembro de 2025 (s\u00e1bado)<br><br>Hor\u00e1rio: das 17h \u00e0s 22h<br><br>Local: Pista de Skate das Malvinas \u2013 Rua Maria Jos\u00e9 Mahon Santos<br><br>Atra\u00e7\u00f5es:<br><br>&#8211; Graffiti com&nbsp;<a href=\"https:\/\/www.instagram.com\/ritmodocorre\"><strong>@ritmodocorre<\/strong><\/a><br><br>&#8211; Best trick Skate com premia\u00e7\u00e3o da&nbsp;<a href=\"https:\/\/www.instagram.com\/h_skate_shop\"><strong>@h_skate_shop<\/strong><\/a>&nbsp;e&nbsp;<a href=\"https:\/\/www.instagram.com\/jardinssecretos\"><strong>@jardinssecretos<\/strong><\/a><br><br>&#8211; O melhor do som com&nbsp;<a href=\"https:\/\/www.instagram.com\/djrataria\"><strong>@djrataria<\/strong><\/a><br><br>&#8211; Batalha de MCs com premia\u00e7\u00e3o da&nbsp;<a href=\"https:\/\/www.instagram.com\/reidostenisoutlet\"><strong>@reidostenisoutlet<\/strong><\/a>&nbsp;e&nbsp;<a href=\"https:\/\/www.instagram.com\/margi.original\"><strong>@margi.original<\/strong><\/a><br><br>&#8211; Brindes com a tropa da&nbsp;<a href=\"https:\/\/www.instagram.com\/loja_larva\"><strong>@loja_larva<\/strong><\/a><br><br>&#8211; Pocket Show com&nbsp;<a href=\"https:\/\/www.instagram.com\/aka.afk\"><strong>@aka.afk<\/strong><\/a>&nbsp;pela primeira vez em Maca\u00e9<br><br>&#8211; Mestre de Cerim\u00f4nias:&nbsp;<a href=\"https:\/\/www.instagram.com\/fernandokep\"><strong>@fernandokep<\/strong><\/a>&nbsp;<\/p>\n\n\n\n<p><em><a href=\"https:\/\/macae.rj.gov.br\/noticias\/leitura\/noticia\/grime-brasileiro-ganha-destaque-em-nova-edicao-de-evento-cultural-em-malvinas\" title=\"\">Fonte: Secom Pref. Maca\u00e9<\/a><\/em><\/p>\n","protected":false},"excerpt":{"rendered":"<p>A cidade se prepara para receber mais uma edi\u00e7\u00e3o da tradicional celebra\u00e7\u00e3o dedicada \u00e0 cultura Hip-Hop, marcada para o dia 20 de setembro, na Pista de Skate das Malvinas. A programa\u00e7\u00e3o contar\u00e1 com a presen\u00e7a do rapper\u00a0@aka.afk, um dos nomes mais representativos da cena Grime no Brasil. Natural de S\u00e3o Paulo, o artista j\u00e1 acumula [&hellip;]<\/p>\n","protected":false},"author":2,"featured_media":20626,"comment_status":"closed","ping_status":"closed","sticky":false,"template":"","format":"standard","meta":{"postBodyCss":"","postBodyMargin":[],"postBodyPadding":[],"postBodyBackground":{"backgroundType":"classic","gradient":""},"footnotes":""},"categories":[86,42],"tags":[72,319,89],"class_list":["post-20625","post","type-post","status-publish","format-standard","has-post-thumbnail","hentry","category-cultura","category-macae","tag-artista","tag-grafite","tag-prefeitura"],"aioseo_notices":[],"_links":{"self":[{"href":"https:\/\/aconteceemmacaeeregiao.com.br\/index.php\/wp-json\/wp\/v2\/posts\/20625","targetHints":{"allow":["GET"]}}],"collection":[{"href":"https:\/\/aconteceemmacaeeregiao.com.br\/index.php\/wp-json\/wp\/v2\/posts"}],"about":[{"href":"https:\/\/aconteceemmacaeeregiao.com.br\/index.php\/wp-json\/wp\/v2\/types\/post"}],"author":[{"embeddable":true,"href":"https:\/\/aconteceemmacaeeregiao.com.br\/index.php\/wp-json\/wp\/v2\/users\/2"}],"replies":[{"embeddable":true,"href":"https:\/\/aconteceemmacaeeregiao.com.br\/index.php\/wp-json\/wp\/v2\/comments?post=20625"}],"version-history":[{"count":0,"href":"https:\/\/aconteceemmacaeeregiao.com.br\/index.php\/wp-json\/wp\/v2\/posts\/20625\/revisions"}],"wp:featuredmedia":[{"embeddable":true,"href":"https:\/\/aconteceemmacaeeregiao.com.br\/index.php\/wp-json\/wp\/v2\/media\/20626"}],"wp:attachment":[{"href":"https:\/\/aconteceemmacaeeregiao.com.br\/index.php\/wp-json\/wp\/v2\/media?parent=20625"}],"wp:term":[{"taxonomy":"category","embeddable":true,"href":"https:\/\/aconteceemmacaeeregiao.com.br\/index.php\/wp-json\/wp\/v2\/categories?post=20625"},{"taxonomy":"post_tag","embeddable":true,"href":"https:\/\/aconteceemmacaeeregiao.com.br\/index.php\/wp-json\/wp\/v2\/tags?post=20625"}],"curies":[{"name":"wp","href":"https:\/\/api.w.org\/{rel}","templated":true}]}}