{"id":20628,"date":"2025-09-10T21:36:22","date_gmt":"2025-09-11T00:36:22","guid":{"rendered":"https:\/\/aconteceemmacaeeregiao.com.br\/?p=20628"},"modified":"2025-09-10T21:36:22","modified_gmt":"2025-09-11T00:36:22","slug":"primeiro-torneio-oficial-de-pesca-de-pipas-acontece-no-dia-20-de-setembro-em-arraial-do-cabo","status":"publish","type":"post","link":"https:\/\/aconteceemmacaeeregiao.com.br\/index.php\/2025\/09\/10\/primeiro-torneio-oficial-de-pesca-de-pipas-acontece-no-dia-20-de-setembro-em-arraial-do-cabo\/","title":{"rendered":"Primeiro torneio oficial de Pesca de Pipas acontece no dia 20 de setembro em Arraial do Cabo"},"content":{"rendered":"\n<p><a href=\"https:\/\/aconteceemmacaeeregiao.com.br\/index.php\/category\/regiao\/arraial-do-cabo\/\" title=\"Arraial do cabo\">Arraial do Cabo<\/a> vai sediar, no dia 20 de setembro, o primeiro torneio oficial de Pesca de Pipas, valorizando uma pr\u00e1tica tradicional que faz parte da identidade pesqueira da regi\u00e3o. A competi\u00e7\u00e3o ser\u00e1 realizada em Figueira, na Rua S\u00e3o Janu\u00e1rio (Rua do CRAS), das 8h \u00e0s 14h. A premia\u00e7\u00e3o acontece \u00e0s 17h, na Pra\u00e7a, durante a Feira da Massambaba.<\/p>\n\n\n\n<p>Na modalidade, os <a href=\"https:\/\/aconteceemmacaeeregiao.com.br\/index.php\/tag\/pescadores\/\" title=\"Pescadores\">pescadores<\/a> utilizam pipas para levar anz\u00f3is e iscas a \u00e1reas mais distantes no mar, aproveitando a for\u00e7a do vento. A t\u00e9cnica, transmitida entre gera\u00e7\u00f5es, exige habilidade, conhecimento dos ventos e das correntes mar\u00edtimas, al\u00e9m de expressar criatividade, estrat\u00e9gia e respeito ao ambiente marinho.<\/p>\n\n\n\n<p>O evento \u00e9 realizado pela Col\u00f4nia de Pescadores Z5 com o apoio da Prefeitura de Arraial do Cabo por meio das Secretarias de Cultura e Economia Criativa, de Turismo e de Meio Ambiente, e pela Funda\u00e7\u00e3o Instituto de Pesca de Arraial do Cabo (FIPAC) e ICMBIO.<\/p>\n\n\n\n<p>Al\u00e9m de valorizar a tradi\u00e7\u00e3o local e despertar a curiosidade sobre essa forma singular de intera\u00e7\u00e3o com o mar, o torneio prestar\u00e1 homenagem p\u00f3stuma a Leci e Almerinda Ferreira, pioneiros da pesca de pipas na regi\u00e3o, que deixaram como legado uma tradi\u00e7\u00e3o hoje reconhecida como patrim\u00f4nio cultural de Arraial do Cabo.<\/p>\n\n\n\n<p><em>Fonte: Secom Pref. Arraial do Cabo<\/em><\/p>\n","protected":false},"excerpt":{"rendered":"<p>Arraial do Cabo vai sediar, no dia 20 de setembro, o primeiro torneio oficial de Pesca de Pipas, valorizando uma pr\u00e1tica tradicional que faz parte da identidade pesqueira da regi\u00e3o. A competi\u00e7\u00e3o ser\u00e1 realizada em Figueira, na Rua S\u00e3o Janu\u00e1rio (Rua do CRAS), das 8h \u00e0s 14h. A premia\u00e7\u00e3o acontece \u00e0s 17h, na Pra\u00e7a, durante [&hellip;]<\/p>\n","protected":false},"author":2,"featured_media":20629,"comment_status":"closed","ping_status":"closed","sticky":false,"template":"","format":"standard","meta":{"postBodyCss":"","postBodyMargin":[],"postBodyPadding":[],"postBodyBackground":{"backgroundType":"classic","gradient":""},"footnotes":""},"categories":[287,200],"tags":[89,225],"class_list":["post-20628","post","type-post","status-publish","format-standard","has-post-thumbnail","hentry","category-arraial-do-cabo","category-evento","tag-prefeitura","tag-turismo"],"aioseo_notices":[],"_links":{"self":[{"href":"https:\/\/aconteceemmacaeeregiao.com.br\/index.php\/wp-json\/wp\/v2\/posts\/20628","targetHints":{"allow":["GET"]}}],"collection":[{"href":"https:\/\/aconteceemmacaeeregiao.com.br\/index.php\/wp-json\/wp\/v2\/posts"}],"about":[{"href":"https:\/\/aconteceemmacaeeregiao.com.br\/index.php\/wp-json\/wp\/v2\/types\/post"}],"author":[{"embeddable":true,"href":"https:\/\/aconteceemmacaeeregiao.com.br\/index.php\/wp-json\/wp\/v2\/users\/2"}],"replies":[{"embeddable":true,"href":"https:\/\/aconteceemmacaeeregiao.com.br\/index.php\/wp-json\/wp\/v2\/comments?post=20628"}],"version-history":[{"count":0,"href":"https:\/\/aconteceemmacaeeregiao.com.br\/index.php\/wp-json\/wp\/v2\/posts\/20628\/revisions"}],"wp:featuredmedia":[{"embeddable":true,"href":"https:\/\/aconteceemmacaeeregiao.com.br\/index.php\/wp-json\/wp\/v2\/media\/20629"}],"wp:attachment":[{"href":"https:\/\/aconteceemmacaeeregiao.com.br\/index.php\/wp-json\/wp\/v2\/media?parent=20628"}],"wp:term":[{"taxonomy":"category","embeddable":true,"href":"https:\/\/aconteceemmacaeeregiao.com.br\/index.php\/wp-json\/wp\/v2\/categories?post=20628"},{"taxonomy":"post_tag","embeddable":true,"href":"https:\/\/aconteceemmacaeeregiao.com.br\/index.php\/wp-json\/wp\/v2\/tags?post=20628"}],"curies":[{"name":"wp","href":"https:\/\/api.w.org\/{rel}","templated":true}]}}